{"id":4648,"date":"2025-08-24T16:45:51","date_gmt":"2025-08-24T16:45:51","guid":{"rendered":"https:\/\/ledenonciateur224.com\/?p=4648"},"modified":"2025-08-24T16:45:51","modified_gmt":"2025-08-24T16:45:51","slug":"disparition-des-leaders-du-fndc-ils-sont-bien-vivants-assure-taliby-dabo","status":"publish","type":"post","link":"https:\/\/ledenonciateur224.com\/index.php\/disparition-des-leaders-du-fndc-ils-sont-bien-vivants-assure-taliby-dabo\/","title":{"rendered":"Disparition des leaders du FNDC : \u00ab\u00a0Ils sont bien vivants\u00a0\u00bb, assure Taliby Dabo"},"content":{"rendered":"<p>Plus d\u2019un an apr\u00e8s la disparition myst\u00e9rieuse de figures cl\u00e9s du Front National pour la D\u00e9fense de la Constitution (FNDC), Taliby Dabo brise le silence et ravive l\u2019espoir chez de nombreux Guin\u00e9ens encore en qu\u00eate de v\u00e9rit\u00e9 sur le sort de Bilo et Foniken. Alors que les autorit\u00e9s judiciaires et le porte-parole du gouvernement affirmaient d\u00e9j\u00e0 que ces activistes n\u2019\u00e9taient pas d\u00e9tenus dans une prison guin\u00e9enne, Dabo enfonce le clou.<\/p>\n<p>Intervenant sur le sujet, l\u2019acteur politique se r\u00e9jouit de leur \u00ab\u00a0arrestation\u00a0\u00bb, qu\u2019il lie directement au combat politique du principal opposant, Cellou Dalein Diallo, qualifiant Bilo et Foniken de v\u00e9ritables \u00ab bras arm\u00e9s \u00bb de l\u2019UFDG.\u00a0\u00bbC\u2019est vous qui pensez qu\u2019ils ont disparu, mais je crois que c\u2019est pour des raisons de s\u00e9curit\u00e9 nationale. Ces hommes que vous pensez disparus mangent, s\u2019habillent, dorment et suivent tr\u00e8s bien l\u2019actualit\u00e9. Seulement, leur libert\u00e9 de mouvement est restreinte\u00a0\u00bb, a-t-il affirm\u00e9.<\/p>\n<p>Pour Taliby Dabo, la mise \u00e0 l\u2019\u00e9cart de ces figures du FNDC aurait contribu\u00e9 \u00e0 apaiser le climat sociopolitique du pays :\u00a0\u00bbEt vous avez vu que depuis qu\u2019ils sont gard\u00e9s au secret, il y a le calme et aucun probl\u00e8me. Je suis d\u2019accord que toutes ces personnes ne vivent plus comme nous en termes de libert\u00e9s. Mais, pour des raisons de s\u00e9curit\u00e9, il faut les garder au secret.\u00a0\u00bb<\/p>\n<p>Des propos qui, s\u2019ils se veulent rassurants sur l\u2019\u00e9tat de sant\u00e9 des disparus, relancent toutefois le d\u00e9bat sur les m\u00e9thodes employ\u00e9es par les autorit\u00e9s guin\u00e9ennes et la transparence autour de la d\u00e9tention d\u2019opposants politiques.<\/p>\n<p>&nbsp;<\/p>\n<p><strong>Mamoudou Cond\u00e9 pour Ledenonciateur224.com\u00a0<\/strong><\/p>\n","protected":false},"excerpt":{"rendered":"<p>Plus d\u2019un an apr\u00e8s la disparition myst\u00e9rieuse de figures cl\u00e9s du Front National pour la D\u00e9fense de la Constitution (FNDC), Taliby Dabo brise le silence et ravive l\u2019espoir chez de nombreux Guin\u00e9ens encore en qu\u00eate de v\u00e9rit\u00e9 sur le sort de Bilo et Foniken. Alors que les autorit\u00e9s judiciaires et le porte-parole du gouvernement affirmaient [&hellip;]<\/p>\n","protected":false},"author":2,"featured_media":4649,"comment_status":"open","ping_status":"open","sticky":false,"template":"","format":"standard","meta":{"_jetpack_memberships_contains_paid_content":false,"footnotes":"","jetpack_publicize_message":"","jetpack_publicize_feature_enabled":true,"jetpack_social_post_already_shared":true,"jetpack_social_options":{"image_generator_settings":{"template":"highway","default_image_id":0,"font":"","enabled":false},"version":2}},"categories":[30,24],"tags":[1099,74],"class_list":{"0":"post-4648","1":"post","2":"type-post","3":"status-publish","4":"format-standard","5":"has-post-thumbnail","7":"category-faits-divers","8":"category-news","9":"tag-taliby-dabo","10":"tag-fndc"},"jetpack_publicize_connections":[],"jetpack_featured_media_url":"https:\/\/ledenonciateur224.com\/wp-content\/uploads\/2025\/08\/img-20250823-wa0013.jpg","jetpack_sharing_enabled":true,"_links":{"self":[{"href":"https:\/\/ledenonciateur224.com\/index.php\/wp-json\/wp\/v2\/posts\/4648","targetHints":{"allow":["GET"]}}],"collection":[{"href":"https:\/\/ledenonciateur224.com\/index.php\/wp-json\/wp\/v2\/posts"}],"about":[{"href":"https:\/\/ledenonciateur224.com\/index.php\/wp-json\/wp\/v2\/types\/post"}],"author":[{"embeddable":true,"href":"https:\/\/ledenonciateur224.com\/index.php\/wp-json\/wp\/v2\/users\/2"}],"replies":[{"embeddable":true,"href":"https:\/\/ledenonciateur224.com\/index.php\/wp-json\/wp\/v2\/comments?post=4648"}],"version-history":[{"count":0,"href":"https:\/\/ledenonciateur224.com\/index.php\/wp-json\/wp\/v2\/posts\/4648\/revisions"}],"wp:featuredmedia":[{"embeddable":true,"href":"https:\/\/ledenonciateur224.com\/index.php\/wp-json\/wp\/v2\/media\/4649"}],"wp:attachment":[{"href":"https:\/\/ledenonciateur224.com\/index.php\/wp-json\/wp\/v2\/media?parent=4648"}],"wp:term":[{"taxonomy":"category","embeddable":true,"href":"https:\/\/ledenonciateur224.com\/index.php\/wp-json\/wp\/v2\/categories?post=4648"},{"taxonomy":"post_tag","embeddable":true,"href":"https:\/\/ledenonciateur224.com\/index.php\/wp-json\/wp\/v2\/tags?post=4648"}],"curies":[{"name":"wp","href":"https:\/\/api.w.org\/{rel}","templated":true}]}}