{"id":4656,"date":"2025-08-25T10:09:28","date_gmt":"2025-08-25T10:09:28","guid":{"rendered":"https:\/\/ledenonciateur224.com\/?p=4656"},"modified":"2025-08-25T10:09:28","modified_gmt":"2025-08-25T10:09:28","slug":"retour-de-la-delegation-guineenne-du-chan-un-vol-special-met-fin-a-une-attente-eprouvante","status":"publish","type":"post","link":"https:\/\/ledenonciateur224.com\/index.php\/retour-de-la-delegation-guineenne-du-chan-un-vol-special-met-fin-a-une-attente-eprouvante\/","title":{"rendered":"Retour de la d\u00e9l\u00e9gation guin\u00e9enne du CHAN : un vol sp\u00e9cial met fin \u00e0 une attente \u00e9prouvante"},"content":{"rendered":"<p>Apr\u00e8s plusieurs jours d\u2019incertitude et de reports successifs, la d\u00e9l\u00e9gation guin\u00e9enne partie en Ouganda dans le cadre du Championnat d\u2019Afrique des Nations (CHAN) est enfin rentr\u00e9e \u00e0 Conakry dans la nuit du lundi 25 ao\u00fbt 2025.<\/p>\n<p>Le groupe \u2014 compos\u00e9 de joueurs de l\u2019\u00e9quipe nationale locale, de leur encadrement technique, de journalistes, de supporters et de cadres du minist\u00e8re des Sports \u2014 a atterri \u00e0 3h15 \u00e0 l\u2019a\u00e9roport international Ahmed S\u00e9kou Tour\u00e9, \u00e0 bord d\u2019un vol sp\u00e9cial affr\u00e9t\u00e9 par l\u2019\u00c9tat guin\u00e9en.<\/p>\n<p>\u00c0 leur arriv\u00e9e, les membres de la d\u00e9l\u00e9gation ont \u00e9t\u00e9 chaleureusement accueillis par le ministre des Sports,\u00a0<strong>K\u00e9amou Bogola Haba<\/strong>, accompagn\u00e9 du secr\u00e9taire g\u00e9n\u00e9ral de la FGF,\u00a0<strong>Ibrahima Barry (Blasco)<\/strong>. Dans une ambiance empreinte de soulagement, de sourires et d\u2019accolades, le ministre a salu\u00e9 le retour de ses compatriotes :<em>\u00ab Au nom du Pr\u00e9sident de la R\u00e9publique, du Premier ministre et de l\u2019ensemble du gouvernement, nous sommes venus vous souhaiter la bienvenue et dire combien nous sommes fiers de vous voir rentrer sains et saufs \u00bb<\/em>, a-t-il d\u00e9clar\u00e9.<\/p>\n<p>Ce retour, longtemps retard\u00e9, s\u2019explique par des difficult\u00e9s logistiques. Le ministre a r\u00e9v\u00e9l\u00e9 que l\u2019\u00c9tat avait d\u00fb faire face \u00e0 des complications dans la recherche d\u2019un appareil, notamment \u00e0 cause de l\u2019indisponibilit\u00e9 d\u2019avions affr\u00e9t\u00e9s et des autorisations de survol.<em>\u00ab Le premier appareil trouv\u00e9 n\u2019a pas tenu ses engagements. Il a fallu trouver une solution fiable, et c\u2019est ce que nous avons fait. L\u2019\u00c9tat a assum\u00e9 toutes les d\u00e9marches n\u00e9cessaires \u00bb<\/em>, a pr\u00e9cis\u00e9 Bogola Haba.<\/p>\n<p>Soulag\u00e9es, les autorit\u00e9s ont veill\u00e9 \u00e0 ce que les membres de la d\u00e9l\u00e9gation r\u00e9cup\u00e8rent leurs bagages, avant d\u2019organiser leur retour \u00e0 domicile via des bus mis \u00e0 disposition par le minist\u00e8re.<\/p>\n<p>Ce rapatriement marque la fin d\u2019un \u00e9pisode d\u00e9licat pour la d\u00e9l\u00e9gation guin\u00e9enne, \u00e9limin\u00e9e du CHAN d\u00e8s le 15 ao\u00fbt mais rest\u00e9e bloqu\u00e9e \u00e0 Kampala plusieurs jours apr\u00e8s la fin de son parcours sportif.<\/p>\n<p>&nbsp;<\/p>\n<p>Ledenonciateur224.com<\/p>\n","protected":false},"excerpt":{"rendered":"<p>Apr\u00e8s plusieurs jours d\u2019incertitude et de reports successifs, la d\u00e9l\u00e9gation guin\u00e9enne partie en Ouganda dans le cadre du Championnat d\u2019Afrique des Nations (CHAN) est enfin rentr\u00e9e \u00e0 Conakry dans la nuit du lundi 25 ao\u00fbt 2025. Le groupe \u2014 compos\u00e9 de joueurs de l\u2019\u00e9quipe nationale locale, de leur encadrement technique, de journalistes, de supporters et [&hellip;]<\/p>\n","protected":false},"author":2,"featured_media":4657,"comment_status":"open","ping_status":"open","sticky":false,"template":"","format":"standard","meta":{"_jetpack_memberships_contains_paid_content":false,"footnotes":"","jetpack_publicize_message":"","jetpack_publicize_feature_enabled":true,"jetpack_social_post_already_shared":true,"jetpack_social_options":{"image_generator_settings":{"template":"highway","default_image_id":0,"font":"","enabled":false},"version":2}},"categories":[24,34],"tags":[1101,1060],"class_list":{"0":"post-4656","1":"post","2":"type-post","3":"status-publish","4":"format-standard","5":"has-post-thumbnail","7":"category-news","8":"category-sport","9":"tag-ministre-bogola","10":"tag-syli-local"},"jetpack_publicize_connections":[],"jetpack_featured_media_url":"https:\/\/ledenonciateur224.com\/wp-content\/uploads\/2025\/08\/1000384325-768x576-1.jpg","jetpack_sharing_enabled":true,"_links":{"self":[{"href":"https:\/\/ledenonciateur224.com\/index.php\/wp-json\/wp\/v2\/posts\/4656","targetHints":{"allow":["GET"]}}],"collection":[{"href":"https:\/\/ledenonciateur224.com\/index.php\/wp-json\/wp\/v2\/posts"}],"about":[{"href":"https:\/\/ledenonciateur224.com\/index.php\/wp-json\/wp\/v2\/types\/post"}],"author":[{"embeddable":true,"href":"https:\/\/ledenonciateur224.com\/index.php\/wp-json\/wp\/v2\/users\/2"}],"replies":[{"embeddable":true,"href":"https:\/\/ledenonciateur224.com\/index.php\/wp-json\/wp\/v2\/comments?post=4656"}],"version-history":[{"count":0,"href":"https:\/\/ledenonciateur224.com\/index.php\/wp-json\/wp\/v2\/posts\/4656\/revisions"}],"wp:featuredmedia":[{"embeddable":true,"href":"https:\/\/ledenonciateur224.com\/index.php\/wp-json\/wp\/v2\/media\/4657"}],"wp:attachment":[{"href":"https:\/\/ledenonciateur224.com\/index.php\/wp-json\/wp\/v2\/media?parent=4656"}],"wp:term":[{"taxonomy":"category","embeddable":true,"href":"https:\/\/ledenonciateur224.com\/index.php\/wp-json\/wp\/v2\/categories?post=4656"},{"taxonomy":"post_tag","embeddable":true,"href":"https:\/\/ledenonciateur224.com\/index.php\/wp-json\/wp\/v2\/tags?post=4656"}],"curies":[{"name":"wp","href":"https:\/\/api.w.org\/{rel}","templated":true}]}}