{"id":4663,"date":"2025-08-25T19:07:21","date_gmt":"2025-08-25T19:07:21","guid":{"rendered":"https:\/\/ledenonciateur224.com\/?p=4663"},"modified":"2025-08-25T19:07:21","modified_gmt":"2025-08-25T19:07:21","slug":"referendum-du-21-septembre-la-hac-convoque-les-acteurs-politiques-et-civils-pour-une-reunion-strategique","status":"publish","type":"post","link":"https:\/\/ledenonciateur224.com\/index.php\/referendum-du-21-septembre-la-hac-convoque-les-acteurs-politiques-et-civils-pour-une-reunion-strategique\/","title":{"rendered":"R\u00e9f\u00e9rendum du 21 septembre : La HAC convoque les acteurs politiques et civils pour une r\u00e9union strat\u00e9gique"},"content":{"rendered":"<p>Dans un communiqu\u00e9 transmis \u00e0 notre r\u00e9daction ce lundi 25 ao\u00fbt 2025, la Haute Autorit\u00e9 de la Communication (HAC) annonce la tenue d&rsquo;une r\u00e9union de prise de contact en amont du R\u00e9f\u00e9rendum constitutionnel pr\u00e9vu pour le 21 septembre prochain.<\/p>\n<p>Cette rencontre, qui se veut une \u00e9tape cl\u00e9 dans le dispositif de couverture m\u00e9diatique du processus r\u00e9f\u00e9rendaire, est programm\u00e9e pour le <strong>mercredi 27 ao\u00fbt \u00e0 11 heures<\/strong>, au <strong>si\u00e8ge de l\u2019institution<\/strong>.<\/p>\n<p>Selon le document officiel, la HAC convie \u00e0 cette r\u00e9union l\u2019ensemble des <strong>partis politiques<\/strong>, des <strong>plateformes de la soci\u00e9t\u00e9 civile reconnues par l\u2019\u00c9tat<\/strong>, ainsi que les <strong>mouvements de soutien<\/strong> aux diff\u00e9rentes opinions exprim\u00e9es autour du projet de nouvelle Constitution. Objectif : garantir un acc\u00e8s \u00e9quitable aux m\u00e9dias et poser les bases d\u2019un traitement \u00e9quilibr\u00e9 de l\u2019information durant toute la campagne r\u00e9f\u00e9rendaire.<\/p>\n<p><strong>Ci-dessous, l&rsquo;int\u00e9gralit\u00e9 du communiqu\u00e9 de la HAC.<\/strong><\/p>\n<p><img loading=\"lazy\" decoding=\"async\" class=\"alignnone size-full wp-image-4664\" src=\"https:\/\/ledenonciateur224.com\/wp-content\/uploads\/2025\/08\/screenshot-20250825-171055-wps-office2.jpg\" alt=\"\" width=\"1080\" height=\"1497\" srcset=\"https:\/\/ledenonciateur224.com\/wp-content\/uploads\/2025\/08\/screenshot-20250825-171055-wps-office2.jpg 1080w, https:\/\/ledenonciateur224.com\/wp-content\/uploads\/2025\/08\/screenshot-20250825-171055-wps-office2-216x300.jpg 216w, https:\/\/ledenonciateur224.com\/wp-content\/uploads\/2025\/08\/screenshot-20250825-171055-wps-office2-739x1024.jpg 739w, https:\/\/ledenonciateur224.com\/wp-content\/uploads\/2025\/08\/screenshot-20250825-171055-wps-office2-768x1065.jpg 768w, https:\/\/ledenonciateur224.com\/wp-content\/uploads\/2025\/08\/screenshot-20250825-171055-wps-office2-150x208.jpg 150w, https:\/\/ledenonciateur224.com\/wp-content\/uploads\/2025\/08\/screenshot-20250825-171055-wps-office2-300x416.jpg 300w, https:\/\/ledenonciateur224.com\/wp-content\/uploads\/2025\/08\/screenshot-20250825-171055-wps-office2-696x965.jpg 696w, https:\/\/ledenonciateur224.com\/wp-content\/uploads\/2025\/08\/screenshot-20250825-171055-wps-office2-1068x1480.jpg 1068w, https:\/\/ledenonciateur224.com\/wp-content\/uploads\/2025\/08\/screenshot-20250825-171055-wps-office2-303x420.jpg 303w\" sizes=\"auto, (max-width: 1080px) 100vw, 1080px\" \/><\/p>\n","protected":false},"excerpt":{"rendered":"<p>Dans un communiqu\u00e9 transmis \u00e0 notre r\u00e9daction ce lundi 25 ao\u00fbt 2025, la Haute Autorit\u00e9 de la Communication (HAC) annonce la tenue d&rsquo;une r\u00e9union de prise de contact en amont du R\u00e9f\u00e9rendum constitutionnel pr\u00e9vu pour le 21 septembre prochain. Cette rencontre, qui se veut une \u00e9tape cl\u00e9 dans le dispositif de couverture m\u00e9diatique du processus [&hellip;]<\/p>\n","protected":false},"author":2,"featured_media":4665,"comment_status":"open","ping_status":"open","sticky":false,"template":"","format":"standard","meta":{"_jetpack_memberships_contains_paid_content":false,"footnotes":"","jetpack_publicize_message":"","jetpack_publicize_feature_enabled":true,"jetpack_social_post_already_shared":true,"jetpack_social_options":{"image_generator_settings":{"template":"highway","default_image_id":0,"font":"","enabled":false},"version":2}},"categories":[24,27],"tags":[680,1102],"class_list":{"0":"post-4663","1":"post","2":"type-post","3":"status-publish","4":"format-standard","5":"has-post-thumbnail","7":"category-news","8":"category-politique","9":"tag-acteur-politique","10":"tag-hac"},"jetpack_publicize_connections":[],"jetpack_featured_media_url":"https:\/\/ledenonciateur224.com\/wp-content\/uploads\/2025\/08\/img-20250323-wa0033.jpg","jetpack_sharing_enabled":true,"_links":{"self":[{"href":"https:\/\/ledenonciateur224.com\/index.php\/wp-json\/wp\/v2\/posts\/4663","targetHints":{"allow":["GET"]}}],"collection":[{"href":"https:\/\/ledenonciateur224.com\/index.php\/wp-json\/wp\/v2\/posts"}],"about":[{"href":"https:\/\/ledenonciateur224.com\/index.php\/wp-json\/wp\/v2\/types\/post"}],"author":[{"embeddable":true,"href":"https:\/\/ledenonciateur224.com\/index.php\/wp-json\/wp\/v2\/users\/2"}],"replies":[{"embeddable":true,"href":"https:\/\/ledenonciateur224.com\/index.php\/wp-json\/wp\/v2\/comments?post=4663"}],"version-history":[{"count":0,"href":"https:\/\/ledenonciateur224.com\/index.php\/wp-json\/wp\/v2\/posts\/4663\/revisions"}],"wp:featuredmedia":[{"embeddable":true,"href":"https:\/\/ledenonciateur224.com\/index.php\/wp-json\/wp\/v2\/media\/4665"}],"wp:attachment":[{"href":"https:\/\/ledenonciateur224.com\/index.php\/wp-json\/wp\/v2\/media?parent=4663"}],"wp:term":[{"taxonomy":"category","embeddable":true,"href":"https:\/\/ledenonciateur224.com\/index.php\/wp-json\/wp\/v2\/categories?post=4663"},{"taxonomy":"post_tag","embeddable":true,"href":"https:\/\/ledenonciateur224.com\/index.php\/wp-json\/wp\/v2\/tags?post=4663"}],"curies":[{"name":"wp","href":"https:\/\/api.w.org\/{rel}","templated":true}]}}