{"id":4667,"date":"2025-08-25T21:02:20","date_gmt":"2025-08-25T21:02:20","guid":{"rendered":"https:\/\/ledenonciateur224.com\/?p=4667"},"modified":"2025-08-25T22:33:47","modified_gmt":"2025-08-25T22:33:47","slug":"rentree-scolaire-2025-2026-le-mepu-a-fixe-le-cap-au-25-septembre","status":"publish","type":"post","link":"https:\/\/ledenonciateur224.com\/index.php\/rentree-scolaire-2025-2026-le-mepu-a-fixe-le-cap-au-25-septembre\/","title":{"rendered":"Rentr\u00e9e scolaire 2025-2026 : le MEPU-A fixe le cap au 15 septembre"},"content":{"rendered":"<p>&nbsp;<\/p>\n<p>Le minist\u00e8re de l\u2019Enseignement Pr\u00e9-Universitaire et de l\u2019Alphab\u00e9tisation (MEPU-A) a officiellement annonc\u00e9, ce lundi 25 ao\u00fbt 2025, la date de la rentr\u00e9e scolaire pour l\u2019ann\u00e9e acad\u00e9mique 2025-2026.<\/p>\n<p>Selon les pr\u00e9cisions fournies par le d\u00e9partement dirig\u00e9 par Jean Paul C\u00e8dy, la reprise des cours est fix\u00e9e au <strong>jeudi 15 septembre 2025<\/strong>, sur toute l\u2019\u00e9tendue du territoire national, notamment pour les \u00e9tablissements du secondaire.<\/p>\n<p>Cette d\u00e9cision, prise \u00e0 l\u2019issue du conseil de cabinet tenu ce m\u00eame jour, vise \u00e0 assurer un d\u00e9roulement optimal de l\u2019ann\u00e9e scolaire. Le minist\u00e8re entend garantir <strong>neuf mois pleins d\u2019apprentissage effectif<\/strong>, dans un calendrier ma\u00eetris\u00e9, favorisant \u00e0 la fois la qualit\u00e9 de l\u2019enseignement et le respect des programmes p\u00e9dagogiques.<\/p>\n<p>Le MEPU-A appelle donc les acteurs du syst\u00e8me \u00e9ducatif \u2014 \u00e9l\u00e8ves, parents, enseignants et encadreurs \u2014 \u00e0 se mobiliser d\u00e8s \u00e0 pr\u00e9sent pour une rentr\u00e9e r\u00e9ussie.<\/p>\n<p>&nbsp;<\/p>\n<p>Ledenonciateur224.com<\/p>\n","protected":false},"excerpt":{"rendered":"<p>&nbsp; Le minist\u00e8re de l\u2019Enseignement Pr\u00e9-Universitaire et de l\u2019Alphab\u00e9tisation (MEPU-A) a officiellement annonc\u00e9, ce lundi 25 ao\u00fbt 2025, la date de la rentr\u00e9e scolaire pour l\u2019ann\u00e9e acad\u00e9mique 2025-2026. Selon les pr\u00e9cisions fournies par le d\u00e9partement dirig\u00e9 par Jean Paul C\u00e8dy, la reprise des cours est fix\u00e9e au jeudi 15 septembre 2025, sur toute l\u2019\u00e9tendue du [&hellip;]<\/p>\n","protected":false},"author":2,"featured_media":4668,"comment_status":"open","ping_status":"open","sticky":false,"template":"","format":"standard","meta":{"_jetpack_memberships_contains_paid_content":false,"footnotes":"","jetpack_publicize_message":"","jetpack_publicize_feature_enabled":true,"jetpack_social_post_already_shared":true,"jetpack_social_options":{"image_generator_settings":{"template":"highway","default_image_id":0,"font":"","enabled":false},"version":2}},"categories":[30,24],"tags":[810,1103],"class_list":{"0":"post-4667","1":"post","2":"type-post","3":"status-publish","4":"format-standard","5":"has-post-thumbnail","7":"category-faits-divers","8":"category-news","9":"tag-education-nationale","10":"tag-scolaire"},"jetpack_publicize_connections":[],"jetpack_featured_media_url":"https:\/\/ledenonciateur224.com\/wp-content\/uploads\/2025\/08\/jean-paul-cedy.png","jetpack_sharing_enabled":true,"_links":{"self":[{"href":"https:\/\/ledenonciateur224.com\/index.php\/wp-json\/wp\/v2\/posts\/4667","targetHints":{"allow":["GET"]}}],"collection":[{"href":"https:\/\/ledenonciateur224.com\/index.php\/wp-json\/wp\/v2\/posts"}],"about":[{"href":"https:\/\/ledenonciateur224.com\/index.php\/wp-json\/wp\/v2\/types\/post"}],"author":[{"embeddable":true,"href":"https:\/\/ledenonciateur224.com\/index.php\/wp-json\/wp\/v2\/users\/2"}],"replies":[{"embeddable":true,"href":"https:\/\/ledenonciateur224.com\/index.php\/wp-json\/wp\/v2\/comments?post=4667"}],"version-history":[{"count":0,"href":"https:\/\/ledenonciateur224.com\/index.php\/wp-json\/wp\/v2\/posts\/4667\/revisions"}],"wp:featuredmedia":[{"embeddable":true,"href":"https:\/\/ledenonciateur224.com\/index.php\/wp-json\/wp\/v2\/media\/4668"}],"wp:attachment":[{"href":"https:\/\/ledenonciateur224.com\/index.php\/wp-json\/wp\/v2\/media?parent=4667"}],"wp:term":[{"taxonomy":"category","embeddable":true,"href":"https:\/\/ledenonciateur224.com\/index.php\/wp-json\/wp\/v2\/categories?post=4667"},{"taxonomy":"post_tag","embeddable":true,"href":"https:\/\/ledenonciateur224.com\/index.php\/wp-json\/wp\/v2\/tags?post=4667"}],"curies":[{"name":"wp","href":"https:\/\/api.w.org\/{rel}","templated":true}]}}