{"id":4678,"date":"2025-08-26T13:09:39","date_gmt":"2025-08-26T13:09:39","guid":{"rendered":"https:\/\/ledenonciateur224.com\/?p=4678"},"modified":"2025-08-26T13:09:39","modified_gmt":"2025-08-26T13:09:39","slug":"renforcement-de-la-cooperation-energetique-le-ministre-namory-camara-en-mission-de-travail-en-turquie","status":"publish","type":"post","link":"https:\/\/ledenonciateur224.com\/index.php\/renforcement-de-la-cooperation-energetique-le-ministre-namory-camara-en-mission-de-travail-en-turquie\/","title":{"rendered":"Renforcement de la coop\u00e9ration \u00e9nerg\u00e9tique : le Ministre Namory Camara en mission de travail en Turquie\u00a0"},"content":{"rendered":"<p>Dans le cadre de la politique \u00e9nerg\u00e9tique impuls\u00e9e par le Gouvernement sous le leadership de Son \ud835\udc04\ud835\udc31\ud835\udc1c\ud835\udc1e\ud835\udc25\ud835\udc25\ud835\udc1e\ud835\udc27\ud835\udc1c\ud835\udc1e \ud835\udc25\ud835\udc1e \ud835\udc0f\ud835\udc2b\ud835\udc1e\ud835\udc2c\ud835\udc22\ud835\udc1d\ud835\udc1e\ud835\udc27\ud835\udc2d \ud835\udc1d\ud835\udc1e \ud835\udc25\ud835\udc1a \ud835\udc11\ud835\udc1e\ud835\udc29\ud835\udc2e\ud835\udc1b\ud835\udc25\ud835\udc22\ud835\udc2a\ud835\udc2e\ud835\udc1e, \ud835\udc06\ud835\udc1e\ud835\udc27\ud835\udc1e\ud835\udc2b\ud835\udc1a\ud835\udc25 \ud835\udc0c\ud835\udc1a\ud835\udc26\ud835\udc1a\ud835\udc1d\ud835\udc22 \ud835\udc03\ud835\udc28\ud835\udc2e\ud835\udc26\ud835\udc1b\ud835\udc28\ud835\udc2e\ud835\udc32\ud835\udc1a, \ud835\udc25\ud835\udc1e \ud835\udc0c\ud835\udc22\ud835\udc27\ud835\udc22\ud835\udc2c\ud835\udc2d\ud835\udc1e\ud835\udc2b\ud835\udc1e \ud835\udc1d\ud835\udc1e \ud835\udc25\u2019\ud835\udc04\ud835\udc27\ud835\udc1e\ud835\udc2b\ud835\udc20\ud835\udc22\ud835\udc1e, \ud835\udc1c\ud835\udc28\ud835\udc27\ud835\udc1d\ud835\udc2e\ud835\udc22\ud835\udc2d \ud835\udc29\ud835\udc1a\ud835\udc2b \ud835\udc0c\ud835\udc28\ud835\udc27\ud835\udc2c\ud835\udc22\ud835\udc1e\ud835\udc2e\ud835\udc2b \ud835\udc0d\ud835\udc1a\ud835\udc26\ud835\udc28\ud835\udc2b\ud835\udc32 \ud835\udc02\ud835\udc1a\ud835\udc26\ud835\udc1a\ud835\udc2b\ud835\udc1a, poursuit ses efforts pour garantir une desserte \u00e9lectrique fiable et durable en Guin\u00e9e.<\/p>\n<p><img loading=\"lazy\" decoding=\"async\" class=\"alignnone size-full wp-image-4679\" src=\"https:\/\/ledenonciateur224.com\/wp-content\/uploads\/2025\/08\/img-20250826-wa0049.jpg\" alt=\"\" width=\"1280\" height=\"854\" srcset=\"https:\/\/ledenonciateur224.com\/wp-content\/uploads\/2025\/08\/img-20250826-wa0049.jpg 1280w, https:\/\/ledenonciateur224.com\/wp-content\/uploads\/2025\/08\/img-20250826-wa0049-300x200.jpg 300w, https:\/\/ledenonciateur224.com\/wp-content\/uploads\/2025\/08\/img-20250826-wa0049-1024x683.jpg 1024w, https:\/\/ledenonciateur224.com\/wp-content\/uploads\/2025\/08\/img-20250826-wa0049-768x512.jpg 768w, https:\/\/ledenonciateur224.com\/wp-content\/uploads\/2025\/08\/img-20250826-wa0049-150x100.jpg 150w, https:\/\/ledenonciateur224.com\/wp-content\/uploads\/2025\/08\/img-20250826-wa0049-696x464.jpg 696w, https:\/\/ledenonciateur224.com\/wp-content\/uploads\/2025\/08\/img-20250826-wa0049-1068x713.jpg 1068w, https:\/\/ledenonciateur224.com\/wp-content\/uploads\/2025\/08\/img-20250826-wa0049-630x420.jpg 630w\" sizes=\"auto, (max-width: 1280px) 100vw, 1280px\" \/><\/p>\n<p>En s\u00e9jour de travail en \ud835\udc11\ud835\udc1e\ud835\udc29\ud835\udc2e\ud835\udc1b\ud835\udc25\ud835\udc22\ud835\udc2a\ud835\udc2e\ud835\udc1e \ud835\udc1d\ud835\udc1e \ud835\udc13\ud835\udc2e\ud835\udc2b\ud835\udc2a\ud835\udc2e\ud835\udc22\ud835\udc1e, le Ministre multiplie les rencontres avec les autorit\u00e9s et responsables de grandes soci\u00e9t\u00e9s \u00e9nerg\u00e9tiques, afin de consolider les partenariats strat\u00e9giques et d\u2019attirer de nouveaux investissements dans le secteur.<\/p>\n<p><img loading=\"lazy\" decoding=\"async\" class=\"alignnone size-full wp-image-4680\" src=\"https:\/\/ledenonciateur224.com\/wp-content\/uploads\/2025\/08\/img-20250826-wa0048.jpg\" alt=\"\" width=\"1280\" height=\"854\" srcset=\"https:\/\/ledenonciateur224.com\/wp-content\/uploads\/2025\/08\/img-20250826-wa0048.jpg 1280w, https:\/\/ledenonciateur224.com\/wp-content\/uploads\/2025\/08\/img-20250826-wa0048-300x200.jpg 300w, https:\/\/ledenonciateur224.com\/wp-content\/uploads\/2025\/08\/img-20250826-wa0048-1024x683.jpg 1024w, https:\/\/ledenonciateur224.com\/wp-content\/uploads\/2025\/08\/img-20250826-wa0048-768x512.jpg 768w, https:\/\/ledenonciateur224.com\/wp-content\/uploads\/2025\/08\/img-20250826-wa0048-150x100.jpg 150w, https:\/\/ledenonciateur224.com\/wp-content\/uploads\/2025\/08\/img-20250826-wa0048-696x464.jpg 696w, https:\/\/ledenonciateur224.com\/wp-content\/uploads\/2025\/08\/img-20250826-wa0048-1068x713.jpg 1068w, https:\/\/ledenonciateur224.com\/wp-content\/uploads\/2025\/08\/img-20250826-wa0048-630x420.jpg 630w\" sizes=\"auto, (max-width: 1280px) 100vw, 1280px\" \/><\/p>\n<p>Dans la matin\u00e9e de ce mardi, Monsieur le Ministre a rencontr\u00e9 les responsables du \ud835\udc06\ud835\udc2b\ud835\udc28\ud835\udc2e\ud835\udc29\ud835\udc1e \ud835\udc00\ud835\udc0a\ud835\udc12\ud835\udc00 \ud835\udc04\ud835\udc27\ud835\udc1e\ud835\udc2b\ud835\udc20\ud835\udc22\ud835\udc1e.<\/p>\n<p><img loading=\"lazy\" decoding=\"async\" class=\"alignnone size-full wp-image-4681\" src=\"https:\/\/ledenonciateur224.com\/wp-content\/uploads\/2025\/08\/img-20250826-wa0047.jpg\" alt=\"\" width=\"1280\" height=\"854\" srcset=\"https:\/\/ledenonciateur224.com\/wp-content\/uploads\/2025\/08\/img-20250826-wa0047.jpg 1280w, https:\/\/ledenonciateur224.com\/wp-content\/uploads\/2025\/08\/img-20250826-wa0047-300x200.jpg 300w, https:\/\/ledenonciateur224.com\/wp-content\/uploads\/2025\/08\/img-20250826-wa0047-1024x683.jpg 1024w, https:\/\/ledenonciateur224.com\/wp-content\/uploads\/2025\/08\/img-20250826-wa0047-768x512.jpg 768w, https:\/\/ledenonciateur224.com\/wp-content\/uploads\/2025\/08\/img-20250826-wa0047-150x100.jpg 150w, https:\/\/ledenonciateur224.com\/wp-content\/uploads\/2025\/08\/img-20250826-wa0047-696x464.jpg 696w, https:\/\/ledenonciateur224.com\/wp-content\/uploads\/2025\/08\/img-20250826-wa0047-1068x713.jpg 1068w, https:\/\/ledenonciateur224.com\/wp-content\/uploads\/2025\/08\/img-20250826-wa0047-630x420.jpg 630w\" sizes=\"auto, (max-width: 1280px) 100vw, 1280px\" \/><\/p>\n<p>Ce mardi, il a rencontr\u00e9 les responsables du \ud835\udc06\ud835\udc2b\ud835\udc28\ud835\udc2e\ud835\udc29\ud835\udc1e \ud835\udc00\ud835\udc0a\ud835\udc12\ud835\udc00 \ud835\udc04\ud835\udc27\ud835\udc1e\ud835\udc2b\ud835\udc20\ud835\udc22\ud835\udc1e autour de l\u2019avancement du projet \ud835\udc1c\ud835\udc1e\ud835\udc27\ud835\udc2d\ud835\udc2b\ud835\udc1a\ud835\udc25\ud835\udc1e \ud835\udc2d\ud835\udc21\ud835\udc1e\ud835\udc2b\ud835\udc26\ud835\udc22\ud835\udc2a\ud835\udc2e\ud835\udc1e \ud835\udc1d\ud835\udc1e \ud835\udfcf\ud835\udfcf\ud835\udfd3 \ud835\udc0c\ud835\udc16 en Guin\u00e9e et d\u2019autres opportunit\u00e9s de financement.<\/p>\n<p><img loading=\"lazy\" decoding=\"async\" class=\"alignnone size-full wp-image-4682\" src=\"https:\/\/ledenonciateur224.com\/wp-content\/uploads\/2025\/08\/img-20250826-wa0046.jpg\" alt=\"\" width=\"1280\" height=\"854\" srcset=\"https:\/\/ledenonciateur224.com\/wp-content\/uploads\/2025\/08\/img-20250826-wa0046.jpg 1280w, https:\/\/ledenonciateur224.com\/wp-content\/uploads\/2025\/08\/img-20250826-wa0046-300x200.jpg 300w, https:\/\/ledenonciateur224.com\/wp-content\/uploads\/2025\/08\/img-20250826-wa0046-1024x683.jpg 1024w, https:\/\/ledenonciateur224.com\/wp-content\/uploads\/2025\/08\/img-20250826-wa0046-768x512.jpg 768w, https:\/\/ledenonciateur224.com\/wp-content\/uploads\/2025\/08\/img-20250826-wa0046-150x100.jpg 150w, https:\/\/ledenonciateur224.com\/wp-content\/uploads\/2025\/08\/img-20250826-wa0046-696x464.jpg 696w, https:\/\/ledenonciateur224.com\/wp-content\/uploads\/2025\/08\/img-20250826-wa0046-1068x713.jpg 1068w, https:\/\/ledenonciateur224.com\/wp-content\/uploads\/2025\/08\/img-20250826-wa0046-630x420.jpg 630w\" sizes=\"auto, (max-width: 1280px) 100vw, 1280px\" \/><\/p>\n<p>Par cette d\u00e9marche proactive, le Ministre de l\u2019\u00c9nergie r\u00e9affirme l\u2019engagement du Gouvernement \u00e0 diversifier les sources d\u2019approvisionnement, renforcer les infrastructures de production et offrir \u00e0 la population guin\u00e9enne une meilleure qualit\u00e9 de service en \u00e9lectricit\u00e9.<\/p>\n<p><img loading=\"lazy\" decoding=\"async\" class=\"alignnone size-full wp-image-4683\" src=\"https:\/\/ledenonciateur224.com\/wp-content\/uploads\/2025\/08\/img-20250826-wa0045.jpg\" alt=\"\" width=\"1280\" height=\"854\" srcset=\"https:\/\/ledenonciateur224.com\/wp-content\/uploads\/2025\/08\/img-20250826-wa0045.jpg 1280w, https:\/\/ledenonciateur224.com\/wp-content\/uploads\/2025\/08\/img-20250826-wa0045-300x200.jpg 300w, https:\/\/ledenonciateur224.com\/wp-content\/uploads\/2025\/08\/img-20250826-wa0045-1024x683.jpg 1024w, https:\/\/ledenonciateur224.com\/wp-content\/uploads\/2025\/08\/img-20250826-wa0045-768x512.jpg 768w, https:\/\/ledenonciateur224.com\/wp-content\/uploads\/2025\/08\/img-20250826-wa0045-150x100.jpg 150w, https:\/\/ledenonciateur224.com\/wp-content\/uploads\/2025\/08\/img-20250826-wa0045-696x464.jpg 696w, https:\/\/ledenonciateur224.com\/wp-content\/uploads\/2025\/08\/img-20250826-wa0045-1068x713.jpg 1068w, https:\/\/ledenonciateur224.com\/wp-content\/uploads\/2025\/08\/img-20250826-wa0045-630x420.jpg 630w\" sizes=\"auto, (max-width: 1280px) 100vw, 1280px\" \/> <img loading=\"lazy\" decoding=\"async\" class=\"alignnone size-full wp-image-4684\" src=\"https:\/\/ledenonciateur224.com\/wp-content\/uploads\/2025\/08\/img-20250826-wa0044.jpg\" alt=\"\" width=\"1280\" height=\"910\" srcset=\"https:\/\/ledenonciateur224.com\/wp-content\/uploads\/2025\/08\/img-20250826-wa0044.jpg 1280w, https:\/\/ledenonciateur224.com\/wp-content\/uploads\/2025\/08\/img-20250826-wa0044-300x213.jpg 300w, https:\/\/ledenonciateur224.com\/wp-content\/uploads\/2025\/08\/img-20250826-wa0044-1024x728.jpg 1024w, https:\/\/ledenonciateur224.com\/wp-content\/uploads\/2025\/08\/img-20250826-wa0044-768x546.jpg 768w, https:\/\/ledenonciateur224.com\/wp-content\/uploads\/2025\/08\/img-20250826-wa0044-150x107.jpg 150w, https:\/\/ledenonciateur224.com\/wp-content\/uploads\/2025\/08\/img-20250826-wa0044-696x495.jpg 696w, https:\/\/ledenonciateur224.com\/wp-content\/uploads\/2025\/08\/img-20250826-wa0044-1068x759.jpg 1068w, https:\/\/ledenonciateur224.com\/wp-content\/uploads\/2025\/08\/img-20250826-wa0044-591x420.jpg 591w, https:\/\/ledenonciateur224.com\/wp-content\/uploads\/2025\/08\/img-20250826-wa0044-100x70.jpg 100w\" sizes=\"auto, (max-width: 1280px) 100vw, 1280px\" \/> <img loading=\"lazy\" decoding=\"async\" class=\"alignnone size-full wp-image-4685\" src=\"https:\/\/ledenonciateur224.com\/wp-content\/uploads\/2025\/08\/img-20250826-wa0043.jpg\" alt=\"\" width=\"1280\" height=\"854\" srcset=\"https:\/\/ledenonciateur224.com\/wp-content\/uploads\/2025\/08\/img-20250826-wa0043.jpg 1280w, https:\/\/ledenonciateur224.com\/wp-content\/uploads\/2025\/08\/img-20250826-wa0043-300x200.jpg 300w, https:\/\/ledenonciateur224.com\/wp-content\/uploads\/2025\/08\/img-20250826-wa0043-1024x683.jpg 1024w, https:\/\/ledenonciateur224.com\/wp-content\/uploads\/2025\/08\/img-20250826-wa0043-768x512.jpg 768w, https:\/\/ledenonciateur224.com\/wp-content\/uploads\/2025\/08\/img-20250826-wa0043-150x100.jpg 150w, https:\/\/ledenonciateur224.com\/wp-content\/uploads\/2025\/08\/img-20250826-wa0043-696x464.jpg 696w, https:\/\/ledenonciateur224.com\/wp-content\/uploads\/2025\/08\/img-20250826-wa0043-1068x713.jpg 1068w, https:\/\/ledenonciateur224.com\/wp-content\/uploads\/2025\/08\/img-20250826-wa0043-630x420.jpg 630w\" sizes=\"auto, (max-width: 1280px) 100vw, 1280px\" \/><\/p>\n<p>Transmis par le Service de Communication et des Relations Publiques du Minist\u00e8re<\/p>\n","protected":false},"excerpt":{"rendered":"<p>Dans le cadre de la politique \u00e9nerg\u00e9tique impuls\u00e9e par le Gouvernement sous le leadership de Son \ud835\udc04\ud835\udc31\ud835\udc1c\ud835\udc1e\ud835\udc25\ud835\udc25\ud835\udc1e\ud835\udc27\ud835\udc1c\ud835\udc1e \ud835\udc25\ud835\udc1e \ud835\udc0f\ud835\udc2b\ud835\udc1e\ud835\udc2c\ud835\udc22\ud835\udc1d\ud835\udc1e\ud835\udc27\ud835\udc2d \ud835\udc1d\ud835\udc1e \ud835\udc25\ud835\udc1a \ud835\udc11\ud835\udc1e\ud835\udc29\ud835\udc2e\ud835\udc1b\ud835\udc25\ud835\udc22\ud835\udc2a\ud835\udc2e\ud835\udc1e, \ud835\udc06\ud835\udc1e\ud835\udc27\ud835\udc1e\ud835\udc2b\ud835\udc1a\ud835\udc25 \ud835\udc0c\ud835\udc1a\ud835\udc26\ud835\udc1a\ud835\udc1d\ud835\udc22 \ud835\udc03\ud835\udc28\ud835\udc2e\ud835\udc26\ud835\udc1b\ud835\udc28\ud835\udc2e\ud835\udc32\ud835\udc1a, \ud835\udc25\ud835\udc1e \ud835\udc0c\ud835\udc22\ud835\udc27\ud835\udc22\ud835\udc2c\ud835\udc2d\ud835\udc1e\ud835\udc2b\ud835\udc1e \ud835\udc1d\ud835\udc1e \ud835\udc25\u2019\ud835\udc04\ud835\udc27\ud835\udc1e\ud835\udc2b\ud835\udc20\ud835\udc22\ud835\udc1e, \ud835\udc1c\ud835\udc28\ud835\udc27\ud835\udc1d\ud835\udc2e\ud835\udc22\ud835\udc2d \ud835\udc29\ud835\udc1a\ud835\udc2b \ud835\udc0c\ud835\udc28\ud835\udc27\ud835\udc2c\ud835\udc22\ud835\udc1e\ud835\udc2e\ud835\udc2b \ud835\udc0d\ud835\udc1a\ud835\udc26\ud835\udc28\ud835\udc2b\ud835\udc32 \ud835\udc02\ud835\udc1a\ud835\udc26\ud835\udc1a\ud835\udc2b\ud835\udc1a, poursuit ses efforts pour garantir une desserte \u00e9lectrique fiable et durable en Guin\u00e9e. En s\u00e9jour de travail en \ud835\udc11\ud835\udc1e\ud835\udc29\ud835\udc2e\ud835\udc1b\ud835\udc25\ud835\udc22\ud835\udc2a\ud835\udc2e\ud835\udc1e \ud835\udc1d\ud835\udc1e \ud835\udc13\ud835\udc2e\ud835\udc2b\ud835\udc2a\ud835\udc2e\ud835\udc22\ud835\udc1e, [&hellip;]<\/p>\n","protected":false},"author":2,"featured_media":4685,"comment_status":"open","ping_status":"open","sticky":false,"template":"","format":"standard","meta":{"_jetpack_memberships_contains_paid_content":false,"footnotes":"","jetpack_publicize_message":"","jetpack_publicize_feature_enabled":true,"jetpack_social_post_already_shared":true,"jetpack_social_options":{"image_generator_settings":{"template":"highway","default_image_id":0,"font":"","enabled":false},"version":2}},"categories":[30,24],"tags":[1032,1033],"class_list":{"0":"post-4678","1":"post","2":"type-post","3":"status-publish","4":"format-standard","5":"has-post-thumbnail","7":"category-faits-divers","8":"category-news","9":"tag-energetique","10":"tag-ministre-namory-camara"},"jetpack_publicize_connections":[],"jetpack_featured_media_url":"https:\/\/ledenonciateur224.com\/wp-content\/uploads\/2025\/08\/img-20250826-wa0043.jpg","jetpack_sharing_enabled":true,"_links":{"self":[{"href":"https:\/\/ledenonciateur224.com\/index.php\/wp-json\/wp\/v2\/posts\/4678","targetHints":{"allow":["GET"]}}],"collection":[{"href":"https:\/\/ledenonciateur224.com\/index.php\/wp-json\/wp\/v2\/posts"}],"about":[{"href":"https:\/\/ledenonciateur224.com\/index.php\/wp-json\/wp\/v2\/types\/post"}],"author":[{"embeddable":true,"href":"https:\/\/ledenonciateur224.com\/index.php\/wp-json\/wp\/v2\/users\/2"}],"replies":[{"embeddable":true,"href":"https:\/\/ledenonciateur224.com\/index.php\/wp-json\/wp\/v2\/comments?post=4678"}],"version-history":[{"count":0,"href":"https:\/\/ledenonciateur224.com\/index.php\/wp-json\/wp\/v2\/posts\/4678\/revisions"}],"wp:featuredmedia":[{"embeddable":true,"href":"https:\/\/ledenonciateur224.com\/index.php\/wp-json\/wp\/v2\/media\/4685"}],"wp:attachment":[{"href":"https:\/\/ledenonciateur224.com\/index.php\/wp-json\/wp\/v2\/media?parent=4678"}],"wp:term":[{"taxonomy":"category","embeddable":true,"href":"https:\/\/ledenonciateur224.com\/index.php\/wp-json\/wp\/v2\/categories?post=4678"},{"taxonomy":"post_tag","embeddable":true,"href":"https:\/\/ledenonciateur224.com\/index.php\/wp-json\/wp\/v2\/tags?post=4678"}],"curies":[{"name":"wp","href":"https:\/\/api.w.org\/{rel}","templated":true}]}}