{"id":4703,"date":"2025-08-26T20:11:27","date_gmt":"2025-08-26T20:11:27","guid":{"rendered":"https:\/\/ledenonciateur224.com\/?p=4703"},"modified":"2025-08-26T20:11:27","modified_gmt":"2025-08-26T20:11:27","slug":"zeze-zoumanigui-un-veteran-des-medias-pour-piloter-la-communication-du-ministere-de-la-peche","status":"publish","type":"post","link":"https:\/\/ledenonciateur224.com\/index.php\/zeze-zoumanigui-un-veteran-des-medias-pour-piloter-la-communication-du-ministere-de-la-peche\/","title":{"rendered":"Z\u00e9z\u00e9 Zoumanigui, un v\u00e9t\u00e9ran des m\u00e9dias pour piloter la communication du Minist\u00e8re de la P\u00eache"},"content":{"rendered":"<p>Le\u00a0<strong>Minist\u00e8re de la P\u00eache et de l\u2019\u00c9conomie maritime<\/strong>\u00a0franchit un cap dans sa strat\u00e9gie de communication. Dans un arr\u00eat\u00e9 rendu public ce\u00a0<strong>25 ao\u00fbt 2025<\/strong>, le ministre\u00a0<strong>Fassou Th\u00e9a<\/strong>\u00a0a proc\u00e9d\u00e9 \u00e0 la nomination de\u00a0<strong>Z\u00e9z\u00e9 Zoumanigui<\/strong>\u00a0\u00e0 la t\u00eate du\u00a0<strong>service de communication et des relations publiques<\/strong>\u00a0dudit minist\u00e8re.<\/p>\n<p>Cette nomination, loin d\u2019\u00eatre anodine, marque la volont\u00e9 claire des autorit\u00e9s de professionnaliser la communication autour d\u2019un secteur aussi vital que\u00a0<strong>la p\u00eache et l\u2019\u00e9conomie maritime<\/strong>, \u00e0 l\u2019heure o\u00f9 les enjeux li\u00e9s \u00e0 la\u00a0<strong>gestion durable des ressources halieutiques<\/strong>\u00a0et au d\u00e9veloppement de\u00a0<strong>l\u2019\u00e9conomie bleue<\/strong>\u00a0sont au c\u0153ur de l\u2019agenda gouvernemental.<\/p>\n<h3><\/h3>\n<p>Journaliste aguerri,\u00a0<strong>Z\u00e9z\u00e9 Zoumanigui<\/strong>\u00a0est une figure bien connue du paysage m\u00e9diatique guin\u00e9en. Il a fait ses armes dans des r\u00e9dactions respect\u00e9es telles que\u00a0<strong>Le Lynx-La Lance<\/strong>,\u00a0<strong>Ecovision<\/strong>,\u00a0<strong>La R\u00e9publique<\/strong>, et sur les ondes de\u00a0<strong>City FM<\/strong>, station dont il assure toujours la direction g\u00e9n\u00e9rale. Son parcours \u00e9clectique, alliant rigueur professionnelle, \u00e9thique journalistique et engagement pour une information fiable, en fait un atout de taille pour l\u2019administration publique.<\/p>\n<p>Sa nomination est salu\u00e9e dans les milieux professionnels comme une d\u00e9cision judicieuse, qui pourrait insuffler une\u00a0<strong>nouvelle dynamique communicationnelle<\/strong>\u00a0au sein du minist\u00e8re. Elle traduit \u00e9galement une reconnaissance m\u00e9rit\u00e9e de son expertise, dans un contexte o\u00f9\u00a0<strong>l&rsquo;image institutionnelle<\/strong>\u00a0devient un levier strat\u00e9gique pour l&rsquo;action publique.<\/p>\n<h3><\/h3>\n<p>En confiant ce poste cl\u00e9 \u00e0 une personnalit\u00e9 exp\u00e9riment\u00e9e du monde des m\u00e9dias,\u00a0<strong>le ministre Fassou Th\u00e9a<\/strong>\u00a0envoie un signal fort : celui de placer la communication au c\u0153ur de l\u2019efficacit\u00e9 administrative. Le d\u00e9fi est de taille \u2014 structurer la parole officielle, valoriser les actions du minist\u00e8re, renforcer la transparence, et tisser des liens durables avec les parties prenantes du secteur.<\/p>\n<p>Avec son professionnalisme \u00e9prouv\u00e9,\u00a0<strong>Z\u00e9z\u00e9 Zoumanigui<\/strong>\u00a0semble parfaitement arm\u00e9 pour r\u00e9pondre \u00e0 ces enjeux et repositionner la communication du minist\u00e8re comme un outil de gouvernance efficace et moderne.<\/p>\n<p>&nbsp;<\/p>\n<p>&nbsp;<\/p>\n<p>Ledenonciateur224.com<\/p>\n","protected":false},"excerpt":{"rendered":"<p>Le\u00a0Minist\u00e8re de la P\u00eache et de l\u2019\u00c9conomie maritime\u00a0franchit un cap dans sa strat\u00e9gie de communication. Dans un arr\u00eat\u00e9 rendu public ce\u00a025 ao\u00fbt 2025, le ministre\u00a0Fassou Th\u00e9a\u00a0a proc\u00e9d\u00e9 \u00e0 la nomination de\u00a0Z\u00e9z\u00e9 Zoumanigui\u00a0\u00e0 la t\u00eate du\u00a0service de communication et des relations publiques\u00a0dudit minist\u00e8re. Cette nomination, loin d\u2019\u00eatre anodine, marque la volont\u00e9 claire des autorit\u00e9s de professionnaliser [&hellip;]<\/p>\n","protected":false},"author":2,"featured_media":4704,"comment_status":"open","ping_status":"open","sticky":false,"template":"","format":"standard","meta":{"_jetpack_memberships_contains_paid_content":false,"footnotes":"","jetpack_publicize_message":"","jetpack_publicize_feature_enabled":true,"jetpack_social_post_already_shared":true,"jetpack_social_options":{"image_generator_settings":{"template":"highway","default_image_id":0,"font":"","enabled":false},"version":2}},"categories":[30,24],"tags":[338],"class_list":{"0":"post-4703","1":"post","2":"type-post","3":"status-publish","4":"format-standard","5":"has-post-thumbnail","7":"category-faits-divers","8":"category-news","9":"tag-communication"},"jetpack_publicize_connections":[],"jetpack_featured_media_url":"https:\/\/ledenonciateur224.com\/wp-content\/uploads\/2025\/08\/fb-img-1756238363700.jpg","jetpack_sharing_enabled":true,"_links":{"self":[{"href":"https:\/\/ledenonciateur224.com\/index.php\/wp-json\/wp\/v2\/posts\/4703","targetHints":{"allow":["GET"]}}],"collection":[{"href":"https:\/\/ledenonciateur224.com\/index.php\/wp-json\/wp\/v2\/posts"}],"about":[{"href":"https:\/\/ledenonciateur224.com\/index.php\/wp-json\/wp\/v2\/types\/post"}],"author":[{"embeddable":true,"href":"https:\/\/ledenonciateur224.com\/index.php\/wp-json\/wp\/v2\/users\/2"}],"replies":[{"embeddable":true,"href":"https:\/\/ledenonciateur224.com\/index.php\/wp-json\/wp\/v2\/comments?post=4703"}],"version-history":[{"count":0,"href":"https:\/\/ledenonciateur224.com\/index.php\/wp-json\/wp\/v2\/posts\/4703\/revisions"}],"wp:featuredmedia":[{"embeddable":true,"href":"https:\/\/ledenonciateur224.com\/index.php\/wp-json\/wp\/v2\/media\/4704"}],"wp:attachment":[{"href":"https:\/\/ledenonciateur224.com\/index.php\/wp-json\/wp\/v2\/media?parent=4703"}],"wp:term":[{"taxonomy":"category","embeddable":true,"href":"https:\/\/ledenonciateur224.com\/index.php\/wp-json\/wp\/v2\/categories?post=4703"},{"taxonomy":"post_tag","embeddable":true,"href":"https:\/\/ledenonciateur224.com\/index.php\/wp-json\/wp\/v2\/tags?post=4703"}],"curies":[{"name":"wp","href":"https:\/\/api.w.org\/{rel}","templated":true}]}}