{"id":4709,"date":"2025-08-27T12:30:05","date_gmt":"2025-08-27T12:30:05","guid":{"rendered":"https:\/\/ledenonciateur224.com\/?p=4709"},"modified":"2025-08-27T12:30:05","modified_gmt":"2025-08-27T12:30:05","slug":"recensement-biometrique-des-agents-recenseurs-en-colere-face-aux-impayes","status":"publish","type":"post","link":"https:\/\/ledenonciateur224.com\/index.php\/recensement-biometrique-des-agents-recenseurs-en-colere-face-aux-impayes\/","title":{"rendered":"Recensement biom\u00e9trique : des agents recenseurs en col\u00e8re face aux impay\u00e9s"},"content":{"rendered":"<p>Un vent de col\u00e8re souffle chez les agents ayant particip\u00e9 au r\u00e9cent recensement biom\u00e9trique en Guin\u00e9e. Plus de\u00a0<strong>5 800 agents recenseurs et superviseurs<\/strong>\u00a0d\u00e9noncent le non-paiement de leurs primes, pourtant pr\u00e9vues contractuellement avec la soci\u00e9t\u00e9\u00a0<strong>Digitalis<\/strong>, charg\u00e9e de la mise en \u0153uvre du projet.<\/p>\n<h3><img loading=\"lazy\" decoding=\"async\" class=\"alignnone size-full wp-image-4711\" src=\"https:\/\/ledenonciateur224.com\/wp-content\/uploads\/2025\/08\/recensement-biometrique.jpg\" alt=\"\" width=\"655\" height=\"435\" srcset=\"https:\/\/ledenonciateur224.com\/wp-content\/uploads\/2025\/08\/recensement-biometrique.jpg 655w, https:\/\/ledenonciateur224.com\/wp-content\/uploads\/2025\/08\/recensement-biometrique-300x199.jpg 300w, https:\/\/ledenonciateur224.com\/wp-content\/uploads\/2025\/08\/recensement-biometrique-150x100.jpg 150w, https:\/\/ledenonciateur224.com\/wp-content\/uploads\/2025\/08\/recensement-biometrique-632x420.jpg 632w\" sizes=\"auto, (max-width: 655px) 100vw, 655px\" \/><\/h3>\n<p>Dans une\u00a0<strong>correspondance adress\u00e9e ce mardi 26 ao\u00fbt \u00e0 l\u2019Inspection g\u00e9n\u00e9rale du travail<\/strong>, le\u00a0<strong>collectif des agents recenseurs<\/strong>\u00a0affirme que leurs r\u00e9mun\u00e9rations, convenues dans un avenant au contrat sign\u00e9 avec Digitalis, devaient \u00eatre vers\u00e9es au plus tard\u00a0<strong>le 20 juin 2025 pour les agents<\/strong>\u00a0et\u00a0<strong>le 25 juin pour les superviseurs dans une note publi\u00e9e par nos confr\u00e8res d&rsquo;Africaguinee.com<\/strong><\/p>\n<p>Cependant, \u00e0 ce jour,\u00a0<strong>aucun paiement n\u2019a \u00e9t\u00e9 effectu\u00e9<\/strong>, d\u00e9plorent-ils. Et selon eux, les multiples tentatives de relance \u2013 aussi bien \u00e9crites qu\u2019orales \u2013 sont rest\u00e9es\u00a0<strong>lettre morte<\/strong>. Digitalis n\u2019aurait fourni\u00a0<strong>aucune explication officielle<\/strong>\u00a0quant \u00e0 ce retard de paiement.<\/p>\n<h3><\/h3>\n<p>Le collectif, qui se dit\u00a0<strong>\u00e9puis\u00e9 et l\u00e9s\u00e9<\/strong>, parle d\u2019un\u00a0<strong>pr\u00e9judice moral et financier consid\u00e9rable<\/strong>, pointant une\u00a0<strong>\u00ab violation manifeste des obligations contractuelles \u00bb<\/strong>. Certains membres affirment avoir contract\u00e9 des dettes pour pouvoir assurer leur travail de terrain, parfois dans des conditions difficiles, notamment dans les zones recul\u00e9es du pays.<\/p>\n<h3><\/h3>\n<p>Face \u00e0 ce qu\u2019ils consid\u00e8rent comme un\u00a0<strong>manquement grave<\/strong>, les agents appellent l&rsquo;Inspection g\u00e9n\u00e9rale du travail \u00e0\u00a0<strong>ouvrir une enqu\u00eate<\/strong>\u00a0et \u00e0\u00a0<strong>contraindre Digitalis<\/strong>\u00a0\u00e0 s\u2019acquitter de ses engagements financiers. Ils esp\u00e8rent \u00e9galement un\u00a0<strong>soutien des autorit\u00e9s de tutelle<\/strong>, afin que ce type de situation ne se reproduise pas \u00e0 l\u2019avenir.<\/p>\n<h3><\/h3>\n<p>Contact\u00e9e \u00e0 plusieurs reprises, la soci\u00e9t\u00e9 Digitalis n\u2019a, pour l\u2019heure,\u00a0<strong>pas r\u00e9agi publiquement<\/strong>\u00a0\u00e0 ces accusations. Ce silence alimente la frustration et l\u2019inqui\u00e9tude des agents concern\u00e9s, qui menacent de se\u00a0<strong>mobiliser massivement<\/strong>\u00a0si aucune solution rapide n\u2019est apport\u00e9e.<\/p>\n<h3><\/h3>\n<p>Ce litige intervient dans un contexte o\u00f9 les op\u00e9rations de recensement biom\u00e9trique, cruciales pour la planification du d\u00e9veloppement national, n\u00e9cessitent une forte mobilisation humaine. Le non-paiement de ces acteurs risque d&rsquo;entamer\u00a0<strong>la cr\u00e9dibilit\u00e9 des institutions<\/strong>\u00a0et de compromettre la r\u00e9ussite de projets futurs de m\u00eame envergure.<\/p>\n<p>&nbsp;<\/p>\n<p>Ledenonciateur224.com<\/p>\n","protected":false},"excerpt":{"rendered":"<p>Un vent de col\u00e8re souffle chez les agents ayant particip\u00e9 au r\u00e9cent recensement biom\u00e9trique en Guin\u00e9e. Plus de\u00a05 800 agents recenseurs et superviseurs\u00a0d\u00e9noncent le non-paiement de leurs primes, pourtant pr\u00e9vues contractuellement avec la soci\u00e9t\u00e9\u00a0Digitalis, charg\u00e9e de la mise en \u0153uvre du projet. Dans une\u00a0correspondance adress\u00e9e ce mardi 26 ao\u00fbt \u00e0 l\u2019Inspection g\u00e9n\u00e9rale du travail, le\u00a0collectif [&hellip;]<\/p>\n","protected":false},"author":2,"featured_media":4710,"comment_status":"open","ping_status":"open","sticky":false,"template":"","format":"standard","meta":{"_jetpack_memberships_contains_paid_content":false,"footnotes":"","jetpack_publicize_message":"","jetpack_publicize_feature_enabled":true,"jetpack_social_post_already_shared":true,"jetpack_social_options":{"image_generator_settings":{"template":"highway","default_image_id":0,"font":"","enabled":false},"version":2}},"categories":[30,24],"tags":[1106,1107,731],"class_list":{"0":"post-4709","1":"post","2":"type-post","3":"status-publish","4":"format-standard","5":"has-post-thumbnail","7":"category-faits-divers","8":"category-news","9":"tag-biometrique","10":"tag-digitalis","11":"tag-recemment"},"jetpack_publicize_connections":[],"jetpack_featured_media_url":"https:\/\/ledenonciateur224.com\/wp-content\/uploads\/2025\/08\/488503399-1071865608319983-8090485082717061242-n.jpg","jetpack_sharing_enabled":true,"_links":{"self":[{"href":"https:\/\/ledenonciateur224.com\/index.php\/wp-json\/wp\/v2\/posts\/4709","targetHints":{"allow":["GET"]}}],"collection":[{"href":"https:\/\/ledenonciateur224.com\/index.php\/wp-json\/wp\/v2\/posts"}],"about":[{"href":"https:\/\/ledenonciateur224.com\/index.php\/wp-json\/wp\/v2\/types\/post"}],"author":[{"embeddable":true,"href":"https:\/\/ledenonciateur224.com\/index.php\/wp-json\/wp\/v2\/users\/2"}],"replies":[{"embeddable":true,"href":"https:\/\/ledenonciateur224.com\/index.php\/wp-json\/wp\/v2\/comments?post=4709"}],"version-history":[{"count":0,"href":"https:\/\/ledenonciateur224.com\/index.php\/wp-json\/wp\/v2\/posts\/4709\/revisions"}],"wp:featuredmedia":[{"embeddable":true,"href":"https:\/\/ledenonciateur224.com\/index.php\/wp-json\/wp\/v2\/media\/4710"}],"wp:attachment":[{"href":"https:\/\/ledenonciateur224.com\/index.php\/wp-json\/wp\/v2\/media?parent=4709"}],"wp:term":[{"taxonomy":"category","embeddable":true,"href":"https:\/\/ledenonciateur224.com\/index.php\/wp-json\/wp\/v2\/categories?post=4709"},{"taxonomy":"post_tag","embeddable":true,"href":"https:\/\/ledenonciateur224.com\/index.php\/wp-json\/wp\/v2\/tags?post=4709"}],"curies":[{"name":"wp","href":"https:\/\/api.w.org\/{rel}","templated":true}]}}