{"id":4713,"date":"2025-08-27T15:58:56","date_gmt":"2025-08-27T15:58:56","guid":{"rendered":"https:\/\/ledenonciateur224.com\/?p=4713"},"modified":"2025-08-27T15:58:56","modified_gmt":"2025-08-27T15:58:56","slug":"marine-marchande-le-directeur-national-et-son-adjoint-suspendus-pour-faute-lourde","status":"publish","type":"post","link":"https:\/\/ledenonciateur224.com\/index.php\/marine-marchande-le-directeur-national-et-son-adjoint-suspendus-pour-faute-lourde\/","title":{"rendered":"Marine marchande : le directeur national et son adjoint suspendus pour \u00ab\u00a0faute lourde\u00a0\u00bb"},"content":{"rendered":"<p>Une d\u00e9cision minist\u00e9rielle vient secouer la Direction nationale de la Marine marchande. Le ministre des Transports,\u00a0<strong>Ousmane Gaoual Diallo<\/strong>, a annonc\u00e9 la\u00a0<strong>suspension imm\u00e9diate<\/strong>\u00a0du Directeur national,\u00a0<strong>Paul Moussa Diawara<\/strong>, ainsi que de son adjoint,\u00a0<strong>Aly Nab\u00e9<\/strong>, pour des faits qualifi\u00e9s de\u00a0<strong>\u00ab faute lourde \u00bb<\/strong>.<\/p>\n<p>Dans un arr\u00eat\u00e9 rendu public ce mardi, les deux hauts responsables sont\u00a0<strong>suspendus de leurs fonctions jusqu\u2019\u00e0 nouvel ordre<\/strong>. Aucune pr\u00e9cision n\u2019a \u00e9t\u00e9 donn\u00e9e quant \u00e0 la nature exacte des fautes qui leur sont reproch\u00e9es, ce qui suscite\u00a0<strong>de nombreuses interrogations<\/strong>\u00a0au sein du secteur maritime et au-del\u00e0.<\/p>\n<p>Selon plusieurs sources proches du dossier, cette d\u00e9cision pourrait \u00eatre li\u00e9e \u00e0 une s\u00e9rie d\u2019irr\u00e9gularit\u00e9s administratives ou de dysfonctionnements dans la gestion de la direction, mais aucune confirmation officielle n\u2019a \u00e9t\u00e9 apport\u00e9e \u00e0 ce stade.<\/p>\n<p>En attendant l\u2019issue de cette proc\u00e9dure, le ministre a d\u00e9sign\u00e9\u00a0<strong>Mamoudou Ke\u00efta<\/strong>,\u00a0<strong>conseiller charg\u00e9 des questions de transports terrestres et maritimes<\/strong>, pour\u00a0<strong>assurer l\u2019int\u00e9rim<\/strong>\u00a0\u00e0 la t\u00eate de la Direction nationale de la Marine marchande. Une nomination temporaire qui vise \u00e0 garantir\u00a0<strong>la continuit\u00e9 du service public maritime<\/strong>, dans un secteur crucial pour le commerce, les importations et la r\u00e9gulation portuaire.<\/p>\n<p>La Marine marchande occupe un r\u00f4le strat\u00e9gique dans l\u2019\u00e9conomie guin\u00e9enne, notamment dans\u00a0<strong>la gestion des navires, la r\u00e9gulation du transport maritime<\/strong>\u00a0et\u00a0<strong>la supervision des activit\u00e9s portuaires<\/strong>. La suspension simultan\u00e9e des deux plus hauts responsables de cette institution ne manquera pas de raviver les d\u00e9bats sur\u00a0<strong>la gouvernance<\/strong>,\u00a0<strong>la transparence<\/strong>\u00a0et\u00a0<strong>la performance des institutions publiques<\/strong>.<\/p>\n<p>Alors que le silence reste de mise du c\u00f4t\u00e9 des mis en cause, plusieurs acteurs du secteur maritime appellent \u00e0\u00a0<strong>la clart\u00e9 sur les raisons de cette suspension<\/strong>, dans un souci de\u00a0<strong>r\u00e9tablir la confiance et la stabilit\u00e9<\/strong>\u00a0au sein de la direction.<\/p>\n<p>&nbsp;<\/p>\n<p>Ledenonciateur224.com<\/p>\n","protected":false},"excerpt":{"rendered":"<p>Une d\u00e9cision minist\u00e9rielle vient secouer la Direction nationale de la Marine marchande. Le ministre des Transports,\u00a0Ousmane Gaoual Diallo, a annonc\u00e9 la\u00a0suspension imm\u00e9diate\u00a0du Directeur national,\u00a0Paul Moussa Diawara, ainsi que de son adjoint,\u00a0Aly Nab\u00e9, pour des faits qualifi\u00e9s de\u00a0\u00ab faute lourde \u00bb. Dans un arr\u00eat\u00e9 rendu public ce mardi, les deux hauts responsables sont\u00a0suspendus de leurs fonctions [&hellip;]<\/p>\n","protected":false},"author":2,"featured_media":4714,"comment_status":"open","ping_status":"open","sticky":false,"template":"","format":"standard","meta":{"_jetpack_memberships_contains_paid_content":false,"footnotes":"","jetpack_publicize_message":"","jetpack_publicize_feature_enabled":true,"jetpack_social_post_already_shared":true,"jetpack_social_options":{"image_generator_settings":{"template":"highway","default_image_id":0,"font":"","enabled":false},"version":2}},"categories":[29,24],"tags":[1108],"class_list":{"0":"post-4713","1":"post","2":"type-post","3":"status-publish","4":"format-standard","5":"has-post-thumbnail","7":"category-economie","8":"category-news","9":"tag-marine-marchande"},"jetpack_publicize_connections":[],"jetpack_featured_media_url":"https:\/\/ledenonciateur224.com\/wp-content\/uploads\/2025\/08\/img-20250827-wa0038-768x415-1.jpg","jetpack_sharing_enabled":true,"_links":{"self":[{"href":"https:\/\/ledenonciateur224.com\/index.php\/wp-json\/wp\/v2\/posts\/4713","targetHints":{"allow":["GET"]}}],"collection":[{"href":"https:\/\/ledenonciateur224.com\/index.php\/wp-json\/wp\/v2\/posts"}],"about":[{"href":"https:\/\/ledenonciateur224.com\/index.php\/wp-json\/wp\/v2\/types\/post"}],"author":[{"embeddable":true,"href":"https:\/\/ledenonciateur224.com\/index.php\/wp-json\/wp\/v2\/users\/2"}],"replies":[{"embeddable":true,"href":"https:\/\/ledenonciateur224.com\/index.php\/wp-json\/wp\/v2\/comments?post=4713"}],"version-history":[{"count":0,"href":"https:\/\/ledenonciateur224.com\/index.php\/wp-json\/wp\/v2\/posts\/4713\/revisions"}],"wp:featuredmedia":[{"embeddable":true,"href":"https:\/\/ledenonciateur224.com\/index.php\/wp-json\/wp\/v2\/media\/4714"}],"wp:attachment":[{"href":"https:\/\/ledenonciateur224.com\/index.php\/wp-json\/wp\/v2\/media?parent=4713"}],"wp:term":[{"taxonomy":"category","embeddable":true,"href":"https:\/\/ledenonciateur224.com\/index.php\/wp-json\/wp\/v2\/categories?post=4713"},{"taxonomy":"post_tag","embeddable":true,"href":"https:\/\/ledenonciateur224.com\/index.php\/wp-json\/wp\/v2\/tags?post=4713"}],"curies":[{"name":"wp","href":"https:\/\/api.w.org\/{rel}","templated":true}]}}