{"id":4716,"date":"2025-08-27T17:07:36","date_gmt":"2025-08-27T17:07:36","guid":{"rendered":"https:\/\/ledenonciateur224.com\/?p=4716"},"modified":"2025-08-27T17:07:36","modified_gmt":"2025-08-27T17:07:36","slug":"agression-violente-du-journaliste-daouda-bah-le-ministre-fana-soumah-exprime-son-indignation-et-sa-solidarite","status":"publish","type":"post","link":"https:\/\/ledenonciateur224.com\/index.php\/agression-violente-du-journaliste-daouda-bah-le-ministre-fana-soumah-exprime-son-indignation-et-sa-solidarite\/","title":{"rendered":"Agression violente du journaliste Daouda Bah : le ministre Fana Soumah exprime son indignation et sa solidarit\u00e9"},"content":{"rendered":"<p>C\u2019est un acte de violence qui choque et indigne la communaut\u00e9 m\u00e9diatique guin\u00e9enne.\u00a0<strong>Daouda Bah<\/strong>, journaliste sportif \u00e0 la\u00a0<strong>RTG<\/strong>\u00a0et figure active du\u00a0<strong>syndicat de la radio-t\u00e9l\u00e9vision nationale<\/strong>, a \u00e9t\u00e9 victime d\u2019une\u00a0<strong>agression brutale<\/strong>\u00a0dans la soir\u00e9e du lundi 25 ao\u00fbt, alors qu\u2019il rentrait chez lui.<\/p>\n<p>L\u2019incident s\u2019est produit dans le quartier\u00a0<strong>Bomboly<\/strong>, sur la tr\u00e8s fr\u00e9quent\u00e9e\u00a0<strong>route Le Prince<\/strong>. Selon les premiers t\u00e9moignages,\u00a0<strong>un groupe de jeunes non identifi\u00e9s<\/strong>\u00a0aurait attaqu\u00e9 le journaliste sans motif apparent, lui infligeant\u00a0<strong>une grave blessure \u00e0 l\u2019\u0153il gauche<\/strong>. La victime a \u00e9t\u00e9 imm\u00e9diatement \u00e9vacu\u00e9e au\u00a0<strong>C<img loading=\"lazy\" decoding=\"async\" class=\"alignnone size-full wp-image-4718\" src=\"https:\/\/ledenonciateur224.com\/wp-content\/uploads\/2025\/08\/fb-img-1756232139862.jpg\" alt=\"\" width=\"2048\" height=\"1626\" srcset=\"https:\/\/ledenonciateur224.com\/wp-content\/uploads\/2025\/08\/fb-img-1756232139862.jpg 2048w, https:\/\/ledenonciateur224.com\/wp-content\/uploads\/2025\/08\/fb-img-1756232139862-300x238.jpg 300w, https:\/\/ledenonciateur224.com\/wp-content\/uploads\/2025\/08\/fb-img-1756232139862-1024x813.jpg 1024w, https:\/\/ledenonciateur224.com\/wp-content\/uploads\/2025\/08\/fb-img-1756232139862-768x610.jpg 768w, https:\/\/ledenonciateur224.com\/wp-content\/uploads\/2025\/08\/fb-img-1756232139862-1536x1220.jpg 1536w, https:\/\/ledenonciateur224.com\/wp-content\/uploads\/2025\/08\/fb-img-1756232139862-150x119.jpg 150w, https:\/\/ledenonciateur224.com\/wp-content\/uploads\/2025\/08\/fb-img-1756232139862-696x553.jpg 696w, https:\/\/ledenonciateur224.com\/wp-content\/uploads\/2025\/08\/fb-img-1756232139862-1068x848.jpg 1068w, https:\/\/ledenonciateur224.com\/wp-content\/uploads\/2025\/08\/fb-img-1756232139862-1920x1524.jpg 1920w, https:\/\/ledenonciateur224.com\/wp-content\/uploads\/2025\/08\/fb-img-1756232139862-529x420.jpg 529w\" sizes=\"auto, (max-width: 2048px) 100vw, 2048px\" \/>HU Donka<\/strong>, o\u00f9 elle est actuellement prise en charge par une \u00e9quipe m\u00e9dicale.<\/p>\n<h3><\/h3>\n<p>Le lendemain,\u00a0<strong>mardi 26 ao\u00fbt<\/strong>, le\u00a0<strong>ministre de l\u2019Information et de la Communication<\/strong>,\u00a0<strong>Fana Soumah<\/strong>, s\u2019est rendu au chevet de Daouda Bah pour\u00a0<strong>lui t\u00e9moigner sa solidarit\u00e9<\/strong>, ainsi qu\u2019\u00e0 sa famille et ses coll\u00e8gues. Tr\u00e8s affect\u00e9 par l\u2019\u00e9tat de sant\u00e9 du journaliste, le ministre a\u00a0<strong>fermement condamn\u00e9 l\u2019agression<\/strong>, la qualifiant d\u2019<strong>\u00ab acte inacceptable, l\u00e2che et intol\u00e9rable dans un \u00c9tat de droit \u00bb<\/strong>.<\/p>\n<p><img loading=\"lazy\" decoding=\"async\" class=\"alignnone size-full wp-image-4717\" src=\"https:\/\/ledenonciateur224.com\/wp-content\/uploads\/2025\/08\/fb-img-1756232131558.jpg\" alt=\"\" width=\"2048\" height=\"1459\" srcset=\"https:\/\/ledenonciateur224.com\/wp-content\/uploads\/2025\/08\/fb-img-1756232131558.jpg 2048w, https:\/\/ledenonciateur224.com\/wp-content\/uploads\/2025\/08\/fb-img-1756232131558-300x214.jpg 300w, https:\/\/ledenonciateur224.com\/wp-content\/uploads\/2025\/08\/fb-img-1756232131558-1024x730.jpg 1024w, https:\/\/ledenonciateur224.com\/wp-content\/uploads\/2025\/08\/fb-img-1756232131558-768x547.jpg 768w, https:\/\/ledenonciateur224.com\/wp-content\/uploads\/2025\/08\/fb-img-1756232131558-1536x1094.jpg 1536w, https:\/\/ledenonciateur224.com\/wp-content\/uploads\/2025\/08\/fb-img-1756232131558-150x107.jpg 150w, https:\/\/ledenonciateur224.com\/wp-content\/uploads\/2025\/08\/fb-img-1756232131558-696x496.jpg 696w, https:\/\/ledenonciateur224.com\/wp-content\/uploads\/2025\/08\/fb-img-1756232131558-1068x761.jpg 1068w, https:\/\/ledenonciateur224.com\/wp-content\/uploads\/2025\/08\/fb-img-1756232131558-1920x1368.jpg 1920w, https:\/\/ledenonciateur224.com\/wp-content\/uploads\/2025\/08\/fb-img-1756232131558-590x420.jpg 590w, https:\/\/ledenonciateur224.com\/wp-content\/uploads\/2025\/08\/fb-img-1756232131558-100x70.jpg 100w\" sizes=\"auto, (max-width: 2048px) 100vw, 2048px\" \/><\/p>\n<p>Il a \u00e9galement\u00a0<strong>salu\u00e9 le professionnalisme du personnel m\u00e9dical<\/strong>\u00a0du CHU Donka et a assur\u00e9 que toutes les\u00a0<strong>dispositions n\u00e9cessaires avaient \u00e9t\u00e9 prises<\/strong>\u00a0en coordination avec le minist\u00e8re des Finances pour une\u00a0<strong>prise en charge m\u00e9dicale int\u00e9grale<\/strong>\u00a0de la victime.<\/p>\n<p>Aux c\u00f4t\u00e9s du ministre, plusieurs\u00a0<strong>coll\u00e8gues de la RTG<\/strong>\u00a0se sont d\u00e9plac\u00e9s pour soutenir leur confr\u00e8re et camarade syndicaliste. Une\u00a0<strong>mobilisation symbolique mais forte<\/strong>, en signe d\u2019unit\u00e9 et de solidarit\u00e9 dans un contexte o\u00f9 les professionnels des m\u00e9dias r\u00e9clament\u00a0<strong>davantage de s\u00e9curit\u00e9 dans l\u2019exercice de leur mission<\/strong>.<\/p>\n<p>De nombreuses voix s\u2019\u00e9l\u00e8vent aujourd\u2019hui pour\u00a0<strong>appeler les autorit\u00e9s judiciaires \u00e0 ouvrir une enqu\u00eate rapide et rigoureuse<\/strong>, afin d\u2019<strong>identifier les auteurs<\/strong>\u00a0de cette agression et de\u00a0<strong>les traduire en justice<\/strong>. Le\u00a0<strong>service communication du minist\u00e8re<\/strong>\u00a0a, de son c\u00f4t\u00e9, appel\u00e9 \u00e0 une\u00a0<strong>prise de conscience collective<\/strong>\u00a0pour mieux prot\u00e9ger les journalistes, garants de l\u2019information et de la libert\u00e9 d\u2019expression.<\/p>\n<h3><img loading=\"lazy\" decoding=\"async\" class=\"alignnone size-full wp-image-4719\" src=\"https:\/\/ledenonciateur224.com\/wp-content\/uploads\/2025\/08\/fb-img-1756232032203.jpg\" alt=\"\" width=\"750\" height=\"375\" srcset=\"https:\/\/ledenonciateur224.com\/wp-content\/uploads\/2025\/08\/fb-img-1756232032203.jpg 750w, https:\/\/ledenonciateur224.com\/wp-content\/uploads\/2025\/08\/fb-img-1756232032203-300x150.jpg 300w, https:\/\/ledenonciateur224.com\/wp-content\/uploads\/2025\/08\/fb-img-1756232032203-150x75.jpg 150w, https:\/\/ledenonciateur224.com\/wp-content\/uploads\/2025\/08\/fb-img-1756232032203-696x348.jpg 696w\" sizes=\"auto, (max-width: 750px) 100vw, 750px\" \/><\/h3>\n<p>Alors que le mobile de l\u2019agression reste flou, certains y voient un possible\u00a0<strong>message d\u2019intimidation \u00e0 l\u2019encontre d\u2019un leader syndical actif<\/strong>, connu pour ses prises de position au sein de la RTG. Si cette hypoth\u00e8se devait se confirmer, l\u2019affaire pourrait prendre une tournure plus grave encore,\u00a0<strong>touchant \u00e0 la libert\u00e9 de la presse<\/strong>\u00a0et \u00e0 la\u00a0<strong>protection des droits syndicaux<\/strong>\u00a0en Guin\u00e9e.<\/p>\n<p><strong>Un acte de violence qui ne peut rester impuni. L\u2019enjeu d\u00e9passe la seule personne de Daouda Bah : c\u2019est toute la profession qui se sent aujourd\u2019hui menac\u00e9e.<\/strong><\/p>\n<p>&nbsp;<\/p>\n<p>&nbsp;<\/p>\n<p><strong>Ledenonciateur224.com\u00a0<\/strong><\/p>\n","protected":false},"excerpt":{"rendered":"<p>C\u2019est un acte de violence qui choque et indigne la communaut\u00e9 m\u00e9diatique guin\u00e9enne.\u00a0Daouda Bah, journaliste sportif \u00e0 la\u00a0RTG\u00a0et figure active du\u00a0syndicat de la radio-t\u00e9l\u00e9vision nationale, a \u00e9t\u00e9 victime d\u2019une\u00a0agression brutale\u00a0dans la soir\u00e9e du lundi 25 ao\u00fbt, alors qu\u2019il rentrait chez lui. L\u2019incident s\u2019est produit dans le quartier\u00a0Bomboly, sur la tr\u00e8s fr\u00e9quent\u00e9e\u00a0route Le Prince. Selon les [&hellip;]<\/p>\n","protected":false},"author":2,"featured_media":4720,"comment_status":"open","ping_status":"open","sticky":false,"template":"","format":"standard","meta":{"_jetpack_memberships_contains_paid_content":false,"footnotes":"","jetpack_publicize_message":"","jetpack_publicize_feature_enabled":true,"jetpack_social_post_already_shared":true,"jetpack_social_options":{"image_generator_settings":{"template":"highway","default_image_id":0,"font":"","enabled":false},"version":2}},"categories":[30,24],"tags":[1109,40],"class_list":{"0":"post-4716","1":"post","2":"type-post","3":"status-publish","4":"format-standard","5":"has-post-thumbnail","7":"category-faits-divers","8":"category-news","9":"tag-agression","10":"tag-journaliste"},"jetpack_publicize_connections":[],"jetpack_featured_media_url":"https:\/\/ledenonciateur224.com\/wp-content\/uploads\/2025\/08\/fb-img-1756314420018.jpg","jetpack_sharing_enabled":true,"_links":{"self":[{"href":"https:\/\/ledenonciateur224.com\/index.php\/wp-json\/wp\/v2\/posts\/4716","targetHints":{"allow":["GET"]}}],"collection":[{"href":"https:\/\/ledenonciateur224.com\/index.php\/wp-json\/wp\/v2\/posts"}],"about":[{"href":"https:\/\/ledenonciateur224.com\/index.php\/wp-json\/wp\/v2\/types\/post"}],"author":[{"embeddable":true,"href":"https:\/\/ledenonciateur224.com\/index.php\/wp-json\/wp\/v2\/users\/2"}],"replies":[{"embeddable":true,"href":"https:\/\/ledenonciateur224.com\/index.php\/wp-json\/wp\/v2\/comments?post=4716"}],"version-history":[{"count":0,"href":"https:\/\/ledenonciateur224.com\/index.php\/wp-json\/wp\/v2\/posts\/4716\/revisions"}],"wp:featuredmedia":[{"embeddable":true,"href":"https:\/\/ledenonciateur224.com\/index.php\/wp-json\/wp\/v2\/media\/4720"}],"wp:attachment":[{"href":"https:\/\/ledenonciateur224.com\/index.php\/wp-json\/wp\/v2\/media?parent=4716"}],"wp:term":[{"taxonomy":"category","embeddable":true,"href":"https:\/\/ledenonciateur224.com\/index.php\/wp-json\/wp\/v2\/categories?post=4716"},{"taxonomy":"post_tag","embeddable":true,"href":"https:\/\/ledenonciateur224.com\/index.php\/wp-json\/wp\/v2\/tags?post=4716"}],"curies":[{"name":"wp","href":"https:\/\/api.w.org\/{rel}","templated":true}]}}