{"id":4727,"date":"2025-08-28T15:08:56","date_gmt":"2025-08-28T15:08:56","guid":{"rendered":"https:\/\/ledenonciateur224.com\/?p=4727"},"modified":"2025-08-28T15:08:56","modified_gmt":"2025-08-28T15:08:56","slug":"la-guinee-et-la-turquie-scellent-un-accord-energetique-prometteur","status":"publish","type":"post","link":"https:\/\/ledenonciateur224.com\/index.php\/la-guinee-et-la-turquie-scellent-un-accord-energetique-prometteur\/","title":{"rendered":"La Guin\u00e9e et la Turquie scellent un accord \u00e9nerg\u00e9tique prometteur"},"content":{"rendered":"<p>Dans le cadre de la vision du Pr\u00e9sident de la R\u00e9publique, le G\u00e9n\u00e9ral d\u2019Arm\u00e9e Mamadi Doumbouya, ax\u00e9e sur la souverainet\u00e9 \u00e9nerg\u00e9tique et le d\u00e9veloppement durable, une d\u00e9l\u00e9gation gouvernementale guin\u00e9enne poursuit depuis le d\u00e9but de la semaine une mission de travail en R\u00e9publique de Turquie.<\/p>\n<p><img loading=\"lazy\" decoding=\"async\" class=\"alignnone size-full wp-image-4728\" src=\"https:\/\/ledenonciateur224.com\/wp-content\/uploads\/2025\/08\/img-20250828-wa0262.jpg\" alt=\"\" width=\"1280\" height=\"800\" srcset=\"https:\/\/ledenonciateur224.com\/wp-content\/uploads\/2025\/08\/img-20250828-wa0262.jpg 1280w, https:\/\/ledenonciateur224.com\/wp-content\/uploads\/2025\/08\/img-20250828-wa0262-300x188.jpg 300w, https:\/\/ledenonciateur224.com\/wp-content\/uploads\/2025\/08\/img-20250828-wa0262-1024x640.jpg 1024w, https:\/\/ledenonciateur224.com\/wp-content\/uploads\/2025\/08\/img-20250828-wa0262-768x480.jpg 768w, https:\/\/ledenonciateur224.com\/wp-content\/uploads\/2025\/08\/img-20250828-wa0262-150x94.jpg 150w, https:\/\/ledenonciateur224.com\/wp-content\/uploads\/2025\/08\/img-20250828-wa0262-696x435.jpg 696w, https:\/\/ledenonciateur224.com\/wp-content\/uploads\/2025\/08\/img-20250828-wa0262-1068x668.jpg 1068w, https:\/\/ledenonciateur224.com\/wp-content\/uploads\/2025\/08\/img-20250828-wa0262-672x420.jpg 672w\" sizes=\"auto, (max-width: 1280px) 100vw, 1280px\" \/><\/p>\n<p>Conduite par Monsieur Namory Camara, Ministre de l\u2019\u00c9nergie, accompagn\u00e9 de Monsieur Mourana Soumah, Ministre de l\u2019\u00c9conomie et des Finances, et de Monsieur Aly Seudouba Soumah, Conseiller du Chef de l\u2019\u00c9tat en charge de l\u2019Hydraulique et de l\u2019\u00c9nergie, la d\u00e9l\u00e9gation guin\u00e9enne a multipli\u00e9 des rencontres strat\u00e9giques avec des acteurs majeurs du secteur \u00e9nerg\u00e9tique turc.<\/p>\n<p><img loading=\"lazy\" decoding=\"async\" class=\"alignnone size-full wp-image-4729\" src=\"https:\/\/ledenonciateur224.com\/wp-content\/uploads\/2025\/08\/img-20250828-wa0264.jpg\" alt=\"\" width=\"1280\" height=\"720\" srcset=\"https:\/\/ledenonciateur224.com\/wp-content\/uploads\/2025\/08\/img-20250828-wa0264.jpg 1280w, https:\/\/ledenonciateur224.com\/wp-content\/uploads\/2025\/08\/img-20250828-wa0264-300x169.jpg 300w, https:\/\/ledenonciateur224.com\/wp-content\/uploads\/2025\/08\/img-20250828-wa0264-1024x576.jpg 1024w, https:\/\/ledenonciateur224.com\/wp-content\/uploads\/2025\/08\/img-20250828-wa0264-768x432.jpg 768w, https:\/\/ledenonciateur224.com\/wp-content\/uploads\/2025\/08\/img-20250828-wa0264-150x84.jpg 150w, https:\/\/ledenonciateur224.com\/wp-content\/uploads\/2025\/08\/img-20250828-wa0264-696x392.jpg 696w, https:\/\/ledenonciateur224.com\/wp-content\/uploads\/2025\/08\/img-20250828-wa0264-1068x601.jpg 1068w, https:\/\/ledenonciateur224.com\/wp-content\/uploads\/2025\/08\/img-20250828-wa0264-747x420.jpg 747w\" sizes=\"auto, (max-width: 1280px) 100vw, 1280px\" \/><\/p>\n<p>Point d\u2019orgue de cette mission, une rencontre de haut niveau s\u2019est tenue ce jeudi entre Monsieur Namory Camara et son homologue turc, Monsieur Alparslan Bayraktar, Ministre de l\u2019\u00c9nergie et des Ressources naturelles. Les discussions ont port\u00e9 sur :<br \/>\n&#8211; le renforcement des relations bilat\u00e9rales dans le domaine \u00e9nerg\u00e9tique,<br \/>\n&#8211; la mise en place de projets structurants pour la production, le transport et la distribution de l\u2019\u00e9lectricit\u00e9,<br \/>\nainsi que l\u2019\u00e9largissement des opportunit\u00e9s d\u2019investissement au profit des entreprises turques en Guin\u00e9e.<\/p>\n<p><img loading=\"lazy\" decoding=\"async\" class=\"alignnone size-full wp-image-4730\" src=\"https:\/\/ledenonciateur224.com\/wp-content\/uploads\/2025\/08\/img-20250828-wa0261.jpg\" alt=\"\" width=\"1020\" height=\"574\" srcset=\"https:\/\/ledenonciateur224.com\/wp-content\/uploads\/2025\/08\/img-20250828-wa0261.jpg 1020w, https:\/\/ledenonciateur224.com\/wp-content\/uploads\/2025\/08\/img-20250828-wa0261-300x169.jpg 300w, https:\/\/ledenonciateur224.com\/wp-content\/uploads\/2025\/08\/img-20250828-wa0261-768x432.jpg 768w, https:\/\/ledenonciateur224.com\/wp-content\/uploads\/2025\/08\/img-20250828-wa0261-150x84.jpg 150w, https:\/\/ledenonciateur224.com\/wp-content\/uploads\/2025\/08\/img-20250828-wa0261-696x392.jpg 696w, https:\/\/ledenonciateur224.com\/wp-content\/uploads\/2025\/08\/img-20250828-wa0261-746x420.jpg 746w\" sizes=\"auto, (max-width: 1020px) 100vw, 1020px\" \/><\/p>\n<p>\u00c0 travers cette d\u00e9marche proactive, le Gouvernement guin\u00e9en traduit sa volont\u00e9 ferme de :<br \/>\n&#8211; diversifier ses sources et partenariats \u00e9nerg\u00e9tiques,<br \/>\n&#8211; acc\u00e9l\u00e9rer l\u2019\u00e9lectrification nationale,<br \/>\n&#8211; favoriser l\u2019industrialisation et la croissance \u00e9conomique du pays.<br \/>\nCette mission officielle illustre l\u2019engagement d\u00e9termin\u00e9 des autorit\u00e9s guin\u00e9ennes \u00e0 b\u00e2tir une coop\u00e9ration solide et durable avec la Turquie, partenaire strat\u00e9gique, afin de positionner la Guin\u00e9e comme un futur p\u00f4le \u00e9nerg\u00e9tique majeur en Afrique de l\u2019Ouest.<\/p>\n<p><img loading=\"lazy\" decoding=\"async\" class=\"alignnone size-full wp-image-4731\" src=\"https:\/\/ledenonciateur224.com\/wp-content\/uploads\/2025\/08\/img-20250828-wa0258.jpg\" alt=\"\" width=\"1280\" height=\"844\" srcset=\"https:\/\/ledenonciateur224.com\/wp-content\/uploads\/2025\/08\/img-20250828-wa0258.jpg 1280w, https:\/\/ledenonciateur224.com\/wp-content\/uploads\/2025\/08\/img-20250828-wa0258-300x198.jpg 300w, https:\/\/ledenonciateur224.com\/wp-content\/uploads\/2025\/08\/img-20250828-wa0258-1024x675.jpg 1024w, https:\/\/ledenonciateur224.com\/wp-content\/uploads\/2025\/08\/img-20250828-wa0258-768x506.jpg 768w, https:\/\/ledenonciateur224.com\/wp-content\/uploads\/2025\/08\/img-20250828-wa0258-150x99.jpg 150w, https:\/\/ledenonciateur224.com\/wp-content\/uploads\/2025\/08\/img-20250828-wa0258-696x459.jpg 696w, https:\/\/ledenonciateur224.com\/wp-content\/uploads\/2025\/08\/img-20250828-wa0258-1068x704.jpg 1068w, https:\/\/ledenonciateur224.com\/wp-content\/uploads\/2025\/08\/img-20250828-wa0258-637x420.jpg 637w\" sizes=\"auto, (max-width: 1280px) 100vw, 1280px\" \/><\/p>\n<p><img loading=\"lazy\" decoding=\"async\" class=\"alignnone size-full wp-image-4732\" src=\"https:\/\/ledenonciateur224.com\/wp-content\/uploads\/2025\/08\/img-20250828-wa0263.jpg\" alt=\"\" width=\"1280\" height=\"720\" srcset=\"https:\/\/ledenonciateur224.com\/wp-content\/uploads\/2025\/08\/img-20250828-wa0263.jpg 1280w, https:\/\/ledenonciateur224.com\/wp-content\/uploads\/2025\/08\/img-20250828-wa0263-300x169.jpg 300w, https:\/\/ledenonciateur224.com\/wp-content\/uploads\/2025\/08\/img-20250828-wa0263-1024x576.jpg 1024w, https:\/\/ledenonciateur224.com\/wp-content\/uploads\/2025\/08\/img-20250828-wa0263-768x432.jpg 768w, https:\/\/ledenonciateur224.com\/wp-content\/uploads\/2025\/08\/img-20250828-wa0263-150x84.jpg 150w, https:\/\/ledenonciateur224.com\/wp-content\/uploads\/2025\/08\/img-20250828-wa0263-696x392.jpg 696w, https:\/\/ledenonciateur224.com\/wp-content\/uploads\/2025\/08\/img-20250828-wa0263-1068x601.jpg 1068w, https:\/\/ledenonciateur224.com\/wp-content\/uploads\/2025\/08\/img-20250828-wa0263-747x420.jpg 747w\" sizes=\"auto, (max-width: 1280px) 100vw, 1280px\" \/> <img loading=\"lazy\" decoding=\"async\" class=\"alignnone size-full wp-image-4733\" src=\"https:\/\/ledenonciateur224.com\/wp-content\/uploads\/2025\/08\/img-20250828-wa0260.jpg\" alt=\"\" width=\"1280\" height=\"720\" srcset=\"https:\/\/ledenonciateur224.com\/wp-content\/uploads\/2025\/08\/img-20250828-wa0260.jpg 1280w, https:\/\/ledenonciateur224.com\/wp-content\/uploads\/2025\/08\/img-20250828-wa0260-300x169.jpg 300w, https:\/\/ledenonciateur224.com\/wp-content\/uploads\/2025\/08\/img-20250828-wa0260-1024x576.jpg 1024w, https:\/\/ledenonciateur224.com\/wp-content\/uploads\/2025\/08\/img-20250828-wa0260-768x432.jpg 768w, https:\/\/ledenonciateur224.com\/wp-content\/uploads\/2025\/08\/img-20250828-wa0260-150x84.jpg 150w, https:\/\/ledenonciateur224.com\/wp-content\/uploads\/2025\/08\/img-20250828-wa0260-696x392.jpg 696w, https:\/\/ledenonciateur224.com\/wp-content\/uploads\/2025\/08\/img-20250828-wa0260-1068x601.jpg 1068w, https:\/\/ledenonciateur224.com\/wp-content\/uploads\/2025\/08\/img-20250828-wa0260-747x420.jpg 747w\" sizes=\"auto, (max-width: 1280px) 100vw, 1280px\" \/><\/p>\n<p>Transmis par le Service de Communication et des Relations Publiques du Minist\u00e8re de l\u2019Energie<\/p>\n","protected":false},"excerpt":{"rendered":"<p>Dans le cadre de la vision du Pr\u00e9sident de la R\u00e9publique, le G\u00e9n\u00e9ral d\u2019Arm\u00e9e Mamadi Doumbouya, ax\u00e9e sur la souverainet\u00e9 \u00e9nerg\u00e9tique et le d\u00e9veloppement durable, une d\u00e9l\u00e9gation gouvernementale guin\u00e9enne poursuit depuis le d\u00e9but de la semaine une mission de travail en R\u00e9publique de Turquie. Conduite par Monsieur Namory Camara, Ministre de l\u2019\u00c9nergie, accompagn\u00e9 de Monsieur [&hellip;]<\/p>\n","protected":false},"author":2,"featured_media":4730,"comment_status":"open","ping_status":"open","sticky":false,"template":"","format":"standard","meta":{"_jetpack_memberships_contains_paid_content":false,"footnotes":"","jetpack_publicize_message":"","jetpack_publicize_feature_enabled":true,"jetpack_social_post_already_shared":true,"jetpack_social_options":{"image_generator_settings":{"template":"highway","default_image_id":0,"font":"","enabled":false},"version":2}},"categories":[30,38,24],"tags":[1032,1033,360],"class_list":{"0":"post-4727","1":"post","2":"type-post","3":"status-publish","4":"format-standard","5":"has-post-thumbnail","7":"category-faits-divers","8":"category-international","9":"category-news","10":"tag-energetique","11":"tag-ministre-namory-camara","12":"tag-cooperation"},"jetpack_publicize_connections":[],"jetpack_featured_media_url":"https:\/\/ledenonciateur224.com\/wp-content\/uploads\/2025\/08\/img-20250828-wa0261.jpg","jetpack_sharing_enabled":true,"_links":{"self":[{"href":"https:\/\/ledenonciateur224.com\/index.php\/wp-json\/wp\/v2\/posts\/4727","targetHints":{"allow":["GET"]}}],"collection":[{"href":"https:\/\/ledenonciateur224.com\/index.php\/wp-json\/wp\/v2\/posts"}],"about":[{"href":"https:\/\/ledenonciateur224.com\/index.php\/wp-json\/wp\/v2\/types\/post"}],"author":[{"embeddable":true,"href":"https:\/\/ledenonciateur224.com\/index.php\/wp-json\/wp\/v2\/users\/2"}],"replies":[{"embeddable":true,"href":"https:\/\/ledenonciateur224.com\/index.php\/wp-json\/wp\/v2\/comments?post=4727"}],"version-history":[{"count":0,"href":"https:\/\/ledenonciateur224.com\/index.php\/wp-json\/wp\/v2\/posts\/4727\/revisions"}],"wp:featuredmedia":[{"embeddable":true,"href":"https:\/\/ledenonciateur224.com\/index.php\/wp-json\/wp\/v2\/media\/4730"}],"wp:attachment":[{"href":"https:\/\/ledenonciateur224.com\/index.php\/wp-json\/wp\/v2\/media?parent=4727"}],"wp:term":[{"taxonomy":"category","embeddable":true,"href":"https:\/\/ledenonciateur224.com\/index.php\/wp-json\/wp\/v2\/categories?post=4727"},{"taxonomy":"post_tag","embeddable":true,"href":"https:\/\/ledenonciateur224.com\/index.php\/wp-json\/wp\/v2\/tags?post=4727"}],"curies":[{"name":"wp","href":"https:\/\/api.w.org\/{rel}","templated":true}]}}