{"id":4762,"date":"2025-08-29T17:10:24","date_gmt":"2025-08-29T17:10:24","guid":{"rendered":"https:\/\/ledenonciateur224.com\/?p=4762"},"modified":"2025-08-29T17:12:28","modified_gmt":"2025-08-29T17:12:28","slug":"cartes-delecteur-une-distribution-encadree-une-vigilance-renforcee","status":"publish","type":"post","link":"https:\/\/ledenonciateur224.com\/index.php\/cartes-delecteur-une-distribution-encadree-une-vigilance-renforcee\/","title":{"rendered":"Cartes d\u2019\u00e9lecteur : une distribution encadr\u00e9e, une vigilance renforc\u00e9e"},"content":{"rendered":"<p><span style=\"color: #111111;font-family: Roboto, sans-serif;font-size: 22px\">Le processus de distribution des cartes d\u2019\u00e9lecteur s\u2019annonce rigoureux et m\u00e9thodiquement encadr\u00e9. \u00c0 quelques semaines des \u00e9lections, les autorit\u00e9s mettent en place un dispositif diff\u00e9renci\u00e9 selon les zones g\u00e9ographiques, afin d\u2019assurer une remise efficace et s\u00e9curis\u00e9e.<\/span><\/p>\n<p>En milieu urbain, la distribution sera assur\u00e9e par les chefs de quartiers, qui pourront, en cas de besoin, faire appel aux pr\u00e9sidents des d\u00e9l\u00e9gations sp\u00e9ciales. Dans les zones rurales, cette mission reviendra aux enseignants, plac\u00e9s sous la supervision directe des chefs de districts.<\/p>\n<p>Mme Djenabou Tour\u00e9, responsable de la supervision du processus, a insist\u00e9 sur le strict respect des r\u00e8gles entourant le retrait des cartes : <strong>seule la personne concern\u00e9e est autoris\u00e9e \u00e0 r\u00e9cup\u00e9rer sa carte d\u2019\u00e9lecteur<\/strong>, sauf cas de force majeure d\u00fbment justifi\u00e9. \u00ab M\u00eame l\u2019\u00e9poux ou l\u2019\u00e9pouse n\u2019est pas autoris\u00e9(e) \u00e0 retirer la carte d\u2019un proche \u00bb, a-t-elle pr\u00e9cis\u00e9, soulignant la volont\u00e9 de pr\u00e9venir tout d\u00e9tournement ou r\u00e9tention abusive.<\/p>\n<p><strong>L\u2019op\u00e9ration de distribution<\/strong> se d\u00e9roulera du <strong>6 au 21 septembre 2025<\/strong> sur l\u2019ensemble du territoire national. Mme Tour\u00e9 a appel\u00e9 \u00e0 une mobilisation citoyenne :\u00ab La carte d\u2019\u00e9lecteur est l\u2019instrument indispensable pour l\u2019exercice du droit de vote. Nous invitons donc tous les citoyens inscrits sur la liste \u00e9lectorale \u00e0 se mobiliser massivement afin de retirer leurs cartes dans les d\u00e9lais. \u00bb<\/p>\n<p>Cette annonce a \u00e9t\u00e9 faite lors d\u2019une journ\u00e9e d\u2019\u00e9changes consacr\u00e9e \u00e0 la pr\u00e9sentation des statistiques finales du recensement biom\u00e9trique. \u00c0 cette occasion, les aspects techniques et logistiques du processus ont \u00e9t\u00e9 pass\u00e9s en revue. Partis politiques, partenaires internationaux, organisations de la soci\u00e9t\u00e9 civile et associations de presse ont r\u00e9affirm\u00e9 leur engagement \u00e0 accompagner ce processus \u00e9lectoral.<\/p>\n<p><strong>Un cadre structur\u00e9, des r\u00e8gles claires et une surveillance renforc\u00e9e : autant de gages d\u2019un scrutin transparent et cr\u00e9dible.<\/strong><\/p>\n<p>&nbsp;<\/p>\n<p>AMC<\/p>\n<p>611 70 39 84<\/p>\n","protected":false},"excerpt":{"rendered":"<p>Le processus de distribution des cartes d\u2019\u00e9lecteur s\u2019annonce rigoureux et m\u00e9thodiquement encadr\u00e9. \u00c0 quelques semaines des \u00e9lections, les autorit\u00e9s mettent en place un dispositif diff\u00e9renci\u00e9 selon les zones g\u00e9ographiques, afin d\u2019assurer une remise efficace et s\u00e9curis\u00e9e. En milieu urbain, la distribution sera assur\u00e9e par les chefs de quartiers, qui pourront, en cas de besoin, faire [&hellip;]<\/p>\n","protected":false},"author":2,"featured_media":4055,"comment_status":"open","ping_status":"open","sticky":false,"template":"","format":"standard","meta":{"_jetpack_memberships_contains_paid_content":false,"footnotes":"","jetpack_publicize_message":"","jetpack_publicize_feature_enabled":true,"jetpack_social_post_already_shared":true,"jetpack_social_options":{"image_generator_settings":{"template":"highway","default_image_id":0,"font":"","enabled":false},"version":2}},"categories":[24,27],"tags":[1117,1118],"class_list":{"0":"post-4762","1":"post","2":"type-post","3":"status-publish","4":"format-standard","5":"has-post-thumbnail","7":"category-news","8":"category-politique","9":"tag-cartes","10":"tag-electeurs"},"jetpack_publicize_connections":[],"jetpack_featured_media_url":"https:\/\/ledenonciateur224.com\/wp-content\/uploads\/2025\/07\/img-20250409-wa0062.jpg","jetpack_sharing_enabled":true,"_links":{"self":[{"href":"https:\/\/ledenonciateur224.com\/index.php\/wp-json\/wp\/v2\/posts\/4762","targetHints":{"allow":["GET"]}}],"collection":[{"href":"https:\/\/ledenonciateur224.com\/index.php\/wp-json\/wp\/v2\/posts"}],"about":[{"href":"https:\/\/ledenonciateur224.com\/index.php\/wp-json\/wp\/v2\/types\/post"}],"author":[{"embeddable":true,"href":"https:\/\/ledenonciateur224.com\/index.php\/wp-json\/wp\/v2\/users\/2"}],"replies":[{"embeddable":true,"href":"https:\/\/ledenonciateur224.com\/index.php\/wp-json\/wp\/v2\/comments?post=4762"}],"version-history":[{"count":0,"href":"https:\/\/ledenonciateur224.com\/index.php\/wp-json\/wp\/v2\/posts\/4762\/revisions"}],"wp:featuredmedia":[{"embeddable":true,"href":"https:\/\/ledenonciateur224.com\/index.php\/wp-json\/wp\/v2\/media\/4055"}],"wp:attachment":[{"href":"https:\/\/ledenonciateur224.com\/index.php\/wp-json\/wp\/v2\/media?parent=4762"}],"wp:term":[{"taxonomy":"category","embeddable":true,"href":"https:\/\/ledenonciateur224.com\/index.php\/wp-json\/wp\/v2\/categories?post=4762"},{"taxonomy":"post_tag","embeddable":true,"href":"https:\/\/ledenonciateur224.com\/index.php\/wp-json\/wp\/v2\/tags?post=4762"}],"curies":[{"name":"wp","href":"https:\/\/api.w.org\/{rel}","templated":true}]}}