{"id":4765,"date":"2025-08-29T18:20:18","date_gmt":"2025-08-29T18:20:18","guid":{"rendered":"https:\/\/ledenonciateur224.com\/?p=4765"},"modified":"2025-08-29T18:20:18","modified_gmt":"2025-08-29T18:20:18","slug":"kankan-le-directeur-de-linformation-appelle-les-journalistes-au-professionnalisme-dans-le-traitement-de-linformation","status":"publish","type":"post","link":"https:\/\/ledenonciateur224.com\/index.php\/kankan-le-directeur-de-linformation-appelle-les-journalistes-au-professionnalisme-dans-le-traitement-de-linformation\/","title":{"rendered":"Kankan : Le directeur de l&rsquo;information appelle les journalistes au professionnalisme dans le traitement de l&rsquo;information"},"content":{"rendered":"<p>Ce vendredi 29 ao\u00fbt, le directeur r\u00e9gional de l&rsquo;Information et de la Communication a convi\u00e9 les hommes de m\u00e9dias \u00e0 une importante rencontre. L\u2019objectif de cette r\u00e9union \u00e9tait ax\u00e9 sur le traitement de l&rsquo;information en cette p\u00e9riode de campagne \u00e9lectorale. Cette rencontre d\u2019\u00e9change, qui a r\u00e9uni des professionnels des m\u00e9dias, s\u2019est tenue \u00e0 la Maison de la presse locale.<\/p>\n<p>Prenant la parole, Mamady Kanssan Doumbouya a conseill\u00e9 aux journalistes d\u2019\u00e9viter la diffusion de fausses informations, de directs non ma\u00eetris\u00e9s, ainsi que d&rsquo;autres pratiques pouvant nuire \u00e0 la paix sociale. Il a rappel\u00e9 les objectifs de cette s\u00e9ance d\u2019\u00e9changes.\u00ab J\u2019ai invit\u00e9 les journalistes aujourd\u2019hui afin de faire preuve de rigueur dans la collecte et la diffusion de l\u2019information, car nous sommes \u00e0 quelques heures de l\u2019ouverture de la campagne \u00e9lectorale r\u00e9f\u00e9rendaire. Nous savons que cette p\u00e9riode est sensible et cruciale, et la responsabilit\u00e9 sociale des journalistes est plus que jamais engag\u00e9e \u00bb, a affirm\u00e9 le directeur r\u00e9gional de l\u2019Information de Kankan.<\/p>\n<p>Saisissant cette opportunit\u00e9, il a appel\u00e9 les journalistes \u00e0 la vigilance, \u00e0 redoubler d&rsquo;efforts et \u00e0 \u00e9viter la propagation de fausses informations, tout en veillant \u00e0 pr\u00e9server la qui\u00e9tude sociale.\u00ab Nous devons mettre la paix en avant, c\u2019est le souhait de tous les Guin\u00e9ens. Cultivons donc la paix et \u00e9vitons la diffusion de fausses informations, de discours haineux. Si vous devez diffuser en direct, prenez toutes les pr\u00e9cautions n\u00e9cessaires \u00bb, a-t-il conseill\u00e9.<\/p>\n<p>\u00c0 la sortie de cette rencontre, le directeur r\u00e9gional s\u2019est f\u00e9licit\u00e9 de la qualit\u00e9 du travail r\u00e9alis\u00e9 par les hommes de m\u00e9dias dans la r\u00e9gion. Selon lui, depuis sa prise de fonction, aucun journaliste n\u2019a \u00e9t\u00e9 suspendu.<\/p>\n<p>&nbsp;<\/p>\n<p><strong>Kankan, Mamoudou Cond\u00e9 pour Ledenonciateur224.com\u00a0<\/strong><\/p>\n<p>&nbsp;<\/p>\n","protected":false},"excerpt":{"rendered":"<p>Ce vendredi 29 ao\u00fbt, le directeur r\u00e9gional de l&rsquo;Information et de la Communication a convi\u00e9 les hommes de m\u00e9dias \u00e0 une importante rencontre. L\u2019objectif de cette r\u00e9union \u00e9tait ax\u00e9 sur le traitement de l&rsquo;information en cette p\u00e9riode de campagne \u00e9lectorale. Cette rencontre d\u2019\u00e9change, qui a r\u00e9uni des professionnels des m\u00e9dias, s\u2019est tenue \u00e0 la Maison [&hellip;]<\/p>\n","protected":false},"author":2,"featured_media":4766,"comment_status":"open","ping_status":"open","sticky":false,"template":"","format":"standard","meta":{"_jetpack_memberships_contains_paid_content":false,"footnotes":"","jetpack_publicize_message":"","jetpack_publicize_feature_enabled":true,"jetpack_social_post_already_shared":true,"jetpack_social_options":{"image_generator_settings":{"template":"highway","default_image_id":0,"font":"","enabled":false},"version":2}},"categories":[30,24,33],"tags":[723,294],"class_list":{"0":"post-4765","1":"post","2":"type-post","3":"status-publish","4":"format-standard","5":"has-post-thumbnail","7":"category-faits-divers","8":"category-news","9":"category-region","10":"tag-medias","11":"tag-kankan"},"jetpack_publicize_connections":[],"jetpack_featured_media_url":"https:\/\/ledenonciateur224.com\/wp-content\/uploads\/2025\/08\/img-20250829-wa0092.jpg","jetpack_sharing_enabled":true,"_links":{"self":[{"href":"https:\/\/ledenonciateur224.com\/index.php\/wp-json\/wp\/v2\/posts\/4765","targetHints":{"allow":["GET"]}}],"collection":[{"href":"https:\/\/ledenonciateur224.com\/index.php\/wp-json\/wp\/v2\/posts"}],"about":[{"href":"https:\/\/ledenonciateur224.com\/index.php\/wp-json\/wp\/v2\/types\/post"}],"author":[{"embeddable":true,"href":"https:\/\/ledenonciateur224.com\/index.php\/wp-json\/wp\/v2\/users\/2"}],"replies":[{"embeddable":true,"href":"https:\/\/ledenonciateur224.com\/index.php\/wp-json\/wp\/v2\/comments?post=4765"}],"version-history":[{"count":0,"href":"https:\/\/ledenonciateur224.com\/index.php\/wp-json\/wp\/v2\/posts\/4765\/revisions"}],"wp:featuredmedia":[{"embeddable":true,"href":"https:\/\/ledenonciateur224.com\/index.php\/wp-json\/wp\/v2\/media\/4766"}],"wp:attachment":[{"href":"https:\/\/ledenonciateur224.com\/index.php\/wp-json\/wp\/v2\/media?parent=4765"}],"wp:term":[{"taxonomy":"category","embeddable":true,"href":"https:\/\/ledenonciateur224.com\/index.php\/wp-json\/wp\/v2\/categories?post=4765"},{"taxonomy":"post_tag","embeddable":true,"href":"https:\/\/ledenonciateur224.com\/index.php\/wp-json\/wp\/v2\/tags?post=4765"}],"curies":[{"name":"wp","href":"https:\/\/api.w.org\/{rel}","templated":true}]}}