{"id":4777,"date":"2025-08-30T19:34:20","date_gmt":"2025-08-30T19:34:20","guid":{"rendered":"https:\/\/ledenonciateur224.com\/?p=4777"},"modified":"2025-08-30T19:34:20","modified_gmt":"2025-08-30T19:34:20","slug":"president-kerfalla-camara-kpc-parcours-dun-entrepreneur-visionnaire-et-batisseur-guineen","status":"publish","type":"post","link":"https:\/\/ledenonciateur224.com\/index.php\/president-kerfalla-camara-kpc-parcours-dun-entrepreneur-visionnaire-et-batisseur-guineen\/","title":{"rendered":"Pr\u00e9sident Kerfalla Camara Kpc : Parcours d\u2019un entrepreneur visionnaire et b\u00e2tisseur guin\u00e9en"},"content":{"rendered":"<p>\ud835\ude48\ud835\ude64\ud835\ude63\ud835\ude68\ud835\ude5e\ud835\ude5a\ud835\ude6a\ud835\ude67 \ud835\ude46\ud835\ude5a\ud835\ude67\ud835\ude5b\ud835\ude56\ud835\ude61\ud835\ude61\ud835\ude56 \ud835\ude3e\ud835\ude56\ud835\ude62\ud835\ude56\ud835\ude67\ud835\ude56 \u201d\ud835\ude46\ud835\ude4b\ud835\ude3e\u201d, est un entrepreneur et homme d\u2019affaires guin\u00e9en, \ud835\ude63\u00e9 \ud835\ude61\ud835\ude5a 8 \ud835\ude62\ud835\ude56\ud835\ude67\ud835\ude68 1970 \u00e0 \ud835\ude3e\ud835\ude64\ud835\ude63\ud835\ude56\ud835\ude60\ud835\ude67\ud835\ude6e. Il a effectu\u00e9 l\u2019ensemble de son parcours scolaire et universitaire en Guin\u00e9e.<br \/>\nEn \ud835\udfcf\ud835\udfd7\ud835\udfd7\ud835\udfd4, il obtient une \ud835\ude61\ud835\ude5e\ud835\ude58\ud835\ude5a\ud835\ude63\ud835\ude58\ud835\ude5a \ud835\ude5a\ud835\ude63 \ud835\ude40\ud835\ude58\ud835\ude64\ud835\ude63\ud835\ude64\ud835\ude62\ud835\ude5e\ud835\ude5a \ud835\ude5a\ud835\ude69 \ud835\ude41\ud835\ude5e\ud835\ude63\ud835\ude56\ud835\ude63\ud835\ude58\ud835\ude5a \u00e0 l\u2019Universit\u00e9 Gamal Abdel Nasser de Conakry. Dans le m\u00eame temps, il d\u00e9croche une \ud835\ude62\ud835\ude56\ud835\ude5e\ud835\ude69\ud835\ude67\ud835\ude5e\ud835\ude68\ud835\ude5a \ud835\ude5a\ud835\ude63 \ud835\ude3c\ud835\ude59\ud835\ude62\ud835\ude5e\ud835\ude63\ud835\ude5e\ud835\ude68\ud835\ude69\ud835\ude67\ud835\ude56\ud835\ude69\ud835\ude5e\ud835\ude64\ud835\ude63 \ud835\ude59\ud835\ude5a\ud835\ude68 \ud835\ude3c\ud835\ude5b\ud835\ude5b\ud835\ude56\ud835\ude5e\ud835\ude67\ud835\ude5a\ud835\ude68, gr\u00e2ce \u00e0 un programme initi\u00e9 par la coop\u00e9ration canadienne.<\/p>\n<p>\ud835\ude3f\ud835\ude5a \ud835\ude61\u2019\ud835\ude56\ud835\ude6a\ud835\ude59\ud835\ude56\ud835\ude58\ud835\ude5a \u00e0 \ud835\ude61\ud835\ude56 \ud835\ude67\ud835\ude5a\ud835\ude6a\ud835\ude68\ud835\ude68\ud835\ude5e\ud835\ude69\ud835\ude5a : L\u2019ann\u00e9e \ud835\udfcf\ud835\udfd7\ud835\udfd7\ud835\udfd6 marque un tournant d\u00e9cisif, le Pr\u00e9sident KPC fonde la \ud835\ude42\ud835\ude6a\ud835\ude5e\ud835\ude63\ud835\ude5a\ud835\ude5a\ud835\ude63\ud835\ude63\ud835\ude5a \ud835\ude59\ud835\ude5a \ud835\ude3e\ud835\ude64\ud835\ude63\ud835\ude68\ud835\ude69\ud835\ude67\ud835\ude6a\ud835\ude58\ud835\ude69\ud835\ude5e\ud835\ude64\ud835\ude63 \ud835\ude5a\ud835\ude69 \ud835\ude59\ud835\ude5a \ud835\ude4b\ud835\ude67\ud835\ude5a\ud835\ude68\ud835\ude69\ud835\ude56\ud835\ude69\ud835\ude5e\ud835\ude64\ud835\ude63\ud835\ude68 \ud835\ude59\ud835\ude5a \ud835\ude4e\ud835\ude5a\ud835\ude67\ud835\ude6b\ud835\ude5e\ud835\ude58\ud835\ude5a\ud835\ude68 (\ud835\ude42\ud835\ude6a\ud835\ude5e\ud835\ude58\ud835\ude64\ud835\ude65\ud835\ude67\ud835\ude5a\ud835\ude68). Ce qui n\u2019\u00e9tait qu\u2019un pari audacieux devient, au fil des ann\u00e9es, un \ud835\ude5c\ud835\ude67\ud835\ude64\ud835\ude6a\ud835\ude65\ud835\ude5a \ud835\ude68\ud835\ude64\ud835\ude61\ud835\ude5e\ud835\ude59\ud835\ude5a \ud835\ude5a\ud835\ude69 \ud835\ude5e\ud835\ude63\ud835\ude58\ud835\ude64\ud835\ude63\ud835\ude69\ud835\ude64\ud835\ude6a\ud835\ude67\ud835\ude63\ud835\ude56\ud835\ude57\ud835\ude61\ud835\ude5a, avec plusieurs filiales (Guicopres BTP, Guico Multiservices International, Kakand\u00e9 Immobilier, Nalou Transit\u2026).<\/p>\n<p>Aujourd\u2019hui, le Groupe Guicopres rayonne bien au-del\u00e0 de la Guin\u00e9e, symbole du travail acharn\u00e9 et de la vision de son fondateur. Son PDG, Monsieur Kerfalla Camara KPC, occupe \u00e9galement le poste de \ud835\ude51\ud835\ude5e\ud835\ude58\ud835\ude5a-\ud835\ude4b\ud835\ude67\ud835\ude5a\ud835\ude68\ud835\ude5e\ud835\ude59\ud835\ude5a\ud835\ude63\ud835\ude69 \ud835\ude3e\ud835\ude5d\ud835\ude56\ud835\ude67\ud835\ude5c\ud835\ude5a \ud835\ude59\ud835\ude5a\ud835\ude68 \ud835\ude4d\ud835\ude5a\ud835\ude61\ud835\ude56\ud835\ude69\ud835\ude5e\ud835\ude64\ud835\ude63\ud835\ude68 \ud835\ude44\ud835\ude63\ud835\ude69\ud835\ude5a\ud835\ude67\ud835\ude63\ud835\ude56\ud835\ude69\ud835\ude5e\ud835\ude64\ud835\ude63\ud835\ude56\ud835\ude61\ud835\ude5a\ud835\ude68 \ud835\ude59\ud835\ude6a \ud835\ude4b\ud835\ude56\ud835\ude69\ud835\ude67\ud835\ude64\ud835\ude63\ud835\ude56\ud835\ude69 \ud835\ude42\ud835\ude6a\ud835\ude5e\ud835\ude63\ud835\ude5a\ud835\ude5a\ud835\ude63 et pr\u00e9side la \ud835\ude41\ud835\ude64\ud835\ude63\ud835\ude59\ud835\ude56\ud835\ude69\ud835\ude5e\ud835\ude64\ud835\ude63 \ud835\ude46\ud835\ude4b\ud835\ude3e \ud835\ude65\ud835\ude64\ud835\ude6a\ud835\ude67 \ud835\ude61\u2019\ud835\ude43\ud835\ude6a\ud835\ude62\ud835\ude56\ud835\ude63\ud835\ude5e\ud835\ude69\ud835\ude56\ud835\ude5e\ud835\ude67\ud835\ude5a, active dans les domaines sociaux, \u00e9ducatifs et sportifs.<\/p>\n<p>\ud835\ude50\ud835\ude63 \ud835\ude56\ud835\ude58\ud835\ude69\ud835\ude5a\ud835\ude6a\ud835\ude67 \ud835\ude62\ud835\ude56\ud835\ude5f\ud835\ude5a\ud835\ude6a\ud835\ude67 \ud835\ude59\ud835\ude6a \ud835\ude5b\ud835\ude64\ud835\ude64\ud835\ude69\ud835\ude57\ud835\ude56\ud835\ude61\ud835\ude61 \ud835\ude5c\ud835\ude6a\ud835\ude5e\ud835\ude63\ud835\ude5a\ud835\ude5a\ud835\ude63 : En \ud835\udfd0\ud835\udfce\ud835\udfcf\ud835\udfd1, Le Pr\u00e9sident KPC surprend une fois de plus. Passionn\u00e9 de sport, il reprend le HAFIA FC, alors en pleine tourmente. Beaucoup doutent, mais lui y croit fermement. Sous sa direction, le club retrouve progressivement son \u00e9clat sur la sc\u00e8ne guin\u00e9enne et africaine.<\/p>\n<p>\ud835\ude4d\ud835\ude5a\ud835\ude56\ud835\ude61\ud835\ude5e\ud835\ude68\ud835\ude56\ud835\ude69\ud835\ude5e\ud835\ude64\ud835\ude63\ud835\ude68 \ud835\ude59\ud835\ude56\ud835\ude63\ud835\ude68 \ud835\ude61\ud835\ude5a\ud835\ude68 \ud835\ude5e\ud835\ude63\ud835\ude5b\ud835\ude67\ud835\ude56\ud835\ude68\ud835\ude69\ud835\ude67\ud835\ude6a\ud835\ude58\ud835\ude69\ud835\ude6a\ud835\ude67\ud835\ude5a\ud835\ude68 \ud835\ude68\ud835\ude65\ud835\ude64\ud835\ude67\ud835\ude69\ud835\ude5e\ud835\ude6b\ud835\ude5a\ud835\ude68 : Au-del\u00e0 du Hafia FC, le Pr\u00e9sident KPC investit dans les infrastructures sportives.<br \/>\nIl b\u00e2tit une vision : une \ud835\ude3c\ud835\ude58\ud835\ude56\ud835\ude59\ud835\ude5a\ud835\ude62\ud835\ude5e\ud835\ude5a \ud835\ude59\ud835\ude5a \ud835\ude41\ud835\ude64\ud835\ude64\ud835\ude69\ud835\ude57\ud835\ude56\ud835\ude61\ud835\ude61 \u00e0 \ud835\ude3f\ud835\ude6a\ud835\ude57\ud835\ude67\ud835\ude5a\ud835\ude60\ud835\ude56, pour former les talents de demain, et des \ud835\ude5e\ud835\ude63\ud835\ude5b\ud835\ude67\ud835\ude56\ud835\ude68\ud835\ude69\ud835\ude67\ud835\ude6a\ud835\ude58\ud835\ude69\ud835\ude6a\ud835\ude67\ud835\ude5a\ud835\ude68 \ud835\ude68\ud835\ude65\ud835\ude64\ud835\ude67\ud835\ude69\ud835\ude5e\ud835\ude6b\ud835\ude5a\ud835\ude68 \ud835\ude62\ud835\ude64\ud835\ude59\ud835\ude5a\ud835\ude67\ud835\ude63\ud835\ude5a\ud835\ude68 comme le Stade Petit Sory. Gr\u00e2ce \u00e0 lui, de nombreux stades de la Guin\u00e9e b\u00e9n\u00e9ficient de gazons synth\u00e9tiques et d\u2019\u00e9quipements offerts via sa Fondation KPC pour l&rsquo;Humanitaire.<\/p>\n<p>\ud835\ude4d\ud835\ude5a\ud835\ude68\ud835\ude65\ud835\ude64\ud835\ude63\ud835\ude68\ud835\ude56\ud835\ude57\ud835\ude5e\ud835\ude61\ud835\ude5e\ud835\ude69\ud835\ude5a\ud835\ude68 \ud835\ude5e\ud835\ude63\ud835\ude68\ud835\ude69\ud835\ude5e\ud835\ude69\ud835\ude6a\ud835\ude69\ud835\ude5e\ud835\ude64\ud835\ude63\ud835\ude63\ud835\ude5a\ud835\ude61\ud835\ude61\ud835\ude5a\ud835\ude68 : Le Pr\u00e9sident Kerfalla Camara KPC a \u00e9galement pr\u00e9sid\u00e9 la Ligue Guin\u00e9enne de Football Professionnel-LGFP. En reconnaissance de son engagement, l\u2019\u00c9tat Guin\u00e9en lui confie le poste de 1\ud835\ude5a\ud835\ude67 \ud835\ude51\ud835\ude5e\ud835\ude58\ud835\ude5a-\ud835\ude4b\ud835\ude67\ud835\ude5a\ud835\ude68\ud835\ude5e\ud835\ude59\ud835\ude5a\ud835\ude63\ud835\ude69 \ud835\ude59\ud835\ude6a \ud835\ude3e\ud835\ude4a\ud835\ude3e\ud835\ude3c\ud835\ude49 2025. En 2021, il se porte candidat \u00e0 la pr\u00e9sidence de la F\u00e9d\u00e9ration Guin\u00e9enne de Football-FGF, avant de se retirer au profit de son compatriote, son grand fr\u00e8re, le Pr\u00e9sident Mamadou Antonio Souar\u00e9, un geste de grandeur et d\u2019\u00e9l\u00e9gance salu\u00e9 par tous.<\/p>\n<p>Un patriote avant tout : Entrepreneur respect\u00e9, le Pr\u00e9sident KPC est un homme aux multiples casquettes. Mais derri\u00e8re ces titres, il reste un Guin\u00e9en profond\u00e9ment attach\u00e9 \u00e0 son pays et anim\u00e9 par une conviction : \ud835\ude61\ud835\ude5a \ud835\ude59\ud835\ude5a\ud835\ude6b\ud835\ude5a\ud835\ude61\ud835\ude64\ud835\ude65\ud835\ude65\ud835\ude5a\ud835\ude62\ud835\ude5a\ud835\ude63\ud835\ude69 \ud835\ude59\ud835\ude5a \ud835\ude61\ud835\ude56 \ud835\ude42\ud835\ude6a\ud835\ude5e\ud835\ude63\ud835\ude5a\ud835\ude5a \ud835\ude65\ud835\ude56\ud835\ude68\ud835\ude68\ud835\ude5a \ud835\ude65\ud835\ude56\ud835\ude67 \ud835\ude61\u2019\ud835\ude5e\ud835\ude63\ud835\ude6b\ud835\ude5a\ud835\ude68\ud835\ude69\ud835\ude5e\ud835\ude68\ud835\ude68\ud835\ude5a\ud835\ude62\ud835\ude5a\ud835\ude63\ud835\ude69 \ud835\ude59\ud835\ude56\ud835\ude63\ud835\ude68 \ud835\ude68\ud835\ude56 \ud835\ude5f\ud835\ude5a\ud835\ude6a\ud835\ude63\ud835\ude5a\ud835\ude68\ud835\ude68\ud835\ude5a \ud835\ude5a\ud835\ude69 \ud835\ude68\ud835\ude5a\ud835\ude68 \ud835\ude5e\ud835\ude63\ud835\ude5b\ud835\ude67\ud835\ude56\ud835\ude68\ud835\ude69\ud835\ude67\ud835\ude6a\ud835\ude58\ud835\ude69\ud835\ude6a\ud835\ude67\ud835\ude5a\ud835\ude68.<\/p>\n<p>&nbsp;<\/p>\n<p>Mohamed Tawel Camara<\/p>\n","protected":false},"excerpt":{"rendered":"<p>\ud835\ude48\ud835\ude64\ud835\ude63\ud835\ude68\ud835\ude5e\ud835\ude5a\ud835\ude6a\ud835\ude67 \ud835\ude46\ud835\ude5a\ud835\ude67\ud835\ude5b\ud835\ude56\ud835\ude61\ud835\ude61\ud835\ude56 \ud835\ude3e\ud835\ude56\ud835\ude62\ud835\ude56\ud835\ude67\ud835\ude56 \u201d\ud835\ude46\ud835\ude4b\ud835\ude3e\u201d, est un entrepreneur et homme d\u2019affaires guin\u00e9en, \ud835\ude63\u00e9 \ud835\ude61\ud835\ude5a 8 \ud835\ude62\ud835\ude56\ud835\ude67\ud835\ude68 1970 \u00e0 \ud835\ude3e\ud835\ude64\ud835\ude63\ud835\ude56\ud835\ude60\ud835\ude67\ud835\ude6e. Il a effectu\u00e9 l\u2019ensemble de son parcours scolaire et universitaire en Guin\u00e9e. En \ud835\udfcf\ud835\udfd7\ud835\udfd7\ud835\udfd4, il obtient une \ud835\ude61\ud835\ude5e\ud835\ude58\ud835\ude5a\ud835\ude63\ud835\ude58\ud835\ude5a \ud835\ude5a\ud835\ude63 \ud835\ude40\ud835\ude58\ud835\ude64\ud835\ude63\ud835\ude64\ud835\ude62\ud835\ude5e\ud835\ude5a \ud835\ude5a\ud835\ude69 \ud835\ude41\ud835\ude5e\ud835\ude63\ud835\ude56\ud835\ude63\ud835\ude58\ud835\ude5a \u00e0 l\u2019Universit\u00e9 Gamal Abdel Nasser de Conakry. Dans le m\u00eame temps, il d\u00e9croche une \ud835\ude62\ud835\ude56\ud835\ude5e\ud835\ude69\ud835\ude67\ud835\ude5e\ud835\ude68\ud835\ude5a [&hellip;]<\/p>\n","protected":false},"author":2,"featured_media":4778,"comment_status":"open","ping_status":"open","sticky":false,"template":"","format":"standard","meta":{"_jetpack_memberships_contains_paid_content":false,"footnotes":"","jetpack_publicize_message":"","jetpack_publicize_feature_enabled":true,"jetpack_social_post_already_shared":true,"jetpack_social_options":{"image_generator_settings":{"template":"highway","default_image_id":0,"font":"","enabled":false},"version":2}},"categories":[24,34],"tags":[1120,600,602],"class_list":{"0":"post-4777","1":"post","2":"type-post","3":"status-publish","4":"format-standard","5":"has-post-thumbnail","7":"category-news","8":"category-sport","9":"tag-acteur","10":"tag-football-europeen","11":"tag-kpc"},"jetpack_publicize_connections":[],"jetpack_featured_media_url":"https:\/\/ledenonciateur224.com\/wp-content\/uploads\/2025\/08\/img-20250830-wa0122.jpg","jetpack_sharing_enabled":true,"_links":{"self":[{"href":"https:\/\/ledenonciateur224.com\/index.php\/wp-json\/wp\/v2\/posts\/4777","targetHints":{"allow":["GET"]}}],"collection":[{"href":"https:\/\/ledenonciateur224.com\/index.php\/wp-json\/wp\/v2\/posts"}],"about":[{"href":"https:\/\/ledenonciateur224.com\/index.php\/wp-json\/wp\/v2\/types\/post"}],"author":[{"embeddable":true,"href":"https:\/\/ledenonciateur224.com\/index.php\/wp-json\/wp\/v2\/users\/2"}],"replies":[{"embeddable":true,"href":"https:\/\/ledenonciateur224.com\/index.php\/wp-json\/wp\/v2\/comments?post=4777"}],"version-history":[{"count":0,"href":"https:\/\/ledenonciateur224.com\/index.php\/wp-json\/wp\/v2\/posts\/4777\/revisions"}],"wp:featuredmedia":[{"embeddable":true,"href":"https:\/\/ledenonciateur224.com\/index.php\/wp-json\/wp\/v2\/media\/4778"}],"wp:attachment":[{"href":"https:\/\/ledenonciateur224.com\/index.php\/wp-json\/wp\/v2\/media?parent=4777"}],"wp:term":[{"taxonomy":"category","embeddable":true,"href":"https:\/\/ledenonciateur224.com\/index.php\/wp-json\/wp\/v2\/categories?post=4777"},{"taxonomy":"post_tag","embeddable":true,"href":"https:\/\/ledenonciateur224.com\/index.php\/wp-json\/wp\/v2\/tags?post=4777"}],"curies":[{"name":"wp","href":"https:\/\/api.w.org\/{rel}","templated":true}]}}