{"id":4783,"date":"2025-08-31T17:03:43","date_gmt":"2025-08-31T17:03:43","guid":{"rendered":"https:\/\/ledenonciateur224.com\/?p=4783"},"modified":"2025-08-31T17:03:43","modified_gmt":"2025-08-31T17:03:43","slug":"jai-un-devoir-de-loyaute-envers-general-mamadi-doumbouya-bernard-goumou-ancien-premier-ministre","status":"publish","type":"post","link":"https:\/\/ledenonciateur224.com\/index.php\/jai-un-devoir-de-loyaute-envers-general-mamadi-doumbouya-bernard-goumou-ancien-premier-ministre\/","title":{"rendered":"\u00ab J\u2019ai un devoir de loyaut\u00e9 envers G\u00e9n\u00e9ral Mamadi Doumbouya \u00bb \u2013 Bernard Goumou, ancien Premier ministre"},"content":{"rendered":"<p><strong>Conakry, 31 ao\u00fbt 2025<\/strong>\u00a0\u2013 L\u2019ancien chef du gouvernement guin\u00e9en, Dr Bernard Goumou, a tenu un point de presse ce dimanche \u00e0 la Maison Commune des Journalistes, situ\u00e9e \u00e0 La Mini\u00e8re. Devant un parterre de journalistes, l\u2019ex-Premier ministre est revenu sur ses relations avec l\u2019actuel pr\u00e9sident de la transition, le G\u00e9n\u00e9ral Mamadi Doumbouya, et a tenu \u00e0 dissiper toute rumeur de tensions ou de divergences.<strong>\u00ab J\u2019entretiens des rapports cordiaux avec le Chef de l\u2019\u00c9tat, le G\u00e9n\u00e9ral Mamadi Doumbouya. J\u2019ai un devoir de loyaut\u00e9 envers ce grand homme (G\u00e9n\u00e9ral Mamadi Doumbouya). Nous nous consultons r\u00e9guli\u00e8rement, et nos \u00e9changes sont constants et sinc\u00e8res. Je peux vous assurer que tout va bien entre nous \u00bb,<\/strong>\u00a0a-t-il d\u00e9clar\u00e9 avec fermet\u00e9.<\/p>\n<p>Dr Goumou, qui a occup\u00e9 la primature de juillet 2022 \u00e0 f\u00e9vrier 2024, a \u00e9galement tenu \u00e0 saluer l\u2019engagement de ceux qui, au quotidien, portent la charge de la gouvernance en Guin\u00e9e.<strong>\u00ab Gouverner, c\u2019est une lourde responsabilit\u00e9. Ce n\u2019est pas une t\u00e2che facile. Je profite de cette occasion pour adresser mes f\u00e9licitations et ma reconnaissance \u00e0 toutes celles et ceux qui assurent la gestion des affaires publiques, souvent dans des conditions difficiles \u00bb,<\/strong>\u00a0a-t-il ajout\u00e9.<\/p>\n<p>Affichant une posture mesur\u00e9e, l\u2019ancien Premier ministre a refus\u00e9 de commenter directement la conduite actuelle des affaires de l\u2019\u00c9tat, invoquant son devoir de r\u00e9serve.<strong>\u00ab Je ne suis plus dans les fonctions ex\u00e9cutives, je ne suis donc pas l\u00e9gitime \u00e0 commenter les d\u00e9cisions actuelles. Si vous le permettez, je pr\u00e9f\u00e8re garder ce droit de r\u00e9serve. \u00bb<\/strong><\/p>\n<h3><\/h3>\n<p>Pour rappel, Dr Bernard Goumou a \u00e9t\u00e9 nomm\u00e9 Premier ministre en juillet 2022, succ\u00e9dant \u00e0 Mohamed B\u00e9avogui, dans un contexte de transition politique entam\u00e9e apr\u00e8s le coup d\u2019\u00c9tat militaire du 5 septembre 2021, qui a renvers\u00e9 le pr\u00e9sident Alpha Cond\u00e9. Sa nomination \u00e0 la t\u00eate du gouvernement s\u2019inscrivait dans la volont\u00e9 du Comit\u00e9 National du Rassemblement pour le D\u00e9veloppement (CNRD) de stabiliser les institutions de l&rsquo;\u00c9tat et d\u2019engager des r\u00e9formes structurelles.<\/p>\n<p>Sous son mandat, Bernard Goumou s\u2019est illustr\u00e9 par son pragmatisme, en mettant l\u2019accent sur la r\u00e9forme de l\u2019administration publique, le dialogue avec les forces vives de la nation et la relance \u00e9conomique post-crise.<\/p>\n<p>Son intervention de ce dimanche est per\u00e7ue par de nombreux observateurs comme une tentative d\u2019apaisement dans un climat politique souvent tendu, et un rappel de son attachement aux valeurs de loyaut\u00e9, de continuit\u00e9 institutionnelle et de responsabilit\u00e9 citoyenne.<\/p>\n<p>&nbsp;<\/p>\n<p>Aboubacar Moussa Camara<\/p>\n<p>611 70 39 84<\/p>\n","protected":false},"excerpt":{"rendered":"<p>Conakry, 31 ao\u00fbt 2025\u00a0\u2013 L\u2019ancien chef du gouvernement guin\u00e9en, Dr Bernard Goumou, a tenu un point de presse ce dimanche \u00e0 la Maison Commune des Journalistes, situ\u00e9e \u00e0 La Mini\u00e8re. Devant un parterre de journalistes, l\u2019ex-Premier ministre est revenu sur ses relations avec l\u2019actuel pr\u00e9sident de la transition, le G\u00e9n\u00e9ral Mamadi Doumbouya, et a tenu [&hellip;]<\/p>\n","protected":false},"author":2,"featured_media":4784,"comment_status":"open","ping_status":"open","sticky":false,"template":"","format":"standard","meta":{"_jetpack_memberships_contains_paid_content":false,"footnotes":"","jetpack_publicize_message":"","jetpack_publicize_feature_enabled":true,"jetpack_social_post_already_shared":true,"jetpack_social_options":{"image_generator_settings":{"template":"highway","default_image_id":0,"font":"","enabled":false},"version":2}},"categories":[24,27],"tags":[1122],"class_list":{"0":"post-4783","1":"post","2":"type-post","3":"status-publish","4":"format-standard","5":"has-post-thumbnail","7":"category-news","8":"category-politique","9":"tag-bernard-goumou"},"jetpack_publicize_connections":[],"jetpack_featured_media_url":"https:\/\/ledenonciateur224.com\/wp-content\/uploads\/2025\/08\/20250831-162237-scaled.jpg","jetpack_sharing_enabled":true,"_links":{"self":[{"href":"https:\/\/ledenonciateur224.com\/index.php\/wp-json\/wp\/v2\/posts\/4783","targetHints":{"allow":["GET"]}}],"collection":[{"href":"https:\/\/ledenonciateur224.com\/index.php\/wp-json\/wp\/v2\/posts"}],"about":[{"href":"https:\/\/ledenonciateur224.com\/index.php\/wp-json\/wp\/v2\/types\/post"}],"author":[{"embeddable":true,"href":"https:\/\/ledenonciateur224.com\/index.php\/wp-json\/wp\/v2\/users\/2"}],"replies":[{"embeddable":true,"href":"https:\/\/ledenonciateur224.com\/index.php\/wp-json\/wp\/v2\/comments?post=4783"}],"version-history":[{"count":0,"href":"https:\/\/ledenonciateur224.com\/index.php\/wp-json\/wp\/v2\/posts\/4783\/revisions"}],"wp:featuredmedia":[{"embeddable":true,"href":"https:\/\/ledenonciateur224.com\/index.php\/wp-json\/wp\/v2\/media\/4784"}],"wp:attachment":[{"href":"https:\/\/ledenonciateur224.com\/index.php\/wp-json\/wp\/v2\/media?parent=4783"}],"wp:term":[{"taxonomy":"category","embeddable":true,"href":"https:\/\/ledenonciateur224.com\/index.php\/wp-json\/wp\/v2\/categories?post=4783"},{"taxonomy":"post_tag","embeddable":true,"href":"https:\/\/ledenonciateur224.com\/index.php\/wp-json\/wp\/v2\/tags?post=4783"}],"curies":[{"name":"wp","href":"https:\/\/api.w.org\/{rel}","templated":true}]}}