{"id":4823,"date":"2025-09-01T18:53:16","date_gmt":"2025-09-01T18:53:16","guid":{"rendered":"https:\/\/ledenonciateur224.com\/?p=4823"},"modified":"2025-09-01T18:53:16","modified_gmt":"2025-09-01T18:53:16","slug":"kindia-un-accident-tragique-a-segueyah-fait-trois-morts-et-plusieurs-blesses","status":"publish","type":"post","link":"https:\/\/ledenonciateur224.com\/index.php\/kindia-un-accident-tragique-a-segueyah-fait-trois-morts-et-plusieurs-blesses\/","title":{"rendered":"Kindia : Un accident tragique \u00e0 S\u00e8gu\u00e8yah fait trois morts et plusieurs bless\u00e9s"},"content":{"rendered":"<p>Un grave accident de la circulation s\u2019est produit dans la matin\u00e9e de ce lundi 1er septembre 2025 \u00e0 <strong>S\u00e8gu\u00e8yah<\/strong>, un district relevant de la commune urbaine de <strong>Kindia<\/strong>, sur la nationale N\u00b01 reliant Kindia \u00e0 Mamou.<\/p>\n<p>Selon les t\u00e9moignages recueillis sur place, le drame s\u2019est produit aux environs de 10 heures lorsqu\u2019un <strong>porte-char malien<\/strong>, transportant des v\u00e9hicules blind\u00e9s en provenance de <strong>Conakry<\/strong> \u00e0 destination de <strong>Bamako<\/strong>, est entr\u00e9 en collision avec un <strong>v\u00e9hicule de transport en commun<\/strong>.<\/p>\n<p>Le choc a \u00e9t\u00e9 d\u2019une violence extr\u00eame : <strong>trois personnes ont perdu la vie sur le coup<\/strong>, tandis que <strong>quatre autres ont \u00e9t\u00e9 gri\u00e8vement bless\u00e9es<\/strong>.<\/p>\n<p>Les bless\u00e9s ont \u00e9t\u00e9 \u00e9vacu\u00e9s d\u2019urgence vers l\u2019<strong>h\u00f4pital r\u00e9gional de Kindia<\/strong>, o\u00f9 ils sont actuellement pris en charge dans le service des soins intensifs. Quant aux corps des victimes, ils ont \u00e9t\u00e9 d\u00e9pos\u00e9s \u00e0 la morgue du m\u00eame \u00e9tablissement.<\/p>\n<p>En plus du lourd bilan humain, <strong>d\u2019importants d\u00e9g\u00e2ts mat\u00e9riels<\/strong> ont \u00e9t\u00e9 enregistr\u00e9s sur les deux v\u00e9hicules impliqu\u00e9s dans l&rsquo;accident.<\/p>\n<p>Une enqu\u00eate a \u00e9t\u00e9 ouverte pour d\u00e9terminer les circonstances exactes du drame.<\/p>\n<p>&nbsp;<\/p>\n<p>Ledenonciateur224.com<\/p>\n","protected":false},"excerpt":{"rendered":"<p>Un grave accident de la circulation s\u2019est produit dans la matin\u00e9e de ce lundi 1er septembre 2025 \u00e0 S\u00e8gu\u00e8yah, un district relevant de la commune urbaine de Kindia, sur la nationale N\u00b01 reliant Kindia \u00e0 Mamou. Selon les t\u00e9moignages recueillis sur place, le drame s\u2019est produit aux environs de 10 heures lorsqu\u2019un porte-char malien, transportant [&hellip;]<\/p>\n","protected":false},"author":2,"featured_media":4824,"comment_status":"open","ping_status":"open","sticky":false,"template":"","format":"standard","meta":{"_jetpack_memberships_contains_paid_content":false,"footnotes":"","jetpack_publicize_message":"","jetpack_publicize_feature_enabled":true,"jetpack_social_post_already_shared":true,"jetpack_social_options":{"image_generator_settings":{"template":"highway","default_image_id":0,"font":"","enabled":false},"version":2}},"categories":[30,24],"tags":[1123],"class_list":{"0":"post-4823","1":"post","2":"type-post","3":"status-publish","4":"format-standard","5":"has-post-thumbnail","7":"category-faits-divers","8":"category-news","9":"tag-accident-mortel"},"jetpack_publicize_connections":[],"jetpack_featured_media_url":"https:\/\/ledenonciateur224.com\/wp-content\/uploads\/2025\/09\/img-20250901-wa0132.jpg","jetpack_sharing_enabled":true,"_links":{"self":[{"href":"https:\/\/ledenonciateur224.com\/index.php\/wp-json\/wp\/v2\/posts\/4823","targetHints":{"allow":["GET"]}}],"collection":[{"href":"https:\/\/ledenonciateur224.com\/index.php\/wp-json\/wp\/v2\/posts"}],"about":[{"href":"https:\/\/ledenonciateur224.com\/index.php\/wp-json\/wp\/v2\/types\/post"}],"author":[{"embeddable":true,"href":"https:\/\/ledenonciateur224.com\/index.php\/wp-json\/wp\/v2\/users\/2"}],"replies":[{"embeddable":true,"href":"https:\/\/ledenonciateur224.com\/index.php\/wp-json\/wp\/v2\/comments?post=4823"}],"version-history":[{"count":0,"href":"https:\/\/ledenonciateur224.com\/index.php\/wp-json\/wp\/v2\/posts\/4823\/revisions"}],"wp:featuredmedia":[{"embeddable":true,"href":"https:\/\/ledenonciateur224.com\/index.php\/wp-json\/wp\/v2\/media\/4824"}],"wp:attachment":[{"href":"https:\/\/ledenonciateur224.com\/index.php\/wp-json\/wp\/v2\/media?parent=4823"}],"wp:term":[{"taxonomy":"category","embeddable":true,"href":"https:\/\/ledenonciateur224.com\/index.php\/wp-json\/wp\/v2\/categories?post=4823"},{"taxonomy":"post_tag","embeddable":true,"href":"https:\/\/ledenonciateur224.com\/index.php\/wp-json\/wp\/v2\/tags?post=4823"}],"curies":[{"name":"wp","href":"https:\/\/api.w.org\/{rel}","templated":true}]}}