{"id":4829,"date":"2025-09-01T19:33:38","date_gmt":"2025-09-01T19:33:38","guid":{"rendered":"https:\/\/ledenonciateur224.com\/?p=4829"},"modified":"2025-09-01T19:33:38","modified_gmt":"2025-09-01T19:33:38","slug":"suspension-de-lufdg-ousmane-gaoual-diallo-justifie-la-decision-du-matd","status":"publish","type":"post","link":"https:\/\/ledenonciateur224.com\/index.php\/suspension-de-lufdg-ousmane-gaoual-diallo-justifie-la-decision-du-matd\/","title":{"rendered":"Suspension de l\u2019UFDG : Ousmane Gaoual Diallo justifie la d\u00e9cision du MATD"},"content":{"rendered":"<p><strong>Conakry, le 1er septembre 2025<\/strong> \u2013 La suspension de l\u2019Union des Forces D\u00e9mocratiques de Guin\u00e9e (<strong>UFDG<\/strong>) pour une dur\u00e9e de <strong>90 jours<\/strong> par le <strong>minist\u00e8re de l\u2019Administration du Territoire et de la D\u00e9centralisation (MATD)<\/strong> continue de faire couler beaucoup d\u2019encre. Cette d\u00e9cision, qui concerne \u00e9galement d&rsquo;autres partis politiques \u00e0 l\u2019approche du r\u00e9f\u00e9rendum constitutionnel, a suscit\u00e9 de nombreuses interrogations dans l\u2019opinion.<\/p>\n<p>Lors d\u2019une conf\u00e9rence de presse tenue ce lundi \u00e0 Conakry, le <strong>porte-parole du gouvernement<\/strong>, <strong>Ousmane Gaoual Diallo<\/strong>, est revenu en d\u00e9tail sur les <strong>motifs ayant conduit \u00e0 cette suspension<\/strong>.\u00ab Pourquoi l\u2019UFDG est suspendue ? Je vais \u00eatre le plus simple possible pour ne pas susciter de pol\u00e9mique, car ce n\u2019est pas l\u2019objectif de cette conf\u00e9rence \u00bb, a-t-il entam\u00e9.<\/p>\n<h3>Plusieurs griefs relev\u00e9s contre l\u2019UFDG<\/h3>\n<p>Selon le ministre, <strong>plusieurs manquements<\/strong> ont \u00e9t\u00e9 relev\u00e9s dans le fonctionnement du parti, justifiant ainsi cette d\u00e9cision administrative. Il cite notamment :<\/p>\n<ol>\n<li><strong>Le refus de fournir la liste des membres du Bureau Politique National<\/strong>.\n<p>\u00ab Nous sommes dans une nation. On ne peut pas fonctionner dans la clandestinit\u00e9. Je lance un appel au parti : qu\u2019il publie cette liste \u00bb, a-t-il d\u00e9clar\u00e9.<\/li>\n<li><strong>L\u2019inop\u00e9rationnalit\u00e9 des comptes financiers du parti<\/strong>, ce qui soul\u00e8ve des doutes sur la transparence de sa gestion.<\/li>\n<li><strong>La production d\u2019un document jug\u00e9 falsifi\u00e9<\/strong>, pr\u00e9tendant qu\u2019une convention nationale s\u2019est tenue le <strong>6 septembre 2020<\/strong>, prolongeant les mandats en cours.\u00ab Cette convention n\u2019a jamais eu lieu. Une telle rencontre devrait \u00eatre valid\u00e9e par le Conseil national de l\u2019UFDG, compos\u00e9 de pr\u00e8s de 1 000 personnes. Peut-on rassembler autant de monde \u00e0 Conakry sans que cela ne fasse la une de l\u2019actualit\u00e9 ? \u00bb a-t-il interrog\u00e9.<\/li>\n<li><strong>Un processus judiciaire en cours<\/strong>, sans toutefois entrer dans les d\u00e9tails de l&rsquo;affaire.\u00ab Ce n\u2019est pas un seul point qui justifie cette suspension. Un rapport d\u2019\u00e9valuation a mis en lumi\u00e8re plusieurs manquements importants. La d\u00e9cision du MATD repose sur un constat global. Et elle ne concerne pas uniquement l\u2019UFDG, mais d\u2019autres partis \u00e9galement \u00bb, a pr\u00e9cis\u00e9 le porte-parole.<\/li>\n<\/ol>\n<h3>Un appel au respect des lois<\/h3>\n<p>Dans son intervention, Ousmane Gaoual Diallo a d\u00e9fendu la l\u00e9gitimit\u00e9 de l\u2019action du MATD, rappelant que <strong>le respect de la loi doit \u00eatre constant<\/strong>, ind\u00e9pendamment du contexte politique.\u00ab Existe-t-il un moment opportun pour appliquer la loi ? Non. Dans une R\u00e9publique, la loi doit \u00eatre respect\u00e9e en tout temps, tant qu\u2019elle est en vigueur. Le probl\u00e8me, c\u2019est que certains partis \u00e9voluent comme s\u2019ils n\u2019\u00e9taient soumis \u00e0 aucune r\u00e8gle. \u00bb<\/p>\n<p>Il insiste sur les <strong>obligations des partis politiques<\/strong> \u00e0 se conformer non seulement aux <strong>lois de la R\u00e9publique<\/strong>, mais aussi \u00e0 leurs <strong>propres statuts et r\u00e8glements int\u00e9rieurs<\/strong>.\u00ab Il faut encourager une telle rigueur. Cela contribuera \u00e0 freiner la prolif\u00e9ration de formations politiques sans cadre l\u00e9gal s\u00e9rieux, et \u00e0 renforcer la gouvernance d\u00e9mocratique dans notre pays. \u00bb<\/p>\n<p>&nbsp;<\/p>\n<p>&nbsp;<\/p>\n<p>Ledenonciateur224.com<\/p>\n","protected":false},"excerpt":{"rendered":"<p>Conakry, le 1er septembre 2025 \u2013 La suspension de l\u2019Union des Forces D\u00e9mocratiques de Guin\u00e9e (UFDG) pour une dur\u00e9e de 90 jours par le minist\u00e8re de l\u2019Administration du Territoire et de la D\u00e9centralisation (MATD) continue de faire couler beaucoup d\u2019encre. Cette d\u00e9cision, qui concerne \u00e9galement d&rsquo;autres partis politiques \u00e0 l\u2019approche du r\u00e9f\u00e9rendum constitutionnel, a suscit\u00e9 [&hellip;]<\/p>\n","protected":false},"author":2,"featured_media":4830,"comment_status":"open","ping_status":"open","sticky":false,"template":"","format":"standard","meta":{"_jetpack_memberships_contains_paid_content":false,"footnotes":"","jetpack_publicize_message":"","jetpack_publicize_feature_enabled":true,"jetpack_social_post_already_shared":true,"jetpack_social_options":{"image_generator_settings":{"template":"highway","default_image_id":0,"font":"","enabled":false},"version":2}},"categories":[24,27],"tags":[702],"class_list":{"0":"post-4829","1":"post","2":"type-post","3":"status-publish","4":"format-standard","5":"has-post-thumbnail","7":"category-news","8":"category-politique","9":"tag-ufdg-cellou"},"jetpack_publicize_connections":[],"jetpack_featured_media_url":"https:\/\/ledenonciateur224.com\/wp-content\/uploads\/2025\/09\/img-20250901-wa0137.jpg","jetpack_sharing_enabled":true,"_links":{"self":[{"href":"https:\/\/ledenonciateur224.com\/index.php\/wp-json\/wp\/v2\/posts\/4829","targetHints":{"allow":["GET"]}}],"collection":[{"href":"https:\/\/ledenonciateur224.com\/index.php\/wp-json\/wp\/v2\/posts"}],"about":[{"href":"https:\/\/ledenonciateur224.com\/index.php\/wp-json\/wp\/v2\/types\/post"}],"author":[{"embeddable":true,"href":"https:\/\/ledenonciateur224.com\/index.php\/wp-json\/wp\/v2\/users\/2"}],"replies":[{"embeddable":true,"href":"https:\/\/ledenonciateur224.com\/index.php\/wp-json\/wp\/v2\/comments?post=4829"}],"version-history":[{"count":0,"href":"https:\/\/ledenonciateur224.com\/index.php\/wp-json\/wp\/v2\/posts\/4829\/revisions"}],"wp:featuredmedia":[{"embeddable":true,"href":"https:\/\/ledenonciateur224.com\/index.php\/wp-json\/wp\/v2\/media\/4830"}],"wp:attachment":[{"href":"https:\/\/ledenonciateur224.com\/index.php\/wp-json\/wp\/v2\/media?parent=4829"}],"wp:term":[{"taxonomy":"category","embeddable":true,"href":"https:\/\/ledenonciateur224.com\/index.php\/wp-json\/wp\/v2\/categories?post=4829"},{"taxonomy":"post_tag","embeddable":true,"href":"https:\/\/ledenonciateur224.com\/index.php\/wp-json\/wp\/v2\/tags?post=4829"}],"curies":[{"name":"wp","href":"https:\/\/api.w.org\/{rel}","templated":true}]}}