{"id":4836,"date":"2025-09-02T12:28:52","date_gmt":"2025-09-02T12:28:52","guid":{"rendered":"https:\/\/ledenonciateur224.com\/?p=4836"},"modified":"2025-09-02T12:28:52","modified_gmt":"2025-09-02T12:28:52","slug":"education-la-rentree-scolaire-reportee-au-6-octobre-2025","status":"publish","type":"post","link":"https:\/\/ledenonciateur224.com\/index.php\/education-la-rentree-scolaire-reportee-au-6-octobre-2025\/","title":{"rendered":"\u00c9ducation : la rentr\u00e9e scolaire report\u00e9e au 6 octobre 2025"},"content":{"rendered":"<p>&nbsp;<\/p>\n<p>Initialement pr\u00e9vue pour le 15 septembre, la date d\u2019ouverture des \u00e9tablissements scolaires a \u00e9t\u00e9 officiellement repouss\u00e9e au 6 octobre 2025, selon un communiqu\u00e9 \u00e9mis par le minist\u00e8re de l\u2019Enseignement pr\u00e9-universitaire et de l\u2019\u00c9ducation civique. Cette d\u00e9cision, dont les raisons n\u2019ont pas \u00e9t\u00e9 pr\u00e9cis\u00e9es dans l\u2019imm\u00e9diat, suscite diverses r\u00e9actions au sein de la communaut\u00e9 \u00e9ducative, entre pr\u00e9occupations logistiques et ajustements du calendrier p\u00e9dagogique.<\/p>\n<p><img loading=\"lazy\" decoding=\"async\" class=\"alignnone size-full wp-image-4837\" src=\"https:\/\/ledenonciateur224.com\/wp-content\/uploads\/2025\/09\/img-20250902-wa0091.jpg\" alt=\"\" width=\"660\" height=\"913\" srcset=\"https:\/\/ledenonciateur224.com\/wp-content\/uploads\/2025\/09\/img-20250902-wa0091.jpg 660w, https:\/\/ledenonciateur224.com\/wp-content\/uploads\/2025\/09\/img-20250902-wa0091-217x300.jpg 217w, https:\/\/ledenonciateur224.com\/wp-content\/uploads\/2025\/09\/img-20250902-wa0091-150x208.jpg 150w, https:\/\/ledenonciateur224.com\/wp-content\/uploads\/2025\/09\/img-20250902-wa0091-300x415.jpg 300w, https:\/\/ledenonciateur224.com\/wp-content\/uploads\/2025\/09\/img-20250902-wa0091-304x420.jpg 304w\" sizes=\"auto, (max-width: 660px) 100vw, 660px\" \/><br \/>\nLedenonciateur224.com<\/p>\n","protected":false},"excerpt":{"rendered":"<p>&nbsp; Initialement pr\u00e9vue pour le 15 septembre, la date d\u2019ouverture des \u00e9tablissements scolaires a \u00e9t\u00e9 officiellement repouss\u00e9e au 6 octobre 2025, selon un communiqu\u00e9 \u00e9mis par le minist\u00e8re de l\u2019Enseignement pr\u00e9-universitaire et de l\u2019\u00c9ducation civique. Cette d\u00e9cision, dont les raisons n\u2019ont pas \u00e9t\u00e9 pr\u00e9cis\u00e9es dans l\u2019imm\u00e9diat, suscite diverses r\u00e9actions au sein de la communaut\u00e9 \u00e9ducative, [&hellip;]<\/p>\n","protected":false},"author":2,"featured_media":4668,"comment_status":"open","ping_status":"open","sticky":false,"template":"","format":"standard","meta":{"_jetpack_memberships_contains_paid_content":false,"footnotes":"","jetpack_publicize_message":"","jetpack_publicize_feature_enabled":true,"jetpack_social_post_already_shared":true,"jetpack_social_options":{"image_generator_settings":{"template":"highway","default_image_id":0,"font":"","enabled":false},"version":2}},"categories":[30,24],"tags":[1126,1125,1124],"class_list":{"0":"post-4836","1":"post","2":"type-post","3":"status-publish","4":"format-standard","5":"has-post-thumbnail","7":"category-faits-divers","8":"category-news","9":"tag-education","10":"tag-ouverture","11":"tag-scolarite"},"jetpack_publicize_connections":[],"jetpack_featured_media_url":"https:\/\/ledenonciateur224.com\/wp-content\/uploads\/2025\/08\/jean-paul-cedy.png","jetpack_sharing_enabled":true,"_links":{"self":[{"href":"https:\/\/ledenonciateur224.com\/index.php\/wp-json\/wp\/v2\/posts\/4836","targetHints":{"allow":["GET"]}}],"collection":[{"href":"https:\/\/ledenonciateur224.com\/index.php\/wp-json\/wp\/v2\/posts"}],"about":[{"href":"https:\/\/ledenonciateur224.com\/index.php\/wp-json\/wp\/v2\/types\/post"}],"author":[{"embeddable":true,"href":"https:\/\/ledenonciateur224.com\/index.php\/wp-json\/wp\/v2\/users\/2"}],"replies":[{"embeddable":true,"href":"https:\/\/ledenonciateur224.com\/index.php\/wp-json\/wp\/v2\/comments?post=4836"}],"version-history":[{"count":0,"href":"https:\/\/ledenonciateur224.com\/index.php\/wp-json\/wp\/v2\/posts\/4836\/revisions"}],"wp:featuredmedia":[{"embeddable":true,"href":"https:\/\/ledenonciateur224.com\/index.php\/wp-json\/wp\/v2\/media\/4668"}],"wp:attachment":[{"href":"https:\/\/ledenonciateur224.com\/index.php\/wp-json\/wp\/v2\/media?parent=4836"}],"wp:term":[{"taxonomy":"category","embeddable":true,"href":"https:\/\/ledenonciateur224.com\/index.php\/wp-json\/wp\/v2\/categories?post=4836"},{"taxonomy":"post_tag","embeddable":true,"href":"https:\/\/ledenonciateur224.com\/index.php\/wp-json\/wp\/v2\/tags?post=4836"}],"curies":[{"name":"wp","href":"https:\/\/api.w.org\/{rel}","templated":true}]}}