{"id":485,"date":"2024-12-14T22:48:37","date_gmt":"2024-12-14T22:48:37","guid":{"rendered":"https:\/\/ledenonciateur224.com\/?p=485"},"modified":"2024-12-14T22:48:37","modified_gmt":"2024-12-14T22:48:37","slug":"ogp-limogeage-de-mandian-sidibe-decret-presidentiel","status":"publish","type":"post","link":"https:\/\/ledenonciateur224.com\/index.php\/ogp-limogeage-de-mandian-sidibe-decret-presidentiel\/","title":{"rendered":"OGP : Limogeage de Mandian Sidib\u00e9 (D\u00e9cret Pr\u00e9sidentiel)"},"content":{"rendered":"<div dir=\"auto\" style=\"text-align: left\"><\/div>\n<div dir=\"auto\"><\/div>\n<div dir=\"auto\">Dans un d\u00e9cret lu ce samedi 14 d\u00e9cembre 2024, le Pr\u00e9sident de la R\u00e9publique, Mamadi Doumbouya, a annonc\u00e9 la r\u00e9vocation de Mandian Sidib\u00e9 de ses fonctions de directeur g\u00e9n\u00e9ral de l&rsquo;Office Guin\u00e9en de Publicit\u00e9 (OGP). Cette d\u00e9cision survient dans un contexte tendu, marqu\u00e9 par un conflit social au sein de l\u2019institution.<\/div>\n<div dir=\"auto\"><\/div>\n<div dir=\"auto\">Mandian Sidib\u00e9, nomm\u00e9 \u00e0 la t\u00eate de l\u2019OGP en d\u00e9cembre 2021, \u00e9tait sous pression en raison de plusieurs plaintes des employ\u00e9s concernant le non-paiement des salaires, qui avaient conduit \u00e0 une menace de gr\u00e8ve. Bien qu&rsquo;un accord ait \u00e9t\u00e9 conclu pour la reprise des activit\u00e9s et le r\u00e8glement des arri\u00e9r\u00e9s, la situation n&rsquo;a pas permis de maintenir sa position.<\/div>\n<div dir=\"auto\"><\/div>\n<div dir=\"auto\">L&rsquo;int\u00e9rim \u00e0 la direction g\u00e9n\u00e9rale de l\u2019OGP sera assur\u00e9 par Charles Katty, jusqu\u2019alors directeur g\u00e9n\u00e9ral adjoint. Ce dernier aura pour mission de stabiliser l\u2019institution et de restaurer un climat de travail serein, tout en veillant \u00e0 la mise en \u0153uvre des engagements pris vis-\u00e0-vis des employ\u00e9s.<\/div>\n<div dir=\"auto\"><\/div>\n<div dir=\"auto\">Le limogeage de Mandian Sidib\u00e9 intervient dans un contexte o\u00f9 l\u2019OGP, une structure strat\u00e9gique charg\u00e9e de la r\u00e9gulation de la publicit\u00e9 publique et priv\u00e9e, est au c\u0153ur de plusieurs r\u00e9formes pour moderniser ses services et am\u00e9liorer sa gestion financi\u00e8re.<\/div>\n<div dir=\"auto\"><\/div>\n<div dir=\"auto\"><\/div>\n<div dir=\"auto\"><\/div>\n<div dir=\"auto\"><\/div>\n<div dir=\"auto\"><\/div>\n<div dir=\"auto\">N&rsquo;sira Sylla<\/div>\n<div dir=\"auto\"><\/div>\n","protected":false},"excerpt":{"rendered":"<p>Dans un d\u00e9cret lu ce samedi 14 d\u00e9cembre 2024, le Pr\u00e9sident de la R\u00e9publique, Mamadi Doumbouya, a annonc\u00e9 la r\u00e9vocation de Mandian Sidib\u00e9 de ses fonctions de directeur g\u00e9n\u00e9ral de l&rsquo;Office Guin\u00e9en de Publicit\u00e9 (OGP). Cette d\u00e9cision survient dans un contexte tendu, marqu\u00e9 par un conflit social au sein de l\u2019institution. Mandian Sidib\u00e9, nomm\u00e9 \u00e0 [&hellip;]<\/p>\n","protected":false},"author":2,"featured_media":471,"comment_status":"open","ping_status":"open","sticky":false,"template":"","format":"standard","meta":{"_jetpack_memberships_contains_paid_content":false,"footnotes":"","jetpack_publicize_message":"","jetpack_publicize_feature_enabled":true,"jetpack_social_post_already_shared":false,"jetpack_social_options":{"image_generator_settings":{"template":"highway","default_image_id":0,"font":"","enabled":false},"version":2}},"categories":[1],"tags":[82,83],"class_list":{"0":"post-485","1":"post","2":"type-post","3":"status-publish","4":"format-standard","5":"has-post-thumbnail","7":"category-non-classe","8":"tag-directeur-general-de-logp","9":"tag-mandian-sidibe"},"jetpack_publicize_connections":[],"jetpack_featured_media_url":"https:\/\/ledenonciateur224.com\/wp-content\/uploads\/2024\/12\/img-20241213-wa0125.jpg","jetpack_sharing_enabled":true,"_links":{"self":[{"href":"https:\/\/ledenonciateur224.com\/index.php\/wp-json\/wp\/v2\/posts\/485","targetHints":{"allow":["GET"]}}],"collection":[{"href":"https:\/\/ledenonciateur224.com\/index.php\/wp-json\/wp\/v2\/posts"}],"about":[{"href":"https:\/\/ledenonciateur224.com\/index.php\/wp-json\/wp\/v2\/types\/post"}],"author":[{"embeddable":true,"href":"https:\/\/ledenonciateur224.com\/index.php\/wp-json\/wp\/v2\/users\/2"}],"replies":[{"embeddable":true,"href":"https:\/\/ledenonciateur224.com\/index.php\/wp-json\/wp\/v2\/comments?post=485"}],"version-history":[{"count":0,"href":"https:\/\/ledenonciateur224.com\/index.php\/wp-json\/wp\/v2\/posts\/485\/revisions"}],"wp:featuredmedia":[{"embeddable":true,"href":"https:\/\/ledenonciateur224.com\/index.php\/wp-json\/wp\/v2\/media\/471"}],"wp:attachment":[{"href":"https:\/\/ledenonciateur224.com\/index.php\/wp-json\/wp\/v2\/media?parent=485"}],"wp:term":[{"taxonomy":"category","embeddable":true,"href":"https:\/\/ledenonciateur224.com\/index.php\/wp-json\/wp\/v2\/categories?post=485"},{"taxonomy":"post_tag","embeddable":true,"href":"https:\/\/ledenonciateur224.com\/index.php\/wp-json\/wp\/v2\/tags?post=485"}],"curies":[{"name":"wp","href":"https:\/\/api.w.org\/{rel}","templated":true}]}}