{"id":4861,"date":"2025-09-03T23:55:03","date_gmt":"2025-09-03T23:55:03","guid":{"rendered":"https:\/\/ledenonciateur224.com\/?p=4861"},"modified":"2025-09-03T23:55:03","modified_gmt":"2025-09-03T23:55:03","slug":"suspension-de-lufdg-djenabou-toure-devoile-les-dessous-dun-seisme-politique","status":"publish","type":"post","link":"https:\/\/ledenonciateur224.com\/index.php\/suspension-de-lufdg-djenabou-toure-devoile-les-dessous-dun-seisme-politique\/","title":{"rendered":"Suspension de l\u2019UFDG : Djenabou Tour\u00e9 d\u00e9voile les dessous d\u2019un s\u00e9isme politique"},"content":{"rendered":"<p><strong>Transparence financi\u00e8re douteuse, violation des statuts internes, gouvernance centralis\u00e9e\u2026<\/strong>\u00a0Lors d\u2019une conf\u00e9rence de presse tenue ce mercredi 3 septembre, la directrice g\u00e9n\u00e9rale des \u00e9lections, Djenabou Tour\u00e9, a lev\u00e9 le voile sur les motifs ayant conduit \u00e0 la suspension de l\u2019Union des forces d\u00e9mocratiques de Guin\u00e9e (UFDG), principal parti d\u2019opposition dirig\u00e9 par Cellou Dalein Diallo.<\/p>\n<p><img loading=\"lazy\" decoding=\"async\" class=\"alignnone size-full wp-image-4862\" src=\"https:\/\/ledenonciateur224.com\/wp-content\/uploads\/2025\/09\/photo-2025-09-03-212051.jpeg\" alt=\"\" width=\"556\" height=\"362\" srcset=\"https:\/\/ledenonciateur224.com\/wp-content\/uploads\/2025\/09\/photo-2025-09-03-212051.jpeg 556w, https:\/\/ledenonciateur224.com\/wp-content\/uploads\/2025\/09\/photo-2025-09-03-212051-300x195.jpeg 300w, https:\/\/ledenonciateur224.com\/wp-content\/uploads\/2025\/09\/photo-2025-09-03-212051-150x98.jpeg 150w\" sizes=\"auto, (max-width: 556px) 100vw, 556px\" \/><\/p>\n<p>Dans une d\u00e9claration ferme, elle a \u00e9num\u00e9r\u00e9 une s\u00e9rie de dysfonctionnements jug\u00e9s graves, mettant en cause aussi bien la gestion interne du parti que son mode de gouvernance. Retour sur les principales accusations port\u00e9es contre l\u2019UFDG.<\/p>\n<p>Le point le plus marquant reste les\u00a0<strong>irr\u00e9gularit\u00e9s financi\u00e8res<\/strong>, notamment dans le cadre de la construction du nouveau si\u00e8ge du parti, estim\u00e9 \u00e0 plus de\u00a0<strong>10 milliards de francs guin\u00e9ens<\/strong>. Mme Tour\u00e9 s\u2019est dite \u00ab surprise \u00bb par l\u2019absence de tra\u00e7abilit\u00e9 des fonds mobilis\u00e9s pour ce chantier.<\/p>\n<p>\u00ab\u00a0<em>Vous ne pouvez pas me dire que vous avez construit un si\u00e8ge qui fait plus de 10 milliards, et que vous ne pouvez pas justifier comment tout l\u2019argent est rentr\u00e9&#8230; Les documents sont absents, ou bien ils seraient entre les mains du pr\u00e9sident ou introuvables au palais Sekoutour\u00e9yah<\/em>\u00ab\u00a0, a-t-elle d\u00e9nonc\u00e9 avec fermet\u00e9.<\/p>\n<h3><\/h3>\n<p>La directrice g\u00e9n\u00e9rale des \u00e9lections a \u00e9galement mis en lumi\u00e8re\u00a0<strong>un manque criant de transparence organisationnelle<\/strong>. L\u2019UFDG n\u2019aurait pas \u00e9t\u00e9 en mesure de fournir la\u00a0<strong>liste compl\u00e8te et \u00e0 jour des membres de son organe de direction<\/strong>, ni de justifier la\u00a0<strong>dur\u00e9e de leurs mandats<\/strong>\u00a0ou de prouver la tenue r\u00e9guli\u00e8re de r\u00e9unions statutaires.<\/p>\n<p>\u00ab\u00a0<em>La liste des membres du bureau ex\u00e9cutif ? Inexistante. Les d\u00e9lais d\u2019organisation ? Non respect\u00e9s. Les \u00e9tats financiers ? Absents. C\u2019est inacceptable pour un parti politique<\/em>\u00ab\u00a0, a-t-elle martel\u00e9.<\/p>\n<p>Autre point noir soulev\u00e9 :\u00a0<strong>l\u2019absence de congr\u00e8s statutaire depuis pr\u00e8s de dix ans<\/strong>. La derni\u00e8re rencontre formelle remonte \u00e0 2015, et selon Mme Tour\u00e9, la convention nationale tenue r\u00e9cemment ne saurait s\u2019y substituer.<\/p>\n<p>\u00ab\u00a0<em>On nous dit qu\u2019il y a eu la Covid, qu\u2019un congr\u00e8s a \u00e9t\u00e9 organis\u00e9 malgr\u00e9 tout. Mais les documents pr\u00e9sent\u00e9s violent les dispositions statutaires du parti. Aucune disposition ne permet d\u2019assimiler une convention \u00e0 un congr\u00e8s<\/em>\u00ab\u00a0, a-t-elle pr\u00e9cis\u00e9.<\/p>\n<h3><\/h3>\n<p>Au-del\u00e0 des aspects financiers et statutaires,\u00a0<strong>le mode de gouvernance du parti est \u00e9galement point\u00e9 du doigt<\/strong>. Selon Djenabou Tour\u00e9,\u00a0<strong>le pr\u00e9sident Cellou Dalein Diallo<\/strong>\u00a0aurait pris des d\u00e9cisions importantes, comme\u00a0<strong>la sanction de membres<\/strong>, en dehors des proc\u00e9dures pr\u00e9vues par les textes du parti.<\/p>\n<p>\u00ab\u00a0<em>Ce n\u2019est pas au pr\u00e9sident de suspendre un membre. Seul le conseil politique, r\u00e9uni en session r\u00e9guli\u00e8re, peut prendre ce type de d\u00e9cision.<\/em>\u00a0\u00bb<\/p>\n<p>En conclusion, Mme Tour\u00e9 a tenu \u00e0 souligner que l\u2019UFDG\u00a0<strong>n\u2019est pas un cas isol\u00e9<\/strong>. D&rsquo;autres formations politiques seraient \u00e9galement dans le viseur des autorit\u00e9s pour des raisons similaires. Elle insiste sur le fait que la suspension n\u2019est pas une attaque politique, mais le fruit d\u2019un constat rigoureux face \u00e0 des violations manifestes des r\u00e8gles internes.<\/p>\n<p>La suspension de l\u2019UFDG marque un tournant majeur dans la vie politique guin\u00e9enne. Les accusations de mauvaise gestion, d&rsquo;opacit\u00e9 financi\u00e8re et de centralisation du pouvoir viennent \u00e9branler l&rsquo;image du principal parti d\u2019opposition, alors que le pays se pr\u00e9pare \u00e0 de futures \u00e9ch\u00e9ances \u00e9lectorales d\u00e9cisives.<\/p>\n<p>&nbsp;<\/p>\n<p>AMC<\/p>\n","protected":false},"excerpt":{"rendered":"<p>Transparence financi\u00e8re douteuse, violation des statuts internes, gouvernance centralis\u00e9e\u2026\u00a0Lors d\u2019une conf\u00e9rence de presse tenue ce mercredi 3 septembre, la directrice g\u00e9n\u00e9rale des \u00e9lections, Djenabou Tour\u00e9, a lev\u00e9 le voile sur les motifs ayant conduit \u00e0 la suspension de l\u2019Union des forces d\u00e9mocratiques de Guin\u00e9e (UFDG), principal parti d\u2019opposition dirig\u00e9 par Cellou Dalein Diallo. Dans une [&hellip;]<\/p>\n","protected":false},"author":2,"featured_media":3752,"comment_status":"open","ping_status":"open","sticky":false,"template":"","format":"standard","meta":{"_jetpack_memberships_contains_paid_content":false,"footnotes":"","jetpack_publicize_message":"","jetpack_publicize_feature_enabled":true,"jetpack_social_post_already_shared":true,"jetpack_social_options":{"image_generator_settings":{"template":"highway","default_image_id":0,"font":"","enabled":false},"version":2}},"categories":[24,27],"tags":[1131,1041,702],"class_list":{"0":"post-4861","1":"post","2":"type-post","3":"status-publish","4":"format-standard","5":"has-post-thumbnail","7":"category-news","8":"category-politique","9":"tag-directrice-generale","10":"tag-djenabou-toure","11":"tag-ufdg-cellou"},"jetpack_publicize_connections":[],"jetpack_featured_media_url":"https:\/\/ledenonciateur224.com\/wp-content\/uploads\/2025\/07\/cellou-dalein.jpg","jetpack_sharing_enabled":true,"_links":{"self":[{"href":"https:\/\/ledenonciateur224.com\/index.php\/wp-json\/wp\/v2\/posts\/4861","targetHints":{"allow":["GET"]}}],"collection":[{"href":"https:\/\/ledenonciateur224.com\/index.php\/wp-json\/wp\/v2\/posts"}],"about":[{"href":"https:\/\/ledenonciateur224.com\/index.php\/wp-json\/wp\/v2\/types\/post"}],"author":[{"embeddable":true,"href":"https:\/\/ledenonciateur224.com\/index.php\/wp-json\/wp\/v2\/users\/2"}],"replies":[{"embeddable":true,"href":"https:\/\/ledenonciateur224.com\/index.php\/wp-json\/wp\/v2\/comments?post=4861"}],"version-history":[{"count":0,"href":"https:\/\/ledenonciateur224.com\/index.php\/wp-json\/wp\/v2\/posts\/4861\/revisions"}],"wp:featuredmedia":[{"embeddable":true,"href":"https:\/\/ledenonciateur224.com\/index.php\/wp-json\/wp\/v2\/media\/3752"}],"wp:attachment":[{"href":"https:\/\/ledenonciateur224.com\/index.php\/wp-json\/wp\/v2\/media?parent=4861"}],"wp:term":[{"taxonomy":"category","embeddable":true,"href":"https:\/\/ledenonciateur224.com\/index.php\/wp-json\/wp\/v2\/categories?post=4861"},{"taxonomy":"post_tag","embeddable":true,"href":"https:\/\/ledenonciateur224.com\/index.php\/wp-json\/wp\/v2\/tags?post=4861"}],"curies":[{"name":"wp","href":"https:\/\/api.w.org\/{rel}","templated":true}]}}