{"id":4875,"date":"2025-09-04T17:55:48","date_gmt":"2025-09-04T17:55:48","guid":{"rendered":"https:\/\/ledenonciateur224.com\/?p=4875"},"modified":"2025-09-04T17:55:48","modified_gmt":"2025-09-04T17:55:48","slug":"internet-en-guinee-le-gouvernement-annonce-une-baisse-historique-de-25-sur-les-prix-de-connexion","status":"publish","type":"post","link":"https:\/\/ledenonciateur224.com\/index.php\/internet-en-guinee-le-gouvernement-annonce-une-baisse-historique-de-25-sur-les-prix-de-connexion\/","title":{"rendered":"Internet en Guin\u00e9e : Le Gouvernement Annonce une Baisse Historique de 25 % sur les Prix de Connexion"},"content":{"rendered":"<p>Bonne nouvelle pour les usagers d\u2019internet en Guin\u00e9e!<\/p>\n<p>Le gouvernement, par l\u2019entremise du minist\u00e8re des Postes, T\u00e9l\u00e9communications et de l\u2019\u00c9conomie num\u00e9rique, a officialis\u00e9 ce mercredi 4 septembre une r\u00e9duction de\u00a0<strong>25 % du co\u00fbt des donn\u00e9es mobiles<\/strong>\u00a0sur l\u2019ensemble du territoire national.<\/p>\n<p>Cette mesure, rendue possible gr\u00e2ce \u00e0 un partenariat avec l\u2019op\u00e9rateur\u00a0<strong>Orange Guin\u00e9e<\/strong>, marque une avanc\u00e9e significative dans la politique de digitalisation du pays.<\/p>\n<p>\u00ab\u00a0\u00c0 travers notre partenaire Orange, nous sommes heureux d\u2019annoncer une baisse de 25 % du prix des donn\u00e9es sur l\u2019ensemble du territoire national\u00a0\u00bb, a d\u00e9clar\u00e9 la ministre\u00a0<strong>Rose Pola Pricemou<\/strong>, lors d\u2019un point de presse \u00e0 Conakry.<\/p>\n<p>La ministre a soulign\u00e9 que cette initiative s\u2019inscrit dans la\u00a0<strong>vision strat\u00e9gique du pr\u00e9sident de la R\u00e9publique<\/strong>, port\u00e9e par le Premier ministre\u00a0<strong>Amadou Oury Bah<\/strong>, dont l\u2019un des axes prioritaires est de\u00a0<strong>rendre le num\u00e9rique plus accessible<\/strong>\u00a0\u00e0 tous les Guin\u00e9ens, tout en\u00a0<strong>renfor\u00e7ant leur pouvoir d\u2019achat<\/strong>.<\/p>\n<p>Selon les informations recueillies, cette baisse est\u00a0<strong>d\u00e9j\u00e0 effective<\/strong>\u00a0pour les abonn\u00e9s d\u2019Orange Guin\u00e9e, premier op\u00e9rateur mobile du pays.<\/p>\n<p>Ce geste gouvernemental intervient dans un contexte o\u00f9 la connectivit\u00e9 devient de plus en plus essentielle pour l\u2019\u00e9ducation, les affaires, et l\u2019acc\u00e8s \u00e0 l\u2019information. De nombreux citoyens esp\u00e8rent d\u00e9sormais que\u00a0<strong>les autres op\u00e9rateurs suivront le mouvement<\/strong>, afin de g\u00e9n\u00e9raliser la baisse des tarifs \u00e0 l\u2019\u00e9chelle nationale.<\/p>\n<p>Nous y reviendrons avec plus de d\u00e9tails.<\/p>\n","protected":false},"excerpt":{"rendered":"<p>Bonne nouvelle pour les usagers d\u2019internet en Guin\u00e9e! Le gouvernement, par l\u2019entremise du minist\u00e8re des Postes, T\u00e9l\u00e9communications et de l\u2019\u00c9conomie num\u00e9rique, a officialis\u00e9 ce mercredi 4 septembre une r\u00e9duction de\u00a025 % du co\u00fbt des donn\u00e9es mobiles\u00a0sur l\u2019ensemble du territoire national. Cette mesure, rendue possible gr\u00e2ce \u00e0 un partenariat avec l\u2019op\u00e9rateur\u00a0Orange Guin\u00e9e, marque une avanc\u00e9e significative [&hellip;]<\/p>\n","protected":false},"author":2,"featured_media":4876,"comment_status":"open","ping_status":"open","sticky":false,"template":"","format":"standard","meta":{"_jetpack_memberships_contains_paid_content":false,"footnotes":"","jetpack_publicize_message":"","jetpack_publicize_feature_enabled":true,"jetpack_social_post_already_shared":true,"jetpack_social_options":{"image_generator_settings":{"template":"highway","default_image_id":0,"font":"","enabled":false},"version":2}},"categories":[29,24],"tags":[1132],"class_list":{"0":"post-4875","1":"post","2":"type-post","3":"status-publish","4":"format-standard","5":"has-post-thumbnail","7":"category-economie","8":"category-news","9":"tag-economie-numerique"},"jetpack_publicize_connections":[],"jetpack_featured_media_url":"https:\/\/ledenonciateur224.com\/wp-content\/uploads\/2025\/09\/img-20250904-wa0167.jpg","jetpack_sharing_enabled":true,"_links":{"self":[{"href":"https:\/\/ledenonciateur224.com\/index.php\/wp-json\/wp\/v2\/posts\/4875","targetHints":{"allow":["GET"]}}],"collection":[{"href":"https:\/\/ledenonciateur224.com\/index.php\/wp-json\/wp\/v2\/posts"}],"about":[{"href":"https:\/\/ledenonciateur224.com\/index.php\/wp-json\/wp\/v2\/types\/post"}],"author":[{"embeddable":true,"href":"https:\/\/ledenonciateur224.com\/index.php\/wp-json\/wp\/v2\/users\/2"}],"replies":[{"embeddable":true,"href":"https:\/\/ledenonciateur224.com\/index.php\/wp-json\/wp\/v2\/comments?post=4875"}],"version-history":[{"count":0,"href":"https:\/\/ledenonciateur224.com\/index.php\/wp-json\/wp\/v2\/posts\/4875\/revisions"}],"wp:featuredmedia":[{"embeddable":true,"href":"https:\/\/ledenonciateur224.com\/index.php\/wp-json\/wp\/v2\/media\/4876"}],"wp:attachment":[{"href":"https:\/\/ledenonciateur224.com\/index.php\/wp-json\/wp\/v2\/media?parent=4875"}],"wp:term":[{"taxonomy":"category","embeddable":true,"href":"https:\/\/ledenonciateur224.com\/index.php\/wp-json\/wp\/v2\/categories?post=4875"},{"taxonomy":"post_tag","embeddable":true,"href":"https:\/\/ledenonciateur224.com\/index.php\/wp-json\/wp\/v2\/tags?post=4875"}],"curies":[{"name":"wp","href":"https:\/\/api.w.org\/{rel}","templated":true}]}}