{"id":4878,"date":"2025-09-04T21:17:15","date_gmt":"2025-09-04T21:17:15","guid":{"rendered":"https:\/\/ledenonciateur224.com\/?p=4878"},"modified":"2025-09-04T21:17:15","modified_gmt":"2025-09-04T21:17:15","slug":"maneah-une-journee-de-recueillement-national-decretee-par-le-gouvernement","status":"publish","type":"post","link":"https:\/\/ledenonciateur224.com\/index.php\/maneah-une-journee-de-recueillement-national-decretee-par-le-gouvernement\/","title":{"rendered":"Man\u00e9ah : une journ\u00e9e de recueillement national d\u00e9cr\u00e9t\u00e9e par le Gouvernement"},"content":{"rendered":"<p>Le Gouvernement a officiellement d\u00e9cr\u00e9t\u00e9 le <strong>vendredi 05 septembre 2025<\/strong> comme <strong>journ\u00e9e de recueillement national et de pri\u00e8res<\/strong>, \u00e0 l\u2019occasion de l\u2019inhumation des victimes du tragique \u00e9boulement survenu \u00e0 <strong>Man\u00e9ah<\/strong>.<\/p>\n<p>Cette d\u00e9cision vise \u00e0 rendre hommage aux disparus, exprimer la solidarit\u00e9 de la Nation aux familles endeuill\u00e9es, et inviter les citoyens \u00e0 se recueillir en m\u00e9moire des vies perdues. Des c\u00e9r\u00e9monies officielles sont pr\u00e9vues, tandis que les drapeaux seront mis en berne sur toute l\u2019\u00e9tendue du territoire.<\/p>\n<p><img loading=\"lazy\" decoding=\"async\" class=\"alignnone size-full wp-image-4879\" src=\"https:\/\/ledenonciateur224.com\/wp-content\/uploads\/2025\/09\/img-20250904-wa0250.jpg\" alt=\"\" width=\"766\" height=\"1280\" srcset=\"https:\/\/ledenonciateur224.com\/wp-content\/uploads\/2025\/09\/img-20250904-wa0250.jpg 766w, https:\/\/ledenonciateur224.com\/wp-content\/uploads\/2025\/09\/img-20250904-wa0250-180x300.jpg 180w, https:\/\/ledenonciateur224.com\/wp-content\/uploads\/2025\/09\/img-20250904-wa0250-613x1024.jpg 613w, https:\/\/ledenonciateur224.com\/wp-content\/uploads\/2025\/09\/img-20250904-wa0250-150x251.jpg 150w, https:\/\/ledenonciateur224.com\/wp-content\/uploads\/2025\/09\/img-20250904-wa0250-300x501.jpg 300w, https:\/\/ledenonciateur224.com\/wp-content\/uploads\/2025\/09\/img-20250904-wa0250-696x1163.jpg 696w, https:\/\/ledenonciateur224.com\/wp-content\/uploads\/2025\/09\/img-20250904-wa0250-251x420.jpg 251w\" sizes=\"auto, (max-width: 766px) 100vw, 766px\" \/><\/p>\n","protected":false},"excerpt":{"rendered":"<p>Le Gouvernement a officiellement d\u00e9cr\u00e9t\u00e9 le vendredi 05 septembre 2025 comme journ\u00e9e de recueillement national et de pri\u00e8res, \u00e0 l\u2019occasion de l\u2019inhumation des victimes du tragique \u00e9boulement survenu \u00e0 Man\u00e9ah. Cette d\u00e9cision vise \u00e0 rendre hommage aux disparus, exprimer la solidarit\u00e9 de la Nation aux familles endeuill\u00e9es, et inviter les citoyens \u00e0 se recueillir en [&hellip;]<\/p>\n","protected":false},"author":2,"featured_media":4615,"comment_status":"open","ping_status":"open","sticky":false,"template":"","format":"standard","meta":{"_jetpack_memberships_contains_paid_content":false,"footnotes":"","jetpack_publicize_message":"","jetpack_publicize_feature_enabled":true,"jetpack_social_post_already_shared":true,"jetpack_social_options":{"image_generator_settings":{"template":"highway","default_image_id":0,"font":"","enabled":false},"version":2}},"categories":[30,24],"tags":[503,339],"class_list":{"0":"post-4878","1":"post","2":"type-post","3":"status-publish","4":"format-standard","5":"has-post-thumbnail","7":"category-faits-divers","8":"category-news","9":"tag-drame","10":"tag-eboulement"},"jetpack_publicize_connections":[],"jetpack_featured_media_url":"https:\/\/ledenonciateur224.com\/wp-content\/uploads\/2025\/08\/fb-img-1755851518716.jpg","jetpack_sharing_enabled":true,"_links":{"self":[{"href":"https:\/\/ledenonciateur224.com\/index.php\/wp-json\/wp\/v2\/posts\/4878","targetHints":{"allow":["GET"]}}],"collection":[{"href":"https:\/\/ledenonciateur224.com\/index.php\/wp-json\/wp\/v2\/posts"}],"about":[{"href":"https:\/\/ledenonciateur224.com\/index.php\/wp-json\/wp\/v2\/types\/post"}],"author":[{"embeddable":true,"href":"https:\/\/ledenonciateur224.com\/index.php\/wp-json\/wp\/v2\/users\/2"}],"replies":[{"embeddable":true,"href":"https:\/\/ledenonciateur224.com\/index.php\/wp-json\/wp\/v2\/comments?post=4878"}],"version-history":[{"count":0,"href":"https:\/\/ledenonciateur224.com\/index.php\/wp-json\/wp\/v2\/posts\/4878\/revisions"}],"wp:featuredmedia":[{"embeddable":true,"href":"https:\/\/ledenonciateur224.com\/index.php\/wp-json\/wp\/v2\/media\/4615"}],"wp:attachment":[{"href":"https:\/\/ledenonciateur224.com\/index.php\/wp-json\/wp\/v2\/media?parent=4878"}],"wp:term":[{"taxonomy":"category","embeddable":true,"href":"https:\/\/ledenonciateur224.com\/index.php\/wp-json\/wp\/v2\/categories?post=4878"},{"taxonomy":"post_tag","embeddable":true,"href":"https:\/\/ledenonciateur224.com\/index.php\/wp-json\/wp\/v2\/tags?post=4878"}],"curies":[{"name":"wp","href":"https:\/\/api.w.org\/{rel}","templated":true}]}}