{"id":4881,"date":"2025-09-04T22:38:08","date_gmt":"2025-09-04T22:38:08","guid":{"rendered":"https:\/\/ledenonciateur224.com\/?p=4881"},"modified":"2025-09-04T22:38:08","modified_gmt":"2025-09-04T22:38:08","slug":"souverainete-numerique-la-guinee-inaugure-son-data-center-national-avec-le-domaine-gn","status":"publish","type":"post","link":"https:\/\/ledenonciateur224.com\/index.php\/souverainete-numerique-la-guinee-inaugure-son-data-center-national-avec-le-domaine-gn\/","title":{"rendered":"Souverainet\u00e9 num\u00e9rique : la Guin\u00e9e inaugure son Data Center national avec le domaine \u00ab .GN \u00bb"},"content":{"rendered":"<p>Un tournant strat\u00e9gique s\u2019est op\u00e9r\u00e9 en Guin\u00e9e. En pr\u00e9sidant la c\u00e9r\u00e9monie de lancement du domaine national \u00ab .GN \u00bb et l\u2019inauguration officielle du tout premier\u00a0<strong>Data Center national<\/strong>, le ministre directeur de cabinet de la Pr\u00e9sidence de la R\u00e9publique, Djiba Diakit\u00e9, a soulign\u00e9 les avanc\u00e9es majeures du pays en mati\u00e8re de souverainet\u00e9 num\u00e9rique et de modernisation des infrastructures technologiques.<\/p>\n<p>Cette double r\u00e9alisation, hautement symbolique, s\u2019inscrit dans une dynamique plus large impuls\u00e9e par le Comit\u00e9 National du Rassemblement pour le D\u00e9veloppement (CNRD), \u00e0 travers une vision de d\u00e9veloppement durable et de souverainet\u00e9 affirm\u00e9e.<\/p>\n<h3><img loading=\"lazy\" decoding=\"async\" class=\"alignnone size-full wp-image-4882\" src=\"https:\/\/ledenonciateur224.com\/wp-content\/uploads\/2025\/09\/screenshot-20250904-181854-gallery.jpg\" alt=\"\" width=\"431\" height=\"242\" srcset=\"https:\/\/ledenonciateur224.com\/wp-content\/uploads\/2025\/09\/screenshot-20250904-181854-gallery.jpg 431w, https:\/\/ledenonciateur224.com\/wp-content\/uploads\/2025\/09\/screenshot-20250904-181854-gallery-300x168.jpg 300w, https:\/\/ledenonciateur224.com\/wp-content\/uploads\/2025\/09\/screenshot-20250904-181854-gallery-150x84.jpg 150w\" sizes=\"auto, (max-width: 431px) 100vw, 431px\" \/><\/h3>\n<p>Dans son allocution, le ministre a salu\u00e9 \u00ab les changements majeurs \u00bb enregistr\u00e9s depuis l\u2019av\u00e8nement du CNRD, \u00e9voquant notamment la construction d\u2019infrastructures strat\u00e9giques et la mise en \u0153uvre du programme\u00a0<strong>Simandou 2040<\/strong>, une feuille de route ambitieuse pour les quinze prochaines ann\u00e9es.<\/p>\n<p>\u00ab D\u00e9sormais, nous choisissons la\u00a0<strong>ma\u00eetrise<\/strong>\u00a0et la\u00a0<strong>s\u00e9curit\u00e9<\/strong>\u00a0de nos donn\u00e9es. J\u2019insiste : la ma\u00eetrise et la s\u00e9curit\u00e9 de nos donn\u00e9es \u00bb, a martel\u00e9 Djiba Diakit\u00e9, soulignant l\u2019importance capitale de cette avanc\u00e9e pour la souverainet\u00e9 num\u00e9rique du pays.<\/p>\n<p><img loading=\"lazy\" decoding=\"async\" class=\"alignnone size-full wp-image-4883\" src=\"https:\/\/ledenonciateur224.com\/wp-content\/uploads\/2025\/09\/fb-img-1757025122725.jpg\" alt=\"\" width=\"960\" height=\"640\" srcset=\"https:\/\/ledenonciateur224.com\/wp-content\/uploads\/2025\/09\/fb-img-1757025122725.jpg 960w, https:\/\/ledenonciateur224.com\/wp-content\/uploads\/2025\/09\/fb-img-1757025122725-300x200.jpg 300w, https:\/\/ledenonciateur224.com\/wp-content\/uploads\/2025\/09\/fb-img-1757025122725-768x512.jpg 768w, https:\/\/ledenonciateur224.com\/wp-content\/uploads\/2025\/09\/fb-img-1757025122725-150x100.jpg 150w, https:\/\/ledenonciateur224.com\/wp-content\/uploads\/2025\/09\/fb-img-1757025122725-696x464.jpg 696w, https:\/\/ledenonciateur224.com\/wp-content\/uploads\/2025\/09\/fb-img-1757025122725-630x420.jpg 630w\" sizes=\"auto, (max-width: 960px) 100vw, 960px\" \/><\/p>\n<p>Il a rappel\u00e9 qu\u2019auparavant, les donn\u00e9es guin\u00e9ennes pouvaient \u00eatre h\u00e9berg\u00e9es \u00e0 l\u2019\u00e9tranger, parfois hors de tout contr\u00f4le direct. Avec ce nouveau Data Center, \u00ab la R\u00e9publique de Guin\u00e9e fait le choix de la protection, de la transparence et de l\u2019excellence technologique, au service de sa population \u00bb.<\/p>\n<p>Au-del\u00e0 de son r\u00f4le purement technique, ce Data Center est con\u00e7u comme un levier strat\u00e9gique de d\u00e9veloppement. Il permettra non seulement de\u00a0<strong>prot\u00e9ger les donn\u00e9es nationales<\/strong>, mais aussi de proposer des services d\u2019h\u00e9bergement aux pays voisins de la sous-r\u00e9gion. Une ambition r\u00e9gionale assum\u00e9e, mais encadr\u00e9e.<\/p>\n<p><img loading=\"lazy\" decoding=\"async\" class=\"alignnone size-full wp-image-4884\" src=\"https:\/\/ledenonciateur224.com\/wp-content\/uploads\/2025\/09\/fb-img-1757025056937.jpg\" alt=\"\" width=\"640\" height=\"960\" srcset=\"https:\/\/ledenonciateur224.com\/wp-content\/uploads\/2025\/09\/fb-img-1757025056937.jpg 640w, https:\/\/ledenonciateur224.com\/wp-content\/uploads\/2025\/09\/fb-img-1757025056937-200x300.jpg 200w, https:\/\/ledenonciateur224.com\/wp-content\/uploads\/2025\/09\/fb-img-1757025056937-150x225.jpg 150w, https:\/\/ledenonciateur224.com\/wp-content\/uploads\/2025\/09\/fb-img-1757025056937-300x450.jpg 300w, https:\/\/ledenonciateur224.com\/wp-content\/uploads\/2025\/09\/fb-img-1757025056937-280x420.jpg 280w\" sizes=\"auto, (max-width: 640px) 100vw, 640px\" \/><\/p>\n<p>\u00ab Nous restons aussi dispos\u00e9s \u00e0 stocker certaines de nos donn\u00e9es strat\u00e9giques \u00e0 l\u2019\u00e9tranger lorsque cela est n\u00e9cessaire,\u00a0<strong>avec la garantie ferme que nous en gardons le contr\u00f4le et la propri\u00e9t\u00e9<\/strong>\u00a0\u00bb, a pr\u00e9cis\u00e9 le ministre, mettant en avant une approche pragmatique et souveraine.<\/p>\n<p>L\u2019initiative s\u2019inscrit dans le cadre du programme\u00a0<strong>Simandou 2040<\/strong>, qui int\u00e8gre infrastructures, transports et technologies dans une vision int\u00e9gr\u00e9e du d\u00e9veloppement guin\u00e9en. Pour Djiba Diakit\u00e9, il s\u2019agit de construire une\u00a0<strong>souverainet\u00e9 \u00e9conomique<\/strong>\u00a0\u00e0 la hauteur de la souverainet\u00e9 politique acquise depuis 1958.<\/p>\n<p>\u00ab Cet \u00e9difice est bien plus qu\u2019un b\u00e2timent\u2026 C\u2019est un\u00a0<strong>h\u00e9ritage<\/strong>. Un h\u00e9ritage que nous laisserons aux g\u00e9n\u00e9rations futures, afin qu\u2019elles ma\u00eetrisent leurs donn\u00e9es, leurs innovations et leur avenir \u00bb, a-t-il affirm\u00e9 avec conviction.<\/p>\n<h3><img loading=\"lazy\" decoding=\"async\" class=\"alignnone size-full wp-image-4885\" src=\"https:\/\/ledenonciateur224.com\/wp-content\/uploads\/2025\/09\/fb-img-1757025092557.jpg\" alt=\"\" width=\"960\" height=\"640\" srcset=\"https:\/\/ledenonciateur224.com\/wp-content\/uploads\/2025\/09\/fb-img-1757025092557.jpg 960w, https:\/\/ledenonciateur224.com\/wp-content\/uploads\/2025\/09\/fb-img-1757025092557-300x200.jpg 300w, https:\/\/ledenonciateur224.com\/wp-content\/uploads\/2025\/09\/fb-img-1757025092557-768x512.jpg 768w, https:\/\/ledenonciateur224.com\/wp-content\/uploads\/2025\/09\/fb-img-1757025092557-150x100.jpg 150w, https:\/\/ledenonciateur224.com\/wp-content\/uploads\/2025\/09\/fb-img-1757025092557-696x464.jpg 696w, https:\/\/ledenonciateur224.com\/wp-content\/uploads\/2025\/09\/fb-img-1757025092557-630x420.jpg 630w\" sizes=\"auto, (max-width: 960px) 100vw, 960px\" \/> <img loading=\"lazy\" decoding=\"async\" class=\"alignnone size-full wp-image-4886\" src=\"https:\/\/ledenonciateur224.com\/wp-content\/uploads\/2025\/09\/fb-img-1757025115205.jpg\" alt=\"\" width=\"960\" height=\"640\" srcset=\"https:\/\/ledenonciateur224.com\/wp-content\/uploads\/2025\/09\/fb-img-1757025115205.jpg 960w, https:\/\/ledenonciateur224.com\/wp-content\/uploads\/2025\/09\/fb-img-1757025115205-300x200.jpg 300w, https:\/\/ledenonciateur224.com\/wp-content\/uploads\/2025\/09\/fb-img-1757025115205-768x512.jpg 768w, https:\/\/ledenonciateur224.com\/wp-content\/uploads\/2025\/09\/fb-img-1757025115205-150x100.jpg 150w, https:\/\/ledenonciateur224.com\/wp-content\/uploads\/2025\/09\/fb-img-1757025115205-696x464.jpg 696w, https:\/\/ledenonciateur224.com\/wp-content\/uploads\/2025\/09\/fb-img-1757025115205-630x420.jpg 630w\" sizes=\"auto, (max-width: 960px) 100vw, 960px\" \/><\/h3>\n<p>Djiba Diakit\u00e9 a salu\u00e9 l\u2019esprit de collaboration qui a permis la concr\u00e9tisation de ce projet d\u2019envergure. Il a tenu \u00e0 remercier les partenaires techniques et financiers, ainsi que les \u00e9quipes guin\u00e9ennes qui ont \u0153uvr\u00e9 \u00e0 sa r\u00e9alisation.<\/p>\n<p>\u00ab Ce projet porte la marque de ce\u00a0<strong>travail d\u2019\u00e9quipe<\/strong>\u00a0et de cette\u00a0<strong>intelligence collective<\/strong>, au service de la nation \u00bb, a-t-il d\u00e9clar\u00e9, avant de rendre un hommage appuy\u00e9 au\u00a0<strong>leadership du chef de l\u2019\u00c9tat, le g\u00e9n\u00e9ral Mamadi Doumbouya<\/strong>, ainsi qu\u2019au r\u00f4le du Premier ministre Amadou Oury Bah.<\/p>\n<h3><\/h3>\n<p>En conclusion, le ministre a exprim\u00e9 une fiert\u00e9 profonde et une foi in\u00e9branlable dans le futur du pays :<\/p>\n<p>\u00ab La R\u00e9publique de Guin\u00e9e peut d\u00e9sormais affirmer sa place sur la\u00a0<strong>carte num\u00e9rique mondiale<\/strong>\u00a0\u00e0 travers le point .GN. Nous continuerons \u00e0 b\u00e2tir cette Guin\u00e9e ensemble, avec la contribution de tous ses fils et filles, pour aujourd\u2019hui et pour demain. \u00bb<\/p>\n<p>Avec cette nouvelle infrastructure, la Guin\u00e9e affirme sa\u00a0<strong>place de choix dans le concert des nations digitales<\/strong>\u00a0et trace une voie claire vers une souverainet\u00e9 num\u00e9rique durable, ma\u00eetris\u00e9e, et fi\u00e8rement revendiqu\u00e9e.<\/p>\n<p>&nbsp;<\/p>\n<p>AMC<\/p>\n","protected":false},"excerpt":{"rendered":"<p>Un tournant strat\u00e9gique s\u2019est op\u00e9r\u00e9 en Guin\u00e9e. En pr\u00e9sidant la c\u00e9r\u00e9monie de lancement du domaine national \u00ab .GN \u00bb et l\u2019inauguration officielle du tout premier\u00a0Data Center national, le ministre directeur de cabinet de la Pr\u00e9sidence de la R\u00e9publique, Djiba Diakit\u00e9, a soulign\u00e9 les avanc\u00e9es majeures du pays en mati\u00e8re de souverainet\u00e9 num\u00e9rique et de modernisation [&hellip;]<\/p>\n","protected":false},"author":2,"featured_media":4887,"comment_status":"open","ping_status":"open","sticky":false,"template":"","format":"standard","meta":{"_jetpack_memberships_contains_paid_content":false,"footnotes":"","jetpack_publicize_message":"","jetpack_publicize_feature_enabled":true,"jetpack_social_post_already_shared":true,"jetpack_social_options":{"image_generator_settings":{"template":"highway","default_image_id":0,"font":"","enabled":false},"version":2}},"categories":[29,24],"tags":[1135,1133,1134],"class_list":{"0":"post-4881","1":"post","2":"type-post","3":"status-publish","4":"format-standard","5":"has-post-thumbnail","7":"category-economie","8":"category-news","9":"tag-gn","10":"tag-djiba-diakite","11":"tag-numerique"},"jetpack_publicize_connections":[],"jetpack_featured_media_url":"https:\/\/ledenonciateur224.com\/wp-content\/uploads\/2025\/09\/fb-img-1757025069247.jpg","jetpack_sharing_enabled":true,"_links":{"self":[{"href":"https:\/\/ledenonciateur224.com\/index.php\/wp-json\/wp\/v2\/posts\/4881","targetHints":{"allow":["GET"]}}],"collection":[{"href":"https:\/\/ledenonciateur224.com\/index.php\/wp-json\/wp\/v2\/posts"}],"about":[{"href":"https:\/\/ledenonciateur224.com\/index.php\/wp-json\/wp\/v2\/types\/post"}],"author":[{"embeddable":true,"href":"https:\/\/ledenonciateur224.com\/index.php\/wp-json\/wp\/v2\/users\/2"}],"replies":[{"embeddable":true,"href":"https:\/\/ledenonciateur224.com\/index.php\/wp-json\/wp\/v2\/comments?post=4881"}],"version-history":[{"count":0,"href":"https:\/\/ledenonciateur224.com\/index.php\/wp-json\/wp\/v2\/posts\/4881\/revisions"}],"wp:featuredmedia":[{"embeddable":true,"href":"https:\/\/ledenonciateur224.com\/index.php\/wp-json\/wp\/v2\/media\/4887"}],"wp:attachment":[{"href":"https:\/\/ledenonciateur224.com\/index.php\/wp-json\/wp\/v2\/media?parent=4881"}],"wp:term":[{"taxonomy":"category","embeddable":true,"href":"https:\/\/ledenonciateur224.com\/index.php\/wp-json\/wp\/v2\/categories?post=4881"},{"taxonomy":"post_tag","embeddable":true,"href":"https:\/\/ledenonciateur224.com\/index.php\/wp-json\/wp\/v2\/tags?post=4881"}],"curies":[{"name":"wp","href":"https:\/\/api.w.org\/{rel}","templated":true}]}}