{"id":4889,"date":"2025-09-05T13:37:23","date_gmt":"2025-09-05T13:37:23","guid":{"rendered":"https:\/\/ledenonciateur224.com\/?p=4889"},"modified":"2025-09-05T13:37:23","modified_gmt":"2025-09-05T13:37:23","slug":"la-guinee-affirme-sa-souverainete-numerique-le-gn-est-de-retour-au-pays","status":"publish","type":"post","link":"https:\/\/ledenonciateur224.com\/index.php\/la-guinee-affirme-sa-souverainete-numerique-le-gn-est-de-retour-au-pays\/","title":{"rendered":"La Guin\u00e9e affirme sa souverainet\u00e9 num\u00e9rique : Le .GN est de retour au pays"},"content":{"rendered":"<p>La R\u00e9publique de Guin\u00e9e vient de franchir un tournant majeur dans son histoire num\u00e9rique. Ce jeudi 4 septembre 2025 marque le lancement officiel du\u00a0<strong>.GN<\/strong>, l\u2019extension nationale de nom de domaine, d\u00e9sormais\u00a0<strong>h\u00e9berg\u00e9e et g\u00e9r\u00e9e localement<\/strong>. Plus qu\u2019un simple changement technique, il s&rsquo;agit d\u2019un acte symbolique fort :\u00a0<strong>la Guin\u00e9e r\u00e9cup\u00e8re enfin son identit\u00e9 num\u00e9rique<\/strong>\u00a0sur la sc\u00e8ne mondiale.<\/p>\n<p><img loading=\"lazy\" decoding=\"async\" class=\"alignnone size-full wp-image-4890\" src=\"https:\/\/ledenonciateur224.com\/wp-content\/uploads\/2025\/09\/fb-img-1757079078878.jpg\" alt=\"\" width=\"2048\" height=\"1572\" srcset=\"https:\/\/ledenonciateur224.com\/wp-content\/uploads\/2025\/09\/fb-img-1757079078878.jpg 2048w, https:\/\/ledenonciateur224.com\/wp-content\/uploads\/2025\/09\/fb-img-1757079078878-300x230.jpg 300w, https:\/\/ledenonciateur224.com\/wp-content\/uploads\/2025\/09\/fb-img-1757079078878-1024x786.jpg 1024w, https:\/\/ledenonciateur224.com\/wp-content\/uploads\/2025\/09\/fb-img-1757079078878-768x590.jpg 768w, https:\/\/ledenonciateur224.com\/wp-content\/uploads\/2025\/09\/fb-img-1757079078878-1536x1179.jpg 1536w, https:\/\/ledenonciateur224.com\/wp-content\/uploads\/2025\/09\/fb-img-1757079078878-150x115.jpg 150w, https:\/\/ledenonciateur224.com\/wp-content\/uploads\/2025\/09\/fb-img-1757079078878-696x534.jpg 696w, https:\/\/ledenonciateur224.com\/wp-content\/uploads\/2025\/09\/fb-img-1757079078878-1068x820.jpg 1068w, https:\/\/ledenonciateur224.com\/wp-content\/uploads\/2025\/09\/fb-img-1757079078878-1920x1474.jpg 1920w, https:\/\/ledenonciateur224.com\/wp-content\/uploads\/2025\/09\/fb-img-1757079078878-547x420.jpg 547w, https:\/\/ledenonciateur224.com\/wp-content\/uploads\/2025\/09\/fb-img-1757079078878-80x60.jpg 80w\" sizes=\"auto, (max-width: 2048px) 100vw, 2048px\" \/><\/p>\n<p>Jusqu\u2019\u00e0 pr\u00e9sent, de nombreuses institutions et entreprises guin\u00e9ennes \u00e9taient contraintes d&rsquo;utiliser des adresses et domaines \u00e9trangers \u2013 souvent en\u00a0<strong>.com, .org<\/strong>\u00a0ou via des services de messagerie comme Gmail ou Yahoo. Ce d\u00e9calage entre identit\u00e9 nationale et pr\u00e9sence num\u00e9rique posait un v\u00e9ritable probl\u00e8me de souverainet\u00e9.<\/p>\n<p>\u00ab\u202f<strong>Notre drapeau num\u00e9rique flottait hors de nos fronti\u00e8res<\/strong>\u00a0\u00bb, a soulign\u00e9 la ministre des Postes et T\u00e9l\u00e9communications,\u00a0<strong>Rose Pola Pricemou<\/strong>, dans un discours vibrant. Elle a rappel\u00e9 combien cette situation \u00e9tait frustrante, voire inacceptable, pour un \u00c9tat qui souhaite ma\u00eetriser son image et ses donn\u00e9es dans le cyberespace.<\/p>\n<p><img loading=\"lazy\" decoding=\"async\" class=\"alignnone size-full wp-image-4891\" src=\"https:\/\/ledenonciateur224.com\/wp-content\/uploads\/2025\/09\/20250904-140957-scaled.jpg\" alt=\"\" width=\"2560\" height=\"1152\" srcset=\"https:\/\/ledenonciateur224.com\/wp-content\/uploads\/2025\/09\/20250904-140957-scaled.jpg 2560w, https:\/\/ledenonciateur224.com\/wp-content\/uploads\/2025\/09\/20250904-140957-300x135.jpg 300w, https:\/\/ledenonciateur224.com\/wp-content\/uploads\/2025\/09\/20250904-140957-1024x461.jpg 1024w, https:\/\/ledenonciateur224.com\/wp-content\/uploads\/2025\/09\/20250904-140957-768x346.jpg 768w, https:\/\/ledenonciateur224.com\/wp-content\/uploads\/2025\/09\/20250904-140957-1536x691.jpg 1536w, https:\/\/ledenonciateur224.com\/wp-content\/uploads\/2025\/09\/20250904-140957-2048x922.jpg 2048w, https:\/\/ledenonciateur224.com\/wp-content\/uploads\/2025\/09\/20250904-140957-150x68.jpg 150w, https:\/\/ledenonciateur224.com\/wp-content\/uploads\/2025\/09\/20250904-140957-696x313.jpg 696w, https:\/\/ledenonciateur224.com\/wp-content\/uploads\/2025\/09\/20250904-140957-1068x481.jpg 1068w, https:\/\/ledenonciateur224.com\/wp-content\/uploads\/2025\/09\/20250904-140957-1920x864.jpg 1920w, https:\/\/ledenonciateur224.com\/wp-content\/uploads\/2025\/09\/20250904-140957-933x420.jpg 933w\" sizes=\"auto, (max-width: 2560px) 100vw, 2560px\" \/><\/p>\n<p>Le rapatriement du\u00a0<strong>point GN<\/strong>\u00a0n\u2019est pas arriv\u00e9 par hasard. Il est le fruit de\u00a0<strong>plus de vingt ans de lutte<\/strong>, de n\u00e9gociations techniques et diplomatiques men\u00e9es par plusieurs g\u00e9n\u00e9rations de cadres, d\u2019experts, et de responsables politiques. Un effort collectif que la ministre a tenu \u00e0 saluer avec \u00e9motion.<\/p>\n<p>En parall\u00e8le, la Guin\u00e9e inaugure aussi une autre avanc\u00e9e d\u00e9cisive :\u00a0<strong>son tout premier data center national certifi\u00e9 Tier III<\/strong>. D\u2019une superficie de plus de 600 m\u00b2, ce centre est con\u00e7u selon les standards internationaux les plus rigoureux en mati\u00e8re de s\u00e9curit\u00e9, de performance et de disponibilit\u00e9.<\/p>\n<p>Pourquoi est-ce important ? Parce que jusqu\u2019\u00e0 aujourd\u2019hui,\u00a0<strong>la majorit\u00e9 des donn\u00e9es gouvernementales, universitaires et \u00e9conomiques guin\u00e9ennes \u00e9taient h\u00e9berg\u00e9es \u00e0 l\u2019\u00e9tranger<\/strong>, avec tous les risques que cela comporte : pertes de contr\u00f4le, failles de s\u00e9curit\u00e9, co\u00fbts \u00e9lev\u00e9s, etc.<\/p>\n<p><img loading=\"lazy\" decoding=\"async\" class=\"alignnone size-full wp-image-4892\" src=\"https:\/\/ledenonciateur224.com\/wp-content\/uploads\/2025\/09\/fb-img-1757079070825.jpg\" alt=\"\" width=\"2048\" height=\"1366\" srcset=\"https:\/\/ledenonciateur224.com\/wp-content\/uploads\/2025\/09\/fb-img-1757079070825.jpg 2048w, https:\/\/ledenonciateur224.com\/wp-content\/uploads\/2025\/09\/fb-img-1757079070825-300x200.jpg 300w, https:\/\/ledenonciateur224.com\/wp-content\/uploads\/2025\/09\/fb-img-1757079070825-1024x683.jpg 1024w, https:\/\/ledenonciateur224.com\/wp-content\/uploads\/2025\/09\/fb-img-1757079070825-768x512.jpg 768w, https:\/\/ledenonciateur224.com\/wp-content\/uploads\/2025\/09\/fb-img-1757079070825-1536x1025.jpg 1536w, https:\/\/ledenonciateur224.com\/wp-content\/uploads\/2025\/09\/fb-img-1757079070825-150x100.jpg 150w, https:\/\/ledenonciateur224.com\/wp-content\/uploads\/2025\/09\/fb-img-1757079070825-696x464.jpg 696w, https:\/\/ledenonciateur224.com\/wp-content\/uploads\/2025\/09\/fb-img-1757079070825-1068x712.jpg 1068w, https:\/\/ledenonciateur224.com\/wp-content\/uploads\/2025\/09\/fb-img-1757079070825-1920x1281.jpg 1920w, https:\/\/ledenonciateur224.com\/wp-content\/uploads\/2025\/09\/fb-img-1757079070825-630x420.jpg 630w\" sizes=\"auto, (max-width: 2048px) 100vw, 2048px\" \/><\/p>\n<p>Avec cette nouvelle infrastructure,\u00a0<strong>les donn\u00e9es sensibles du pays resteront sur le sol guin\u00e9en<\/strong>, administr\u00e9es par des comp\u00e9tences locales, dans un environnement hautement s\u00e9curis\u00e9. Le centre permettra non seulement de\u00a0<strong>r\u00e9duire les d\u00e9penses<\/strong>\u00a0li\u00e9es \u00e0 l\u2019h\u00e9bergement externe (estim\u00e9es \u00e0 plusieurs millions de dollars par an), mais aussi de stimuler la\u00a0<strong>croissance d\u2019un \u00e9cosyst\u00e8me num\u00e9rique local<\/strong>.<\/p>\n<h3><img loading=\"lazy\" decoding=\"async\" class=\"alignnone size-full wp-image-4893\" src=\"https:\/\/ledenonciateur224.com\/wp-content\/uploads\/2025\/09\/fb-img-1757025122725-1.jpg\" alt=\"\" width=\"960\" height=\"640\" srcset=\"https:\/\/ledenonciateur224.com\/wp-content\/uploads\/2025\/09\/fb-img-1757025122725-1.jpg 960w, https:\/\/ledenonciateur224.com\/wp-content\/uploads\/2025\/09\/fb-img-1757025122725-1-300x200.jpg 300w, https:\/\/ledenonciateur224.com\/wp-content\/uploads\/2025\/09\/fb-img-1757025122725-1-768x512.jpg 768w, https:\/\/ledenonciateur224.com\/wp-content\/uploads\/2025\/09\/fb-img-1757025122725-1-150x100.jpg 150w, https:\/\/ledenonciateur224.com\/wp-content\/uploads\/2025\/09\/fb-img-1757025122725-1-696x464.jpg 696w, https:\/\/ledenonciateur224.com\/wp-content\/uploads\/2025\/09\/fb-img-1757025122725-1-630x420.jpg 630w\" sizes=\"auto, (max-width: 960px) 100vw, 960px\" \/><\/h3>\n<p>Ces deux \u00e9v\u00e9nements \u2014 le rapatriement du\u00a0<strong>.GN<\/strong>\u00a0et l\u2019inauguration du\u00a0<strong>data center national<\/strong>\u00a0\u2014 marquent l\u2019entr\u00e9e de la Guin\u00e9e dans une\u00a0<strong>nouvelle \u00e8re num\u00e9rique<\/strong>. Une \u00e8re dans laquelle le pays affirme non seulement sa souverainet\u00e9 technologique, mais cr\u00e9e aussi les conditions d\u2019un\u00a0<strong>d\u00e9veloppement digital inclusif et durable<\/strong>.<\/p>\n<p>Derri\u00e8re cette double victoire se cachent des ann\u00e9es de pers\u00e9v\u00e9rance, de vision strat\u00e9gique et d\u2019engagement de femmes et d\u2019hommes convaincus que\u00a0<strong>le num\u00e9rique peut \u00eatre un levier de transformation nationale<\/strong>.<\/p>\n<p>La Guin\u00e9e, jusqu\u2019ici spectatrice du cyberespace mondial, devient d\u00e9sormais\u00a0<strong>actrice \u00e0 part enti\u00e8re<\/strong>. Avec le .GN flottant fi\u00e8rement dans le cloud,\u00a0<strong>le pays se positionne pour un avenir num\u00e9rique souverain, s\u00e9curis\u00e9 et prometteur<\/strong>.<\/p>\n<p>&nbsp;<\/p>\n<p>Aboubacar Moussa Camara<\/p>\n<p>611 70 39 84<\/p>\n","protected":false},"excerpt":{"rendered":"<p>La R\u00e9publique de Guin\u00e9e vient de franchir un tournant majeur dans son histoire num\u00e9rique. Ce jeudi 4 septembre 2025 marque le lancement officiel du\u00a0.GN, l\u2019extension nationale de nom de domaine, d\u00e9sormais\u00a0h\u00e9berg\u00e9e et g\u00e9r\u00e9e localement. Plus qu\u2019un simple changement technique, il s&rsquo;agit d\u2019un acte symbolique fort :\u00a0la Guin\u00e9e r\u00e9cup\u00e8re enfin son identit\u00e9 num\u00e9rique\u00a0sur la sc\u00e8ne mondiale. [&hellip;]<\/p>\n","protected":false},"author":2,"featured_media":4894,"comment_status":"open","ping_status":"open","sticky":false,"template":"","format":"standard","meta":{"_jetpack_memberships_contains_paid_content":false,"footnotes":"","jetpack_publicize_message":"","jetpack_publicize_feature_enabled":true,"jetpack_social_post_already_shared":true,"jetpack_social_options":{"image_generator_settings":{"template":"highway","default_image_id":0,"font":"","enabled":false},"version":2}},"categories":[29,24],"tags":[1134,1136],"class_list":{"0":"post-4889","1":"post","2":"type-post","3":"status-publish","4":"format-standard","5":"has-post-thumbnail","7":"category-economie","8":"category-news","9":"tag-numerique","10":"tag-systeme-economique"},"jetpack_publicize_connections":[],"jetpack_featured_media_url":"https:\/\/ledenonciateur224.com\/wp-content\/uploads\/2025\/09\/fb-img-1757079091486.jpg","jetpack_sharing_enabled":true,"_links":{"self":[{"href":"https:\/\/ledenonciateur224.com\/index.php\/wp-json\/wp\/v2\/posts\/4889","targetHints":{"allow":["GET"]}}],"collection":[{"href":"https:\/\/ledenonciateur224.com\/index.php\/wp-json\/wp\/v2\/posts"}],"about":[{"href":"https:\/\/ledenonciateur224.com\/index.php\/wp-json\/wp\/v2\/types\/post"}],"author":[{"embeddable":true,"href":"https:\/\/ledenonciateur224.com\/index.php\/wp-json\/wp\/v2\/users\/2"}],"replies":[{"embeddable":true,"href":"https:\/\/ledenonciateur224.com\/index.php\/wp-json\/wp\/v2\/comments?post=4889"}],"version-history":[{"count":0,"href":"https:\/\/ledenonciateur224.com\/index.php\/wp-json\/wp\/v2\/posts\/4889\/revisions"}],"wp:featuredmedia":[{"embeddable":true,"href":"https:\/\/ledenonciateur224.com\/index.php\/wp-json\/wp\/v2\/media\/4894"}],"wp:attachment":[{"href":"https:\/\/ledenonciateur224.com\/index.php\/wp-json\/wp\/v2\/media?parent=4889"}],"wp:term":[{"taxonomy":"category","embeddable":true,"href":"https:\/\/ledenonciateur224.com\/index.php\/wp-json\/wp\/v2\/categories?post=4889"},{"taxonomy":"post_tag","embeddable":true,"href":"https:\/\/ledenonciateur224.com\/index.php\/wp-json\/wp\/v2\/tags?post=4889"}],"curies":[{"name":"wp","href":"https:\/\/api.w.org\/{rel}","templated":true}]}}