{"id":489,"date":"2024-12-14T23:18:54","date_gmt":"2024-12-14T23:18:54","guid":{"rendered":"https:\/\/ledenonciateur224.com\/?p=489"},"modified":"2024-12-14T23:22:10","modified_gmt":"2024-12-14T23:22:10","slug":"conakry-lufr-critique-loperation-dexpulsion-des-ressortissants-sierra-leonais","status":"publish","type":"post","link":"https:\/\/ledenonciateur224.com\/index.php\/conakry-lufr-critique-loperation-dexpulsion-des-ressortissants-sierra-leonais\/","title":{"rendered":"Conakry : L\u2019UFR critique l\u2019op\u00e9ration d\u2019expulsion des ressortissants sierra-l\u00e9onais"},"content":{"rendered":"<blockquote><p><span style=\"font-family: source sans pro\">Depuis quelques jours, Conakry se transforme en une sc\u00e8ne o\u00f9\u00a0 autorit\u00e9s semblent jouer une pi\u00e8ce tragique intitul\u00e9e \u00ab Comment se f\u00e2cher avec ses voisins en trois actes \u00bb. En effet, sous l&rsquo;ordre du procureur g\u00e9n\u00e9ral, les forces de d\u00e9fense et de s\u00e9curit\u00e9 ont lanc\u00e9 une op\u00e9ration muscl\u00e9e visant \u00e0 expulser des ressortissants sierra-l\u00e9onais en situation irr\u00e9guli\u00e8re. Bien que cette d\u00e9monstration de force r\u00e9ponde \u00e0 un besoin d\u2019affirmer l\u2019autorit\u00e9, elle soul\u00e8ve des interrogations sur la m\u00e9thode employ\u00e9e et le manque de diplomatie.<\/span><\/p><\/blockquote>\n<p><span style=\"font-family: source sans pro\">Lors de son assembl\u00e9e g\u00e9n\u00e9rale du samedi 14 d\u00e9cembre, l&rsquo;Union des Forces R\u00e9publicaines (UFR) a pris la parole pour d\u00e9noncer cette initiative qu\u2019elle consid\u00e8re comme maladroite et contre-productive. N\u2019sira Bangoura, membre du bureau ex\u00e9cutif de l\u2019UFR, a exprim\u00e9 de vives critiques, qualifiant l\u2019approche des autorit\u00e9s de pr\u00e9cipit\u00e9e et potentiellement nuisible aux relations avec le Sierra Leone. Elle a soulign\u00e9 que cette op\u00e9ration, mal g\u00e9r\u00e9e, pourrait non seulement d\u00e9t\u00e9riorer l&rsquo;image de la Guin\u00e9e sur le plan international, mais aussi compromettre les relations diplomatiques entre les deux pays voisins.<\/span><\/p>\n<p><span style=\"font-family: source sans pro\">L\u2019UFR a donc appel\u00e9 les autorit\u00e9s \u00e0 privil\u00e9gier une approche plus mesur\u00e9e et diplomatique, soulignant que des actions de ce genre n\u00e9cessitent r\u00e9flexion et tact, afin d\u2019\u00e9viter de nuire \u00e0 la stabilit\u00e9 r\u00e9gionale d&rsquo;apr\u00e8s nos confr\u00e8res de laguinee.info<\/span><\/p>\n<p>\u00ab\u00a0<em>On expulse les Sierra-L\u00e9onais comme si la Guin\u00e9e \u00e9tait un \u00eelot paradisiaque o\u00f9 les autres r\u00eavent de s\u2019installer clandestinement. Mais si la Sierra Leone d\u00e9cidait de faire pareil, avec tous ces Bangoura et Cont\u00e9 qui vivent l\u00e0-bas ? La v\u00e9rit\u00e9, c\u2019est que nous avons plus de Guin\u00e9ens d\u00e9guis\u00e9s en Sierra-L\u00e9onais que l\u2019inverse ! Alors, au lieu de jeter les gens dehors \u00e0 coups de bottes, pourquoi ne pas instaurer des cartes de s\u00e9jour ? \u00c7a aurait rempli les caisses de l\u2019\u00c9tat, tout en respectant nos voisins \u00bb,<\/em>\u00a0a ironis\u00e9 Mme Bangoura.<\/p>\n<p>Avec une pointe d\u2019humour mordant, elle a sugg\u00e9r\u00e9 que cette chasse aux \u00e9trangers pourrait davantage relever d\u2019une strat\u00e9gie d\u00e9sesp\u00e9r\u00e9e pour trouver de l\u2019argent, plut\u00f4t que d\u2019une v\u00e9ritable politique migratoire.<\/p>\n<p>Mme Bangoura n\u2019a pas manqu\u00e9 de rappeler une v\u00e9rit\u00e9 qui semble \u00e9chapper \u00e0 ceux qui m\u00e8nent cette op\u00e9ration : la solidarit\u00e9 r\u00e9gionale.<\/p>\n<p>\u00ab\u00a0<em>Pendant l\u2019\u00e9pid\u00e9mie d\u2019Ebola, quand tout le monde nous tournait le dos, seule la Sierra Leone a ouvert ses fronti\u00e8res. Et aujourd\u2019hui, voil\u00e0 comment nous leur rendons la pareille ? On balance leurs citoyens dehors sans m\u00eame v\u00e9rifier qui est qui. Un tri diplomatique aurait permis de garder nos fr\u00e8res et de rapatrier les vrais Sierra-L\u00e9onais en bonne et due forme. Mais non, visiblement, r\u00e9fl\u00e9chir, c\u2019est trop demander \u00bb<\/em>, a-t-elle l\u00e2ch\u00e9 avec un ton cinglant.<\/p>\n<p>Entre la d\u00e9fense des lois migratoires et l\u2019application brute de la force, l\u2019UFR pointe un manque flagrant de doigt\u00e9. Cette op\u00e9ration, si elle r\u00e9pond \u00e0 une logique de contr\u00f4le, trahit une absence totale de strat\u00e9gie \u00e0 long terme. Ce n\u2019est pas en jouant les gros bras qu\u2019on gouverne un pays, encore moins qu\u2019on g\u00e8re des relations avec ses voisins.<\/p>\n<p>Le message de l\u2019UFR est clair : la Guin\u00e9e m\u00e9rite mieux qu\u2019une diplomatie \u00e0 la matraque. Et si les autorit\u00e9s de la transition veulent vraiment asseoir leur l\u00e9gitimit\u00e9, il serait peut-\u00eatre temps d\u2019\u00e9changer les bottes contre un peu de bon sens. Mais bon, visiblement, le bon sens, c\u2019est comme les cartes de s\u00e9jour : il manque cruellement dans ce pays.<\/p>\n<p>&nbsp;<\/p>\n<p>&nbsp;<\/p>\n<p>&nbsp;<\/p>\n<p>Alpha Soumah<\/p>\n","protected":false},"excerpt":{"rendered":"<p>Depuis quelques jours, Conakry se transforme en une sc\u00e8ne o\u00f9\u00a0 autorit\u00e9s semblent jouer une pi\u00e8ce tragique intitul\u00e9e \u00ab Comment se f\u00e2cher avec ses voisins en trois actes \u00bb. En effet, sous l&rsquo;ordre du procureur g\u00e9n\u00e9ral, les forces de d\u00e9fense et de s\u00e9curit\u00e9 ont lanc\u00e9 une op\u00e9ration muscl\u00e9e visant \u00e0 expulser des ressortissants sierra-l\u00e9onais en situation [&hellip;]<\/p>\n","protected":false},"author":2,"featured_media":490,"comment_status":"open","ping_status":"open","sticky":false,"template":"","format":"standard","meta":{"_jetpack_memberships_contains_paid_content":false,"footnotes":"","jetpack_publicize_message":"","jetpack_publicize_feature_enabled":true,"jetpack_social_post_already_shared":false,"jetpack_social_options":{"image_generator_settings":{"template":"highway","default_image_id":0,"font":"","enabled":false},"version":2}},"categories":[24,27],"tags":[99,98],"class_list":{"0":"post-489","1":"post","2":"type-post","3":"status-publish","4":"format-standard","5":"has-post-thumbnail","7":"category-news","8":"category-politique","9":"tag-assemblee-generale-des-partis-politiques","10":"tag-ufr"},"jetpack_publicize_connections":[],"jetpack_featured_media_url":"https:\/\/ledenonciateur224.com\/wp-content\/uploads\/2024\/12\/img-20241116-wa0017.jpg","jetpack_sharing_enabled":true,"_links":{"self":[{"href":"https:\/\/ledenonciateur224.com\/index.php\/wp-json\/wp\/v2\/posts\/489","targetHints":{"allow":["GET"]}}],"collection":[{"href":"https:\/\/ledenonciateur224.com\/index.php\/wp-json\/wp\/v2\/posts"}],"about":[{"href":"https:\/\/ledenonciateur224.com\/index.php\/wp-json\/wp\/v2\/types\/post"}],"author":[{"embeddable":true,"href":"https:\/\/ledenonciateur224.com\/index.php\/wp-json\/wp\/v2\/users\/2"}],"replies":[{"embeddable":true,"href":"https:\/\/ledenonciateur224.com\/index.php\/wp-json\/wp\/v2\/comments?post=489"}],"version-history":[{"count":0,"href":"https:\/\/ledenonciateur224.com\/index.php\/wp-json\/wp\/v2\/posts\/489\/revisions"}],"wp:featuredmedia":[{"embeddable":true,"href":"https:\/\/ledenonciateur224.com\/index.php\/wp-json\/wp\/v2\/media\/490"}],"wp:attachment":[{"href":"https:\/\/ledenonciateur224.com\/index.php\/wp-json\/wp\/v2\/media?parent=489"}],"wp:term":[{"taxonomy":"category","embeddable":true,"href":"https:\/\/ledenonciateur224.com\/index.php\/wp-json\/wp\/v2\/categories?post=489"},{"taxonomy":"post_tag","embeddable":true,"href":"https:\/\/ledenonciateur224.com\/index.php\/wp-json\/wp\/v2\/tags?post=489"}],"curies":[{"name":"wp","href":"https:\/\/api.w.org\/{rel}","templated":true}]}}