{"id":4899,"date":"2025-09-05T15:04:39","date_gmt":"2025-09-05T15:04:39","guid":{"rendered":"https:\/\/ledenonciateur224.com\/?p=4899"},"modified":"2025-09-05T15:04:39","modified_gmt":"2025-09-05T15:04:39","slug":"kankan-le-ministre-ousmane-gaoual-diallo-preside-linauguration-de-la-mosquee-cheikh-souleymane-sidibe","status":"publish","type":"post","link":"https:\/\/ledenonciateur224.com\/index.php\/kankan-le-ministre-ousmane-gaoual-diallo-preside-linauguration-de-la-mosquee-cheikh-souleymane-sidibe\/","title":{"rendered":"Kankan : Le ministre Ousmane Gaoual Diallo pr\u00e9side l\u2019inauguration de la mosqu\u00e9e Cheikh Souleymane Sidib\u00e9"},"content":{"rendered":"<p>Le ministre des Transports et porte-parole du gouvernement,\u00a0<strong>Ousmane Gaoual Diallo<\/strong>, en s\u00e9jour dans la r\u00e9gion de Kankan, a pr\u00e9sid\u00e9 ce vendredi 5 septembre la c\u00e9r\u00e9monie d\u2019inauguration de la\u00a0<strong>mosqu\u00e9e Cheikh Souleymane Sidib\u00e9<\/strong>.<\/p>\n<p>Situ\u00e9e dans la ville de\u00a0<strong>Cheikh Fanta Mady Ch\u00e9rif<\/strong>, cette mosqu\u00e9e a \u00e9t\u00e9 construite il y a deux ans \u00e0 l\u2019initiative de\u00a0<strong>Cheikh Souleymane Sidib\u00e9<\/strong>, pr\u00e9sident de l\u2019association\u00a0<strong>Nourdine Islam<\/strong>\u00a0et\u00a0<strong>ambassadeur de la paix aupr\u00e8s de l\u2019UNESCO<\/strong>. L\u2019inauguration a eu lieu dans une ambiance solennelle, en pr\u00e9sence de nombreuses personnalit\u00e9s religieuses et administratives.<\/p>\n<p><img loading=\"lazy\" decoding=\"async\" class=\"alignnone size-full wp-image-4901\" src=\"https:\/\/ledenonciateur224.com\/wp-content\/uploads\/2025\/09\/img-20250905-wa0068-1.jpg\" alt=\"\" width=\"606\" height=\"771\" srcset=\"https:\/\/ledenonciateur224.com\/wp-content\/uploads\/2025\/09\/img-20250905-wa0068-1.jpg 606w, https:\/\/ledenonciateur224.com\/wp-content\/uploads\/2025\/09\/img-20250905-wa0068-1-236x300.jpg 236w, https:\/\/ledenonciateur224.com\/wp-content\/uploads\/2025\/09\/img-20250905-wa0068-1-150x191.jpg 150w, https:\/\/ledenonciateur224.com\/wp-content\/uploads\/2025\/09\/img-20250905-wa0068-1-300x382.jpg 300w, https:\/\/ledenonciateur224.com\/wp-content\/uploads\/2025\/09\/img-20250905-wa0068-1-330x420.jpg 330w\" sizes=\"auto, (max-width: 606px) 100vw, 606px\" \/><\/p>\n<p>&nbsp;<\/p>\n<p>L\u2019\u00e9v\u00e9nement a rassembl\u00e9 les autorit\u00e9s\u00a0<strong>r\u00e9gionales et pr\u00e9fectorales<\/strong>, ainsi que les repr\u00e9sentants de la\u00a0<strong>Ligue islamique r\u00e9gionale, pr\u00e9fectorale et communale de Kankan<\/strong>, t\u00e9moignant de l\u2019importance accord\u00e9e \u00e0 cette r\u00e9alisation.<\/p>\n<p>\u00c9valu\u00e9e \u00e0\u00a0<strong>11 milliards de francs guin\u00e9ens<\/strong>, la mosqu\u00e9e a \u00e9t\u00e9 financ\u00e9e gr\u00e2ce \u00e0 l\u2019engagement de l\u2019association Nourdine Islam, avec la participation de nombreux citoyens et fid\u00e8les, ainsi que de d\u00e9l\u00e9gations venues des\u00a0<strong>pays voisins de la Guin\u00e9e<\/strong>.<\/p>\n<p><img loading=\"lazy\" decoding=\"async\" class=\"alignnone size-full wp-image-4902\" src=\"https:\/\/ledenonciateur224.com\/wp-content\/uploads\/2025\/09\/img-20250905-wa0070.jpg\" alt=\"\" width=\"607\" height=\"1080\" srcset=\"https:\/\/ledenonciateur224.com\/wp-content\/uploads\/2025\/09\/img-20250905-wa0070.jpg 607w, https:\/\/ledenonciateur224.com\/wp-content\/uploads\/2025\/09\/img-20250905-wa0070-169x300.jpg 169w, https:\/\/ledenonciateur224.com\/wp-content\/uploads\/2025\/09\/img-20250905-wa0070-576x1024.jpg 576w, https:\/\/ledenonciateur224.com\/wp-content\/uploads\/2025\/09\/img-20250905-wa0070-150x267.jpg 150w, https:\/\/ledenonciateur224.com\/wp-content\/uploads\/2025\/09\/img-20250905-wa0070-300x534.jpg 300w, https:\/\/ledenonciateur224.com\/wp-content\/uploads\/2025\/09\/img-20250905-wa0070-236x420.jpg 236w\" sizes=\"auto, (max-width: 607px) 100vw, 607px\" \/><\/p>\n<p>\u00c0 13 heures, les d\u00e9l\u00e9gations officielles, en compagnie du ministre Ousmane Gaoual Diallo, ont proc\u00e9d\u00e9 \u00e0 l\u2019inauguration officielle du b\u00e2timent religieux, marquant ainsi l\u2019aboutissement de ce grand projet spirituel et communautaire.<\/p>\n<h3><img loading=\"lazy\" decoding=\"async\" class=\"alignnone size-full wp-image-4903\" src=\"https:\/\/ledenonciateur224.com\/wp-content\/uploads\/2025\/09\/img-20250905-wa0069.jpg\" alt=\"\" width=\"1080\" height=\"607\" srcset=\"https:\/\/ledenonciateur224.com\/wp-content\/uploads\/2025\/09\/img-20250905-wa0069.jpg 1080w, https:\/\/ledenonciateur224.com\/wp-content\/uploads\/2025\/09\/img-20250905-wa0069-300x169.jpg 300w, https:\/\/ledenonciateur224.com\/wp-content\/uploads\/2025\/09\/img-20250905-wa0069-1024x576.jpg 1024w, https:\/\/ledenonciateur224.com\/wp-content\/uploads\/2025\/09\/img-20250905-wa0069-768x432.jpg 768w, https:\/\/ledenonciateur224.com\/wp-content\/uploads\/2025\/09\/img-20250905-wa0069-150x84.jpg 150w, https:\/\/ledenonciateur224.com\/wp-content\/uploads\/2025\/09\/img-20250905-wa0069-696x391.jpg 696w, https:\/\/ledenonciateur224.com\/wp-content\/uploads\/2025\/09\/img-20250905-wa0069-1068x600.jpg 1068w, https:\/\/ledenonciateur224.com\/wp-content\/uploads\/2025\/09\/img-20250905-wa0069-747x420.jpg 747w\" sizes=\"auto, (max-width: 1080px) 100vw, 1080px\" \/><\/h3>\n<p>Cette inauguration intervient dans un contexte marqu\u00e9 par la\u00a0<strong>c\u00e9l\u00e9bration du Maouloud<\/strong>\u00a0comm\u00e9morant la naissance du Proph\u00e8te Mohammed (paix et salut sur lui). Lors de son sermon, l\u2019imam de la mosqu\u00e9e,\u00a0<strong>S\u00e9kou Ciss\u00e9<\/strong>, a invit\u00e9 les fid\u00e8les de l\u2019association islamique \u00e0 soutenir\u00a0<strong>la nouvelle constitution<\/strong>\u00a0par un vote favorable au r\u00e9f\u00e9rendum, appelant \u00e0 la coh\u00e9sion et \u00e0 la responsabilit\u00e9 civique.<\/p>\n<p>&nbsp;<\/p>\n<p><strong>Mamoudou Aim\u00e9 C\u00e9saire Cond\u00e9<\/strong>, pour\u00a0<em>Ledenonciateur224.com<\/em><\/p>\n","protected":false},"excerpt":{"rendered":"<p>Le ministre des Transports et porte-parole du gouvernement,\u00a0Ousmane Gaoual Diallo, en s\u00e9jour dans la r\u00e9gion de Kankan, a pr\u00e9sid\u00e9 ce vendredi 5 septembre la c\u00e9r\u00e9monie d\u2019inauguration de la\u00a0mosqu\u00e9e Cheikh Souleymane Sidib\u00e9. Situ\u00e9e dans la ville de\u00a0Cheikh Fanta Mady Ch\u00e9rif, cette mosqu\u00e9e a \u00e9t\u00e9 construite il y a deux ans \u00e0 l\u2019initiative de\u00a0Cheikh Souleymane Sidib\u00e9, pr\u00e9sident [&hellip;]<\/p>\n","protected":false},"author":2,"featured_media":4903,"comment_status":"open","ping_status":"open","sticky":false,"template":"","format":"standard","meta":{"_jetpack_memberships_contains_paid_content":false,"footnotes":"","jetpack_publicize_message":"","jetpack_publicize_feature_enabled":true,"jetpack_social_post_already_shared":true,"jetpack_social_options":{"image_generator_settings":{"template":"highway","default_image_id":0,"font":"","enabled":false},"version":2}},"categories":[30,24,33],"tags":[1138,294],"class_list":{"0":"post-4899","1":"post","2":"type-post","3":"status-publish","4":"format-standard","5":"has-post-thumbnail","7":"category-faits-divers","8":"category-news","9":"category-region","10":"tag-mosquee","11":"tag-kankan"},"jetpack_publicize_connections":[],"jetpack_featured_media_url":"https:\/\/ledenonciateur224.com\/wp-content\/uploads\/2025\/09\/img-20250905-wa0069.jpg","jetpack_sharing_enabled":true,"_links":{"self":[{"href":"https:\/\/ledenonciateur224.com\/index.php\/wp-json\/wp\/v2\/posts\/4899","targetHints":{"allow":["GET"]}}],"collection":[{"href":"https:\/\/ledenonciateur224.com\/index.php\/wp-json\/wp\/v2\/posts"}],"about":[{"href":"https:\/\/ledenonciateur224.com\/index.php\/wp-json\/wp\/v2\/types\/post"}],"author":[{"embeddable":true,"href":"https:\/\/ledenonciateur224.com\/index.php\/wp-json\/wp\/v2\/users\/2"}],"replies":[{"embeddable":true,"href":"https:\/\/ledenonciateur224.com\/index.php\/wp-json\/wp\/v2\/comments?post=4899"}],"version-history":[{"count":0,"href":"https:\/\/ledenonciateur224.com\/index.php\/wp-json\/wp\/v2\/posts\/4899\/revisions"}],"wp:featuredmedia":[{"embeddable":true,"href":"https:\/\/ledenonciateur224.com\/index.php\/wp-json\/wp\/v2\/media\/4903"}],"wp:attachment":[{"href":"https:\/\/ledenonciateur224.com\/index.php\/wp-json\/wp\/v2\/media?parent=4899"}],"wp:term":[{"taxonomy":"category","embeddable":true,"href":"https:\/\/ledenonciateur224.com\/index.php\/wp-json\/wp\/v2\/categories?post=4899"},{"taxonomy":"post_tag","embeddable":true,"href":"https:\/\/ledenonciateur224.com\/index.php\/wp-json\/wp\/v2\/tags?post=4899"}],"curies":[{"name":"wp","href":"https:\/\/api.w.org\/{rel}","templated":true}]}}