{"id":4905,"date":"2025-09-06T10:37:03","date_gmt":"2025-09-06T10:37:03","guid":{"rendered":"https:\/\/ledenonciateur224.com\/?p=4905"},"modified":"2025-09-06T10:37:03","modified_gmt":"2025-09-06T10:37:03","slug":"celebration-du-maouloud-a-kankan-le-ministre-gaoual-diallo-appelle-les-guineens-a-preserver-la-paix","status":"publish","type":"post","link":"https:\/\/ledenonciateur224.com\/index.php\/celebration-du-maouloud-a-kankan-le-ministre-gaoual-diallo-appelle-les-guineens-a-preserver-la-paix\/","title":{"rendered":"C\u00e9l\u00e9bration du Maouloud \u00e0 Kankan : Le ministre Gaoual Diallo appelle les Guin\u00e9ens \u00e0 pr\u00e9server la paix"},"content":{"rendered":"<p>Ce vendredi 5 septembre, l&rsquo;association Nourdine Islam, dirig\u00e9e par Karamo Solo, a c\u00e9l\u00e9br\u00e9 avec ferveur la journ\u00e9e de comm\u00e9moration de la naissance du Proph\u00e8te Mohamed (PSL). La place des Martyrs de Kankan a servi de cadre \u00e0 cet \u00e9v\u00e9nement solennel, qui a \u00e9galement rev\u00eatu une forte dimension spirituelle pour les fid\u00e8les musulmans.<\/p>\n<p>Accompagn\u00e9 des cadres de l&rsquo;administration r\u00e9gionale, Ousmane Gaoual Diallo, ministre des Transports et porte-parole du gouvernement, a pris part \u00e0 cette c\u00e9l\u00e9bration. Dans son intervention, il a soulign\u00e9 l\u2019objectif de cette comm\u00e9moration spirituelle :\u00ab En ce jour b\u00e9ni, nous nous sommes r\u00e9unis pour c\u00e9l\u00e9brer le Maouloud, qui marque l&rsquo;anniversaire du Proph\u00e8te Mohamed (PSL). Cet \u00e9v\u00e9nement repr\u00e9sente non seulement une comm\u00e9moration religieuse, mais aussi une occasion propice \u00e0 la m\u00e9ditation et au rassemblement.<\/p>\n<p><img loading=\"lazy\" decoding=\"async\" class=\"alignnone size-full wp-image-4906\" src=\"https:\/\/ledenonciateur224.com\/wp-content\/uploads\/2025\/09\/img-20250906-wa0139.jpg\" alt=\"\" width=\"1020\" height=\"574\" srcset=\"https:\/\/ledenonciateur224.com\/wp-content\/uploads\/2025\/09\/img-20250906-wa0139.jpg 1020w, https:\/\/ledenonciateur224.com\/wp-content\/uploads\/2025\/09\/img-20250906-wa0139-300x169.jpg 300w, https:\/\/ledenonciateur224.com\/wp-content\/uploads\/2025\/09\/img-20250906-wa0139-768x432.jpg 768w, https:\/\/ledenonciateur224.com\/wp-content\/uploads\/2025\/09\/img-20250906-wa0139-150x84.jpg 150w, https:\/\/ledenonciateur224.com\/wp-content\/uploads\/2025\/09\/img-20250906-wa0139-696x392.jpg 696w, https:\/\/ledenonciateur224.com\/wp-content\/uploads\/2025\/09\/img-20250906-wa0139-746x420.jpg 746w\" sizes=\"auto, (max-width: 1020px) 100vw, 1020px\" \/><\/p>\n<p>Permettez-moi de rendre hommage \u00e0 l&rsquo;illustre Cheikh Souleymane Sidib\u00e9, grand \u00e9rudit, pr\u00e9dicateur et ambassadeur de la paix. Depuis la cr\u00e9ation de l&rsquo;association Nourdine Islam, il a jou\u00e9 un r\u00f4le exceptionnel et continue d\u2019inspirer par son engagement.<\/p>\n<p>Nous nous engageons \u00e0 promouvoir l&rsquo;islam en tant que vecteur de paix et d&rsquo;unit\u00e9 pour notre pays. \u00c0 tous les membres de l&rsquo;association, j\u2019adresse notre gratitude. Nos pri\u00e8res accompagnent \u00e9galement notre chef de l&rsquo;\u00c9tat, le G\u00e9n\u00e9ral Mamady Doumbouya, pour les d\u00e9cisions qu\u2019il prend dans l\u2019int\u00e9r\u00eat du peuple. \u00bb<\/p>\n<p>Profitant de cette occasion, le porte-parole du gouvernement a exhort\u00e9 les Guin\u00e9ens \u00e0 privil\u00e9gier la paix et la s\u00e9r\u00e9nit\u00e9 sociale :<\/p>\n<p><img loading=\"lazy\" decoding=\"async\" class=\"alignnone size-full wp-image-4907\" src=\"https:\/\/ledenonciateur224.com\/wp-content\/uploads\/2025\/09\/img-20250906-wa0138.jpg\" alt=\"\" width=\"1280\" height=\"720\" srcset=\"https:\/\/ledenonciateur224.com\/wp-content\/uploads\/2025\/09\/img-20250906-wa0138.jpg 1280w, https:\/\/ledenonciateur224.com\/wp-content\/uploads\/2025\/09\/img-20250906-wa0138-300x169.jpg 300w, https:\/\/ledenonciateur224.com\/wp-content\/uploads\/2025\/09\/img-20250906-wa0138-1024x576.jpg 1024w, https:\/\/ledenonciateur224.com\/wp-content\/uploads\/2025\/09\/img-20250906-wa0138-768x432.jpg 768w, https:\/\/ledenonciateur224.com\/wp-content\/uploads\/2025\/09\/img-20250906-wa0138-150x84.jpg 150w, https:\/\/ledenonciateur224.com\/wp-content\/uploads\/2025\/09\/img-20250906-wa0138-696x392.jpg 696w, https:\/\/ledenonciateur224.com\/wp-content\/uploads\/2025\/09\/img-20250906-wa0138-1068x601.jpg 1068w, https:\/\/ledenonciateur224.com\/wp-content\/uploads\/2025\/09\/img-20250906-wa0138-747x420.jpg 747w\" sizes=\"auto, (max-width: 1280px) 100vw, 1280px\" \/><\/p>\n<p>\u00ab Le gouvernement s&rsquo;engage fermement en faveur de la pr\u00e9servation de la paix en Guin\u00e9e. Les invocations spirituelles que nous formulons sont l&rsquo;expression de notre volont\u00e9 d\u2019unit\u00e9 nationale, essentielle pour b\u00e2tir une Guin\u00e9e stable et prosp\u00e8re.<\/p>\n<p>C\u00e9l\u00e9brer le Maouloud signifie reconna\u00eetre que le Proph\u00e8te a incarn\u00e9 la v\u00e9rit\u00e9, la justice et la paix. En tant que croyants, nous sommes appel\u00e9s \u00e0 suivre son exemple dans la sinc\u00e9rit\u00e9, la foi et l&rsquo;amour du prochain.<\/p>\n<p>\u00c0 chaque Maouloud, interrogeons-nous sur la mani\u00e8re dont chacun d&rsquo;entre nous peut devenir un artisan de paix, de stabilit\u00e9 et de progr\u00e8s pour notre nation.<\/p>\n<p>Chers fr\u00e8res musulmans, notre pays traverse une \u00e9tape cruciale de son histoire. Plus que jamais, nous avons besoin de paix, de coh\u00e9sion sociale et de responsabilit\u00e9. Le pr\u00e9sident de la Transition nous appelle \u00e0 cette mission. \u00bb,a conclu le ministre Gaoual.<\/p>\n<p>&nbsp;<\/p>\n<p><strong>Kankan, Mamoudou Aim\u00e9 C\u00e9saire Cond\u00e9<\/strong><\/p>\n","protected":false},"excerpt":{"rendered":"<p>Ce vendredi 5 septembre, l&rsquo;association Nourdine Islam, dirig\u00e9e par Karamo Solo, a c\u00e9l\u00e9br\u00e9 avec ferveur la journ\u00e9e de comm\u00e9moration de la naissance du Proph\u00e8te Mohamed (PSL). La place des Martyrs de Kankan a servi de cadre \u00e0 cet \u00e9v\u00e9nement solennel, qui a \u00e9galement rev\u00eatu une forte dimension spirituelle pour les fid\u00e8les musulmans. Accompagn\u00e9 des cadres [&hellip;]<\/p>\n","protected":false},"author":2,"featured_media":4907,"comment_status":"open","ping_status":"open","sticky":false,"template":"","format":"standard","meta":{"_jetpack_memberships_contains_paid_content":false,"footnotes":"","jetpack_publicize_message":"","jetpack_publicize_feature_enabled":true,"jetpack_social_post_already_shared":true,"jetpack_social_options":{"image_generator_settings":{"template":"highway","default_image_id":0,"font":"","enabled":false},"version":2}},"categories":[24,33],"tags":[294,143],"class_list":{"0":"post-4905","1":"post","2":"type-post","3":"status-publish","4":"format-standard","5":"has-post-thumbnail","7":"category-news","8":"category-region","9":"tag-kankan","10":"tag-ousmane-gaoual-diallo"},"jetpack_publicize_connections":[],"jetpack_featured_media_url":"https:\/\/ledenonciateur224.com\/wp-content\/uploads\/2025\/09\/img-20250906-wa0138.jpg","jetpack_sharing_enabled":true,"_links":{"self":[{"href":"https:\/\/ledenonciateur224.com\/index.php\/wp-json\/wp\/v2\/posts\/4905","targetHints":{"allow":["GET"]}}],"collection":[{"href":"https:\/\/ledenonciateur224.com\/index.php\/wp-json\/wp\/v2\/posts"}],"about":[{"href":"https:\/\/ledenonciateur224.com\/index.php\/wp-json\/wp\/v2\/types\/post"}],"author":[{"embeddable":true,"href":"https:\/\/ledenonciateur224.com\/index.php\/wp-json\/wp\/v2\/users\/2"}],"replies":[{"embeddable":true,"href":"https:\/\/ledenonciateur224.com\/index.php\/wp-json\/wp\/v2\/comments?post=4905"}],"version-history":[{"count":0,"href":"https:\/\/ledenonciateur224.com\/index.php\/wp-json\/wp\/v2\/posts\/4905\/revisions"}],"wp:featuredmedia":[{"embeddable":true,"href":"https:\/\/ledenonciateur224.com\/index.php\/wp-json\/wp\/v2\/media\/4907"}],"wp:attachment":[{"href":"https:\/\/ledenonciateur224.com\/index.php\/wp-json\/wp\/v2\/media?parent=4905"}],"wp:term":[{"taxonomy":"category","embeddable":true,"href":"https:\/\/ledenonciateur224.com\/index.php\/wp-json\/wp\/v2\/categories?post=4905"},{"taxonomy":"post_tag","embeddable":true,"href":"https:\/\/ledenonciateur224.com\/index.php\/wp-json\/wp\/v2\/tags?post=4905"}],"curies":[{"name":"wp","href":"https:\/\/api.w.org\/{rel}","templated":true}]}}