{"id":4926,"date":"2025-09-06T21:46:01","date_gmt":"2025-09-06T21:46:01","guid":{"rendered":"https:\/\/ledenonciateur224.com\/?p=4926"},"modified":"2025-09-06T21:46:01","modified_gmt":"2025-09-06T21:46:01","slug":"armee-guineenne-vague-de-radiations-au-sein-des-forces-speciales","status":"publish","type":"post","link":"https:\/\/ledenonciateur224.com\/index.php\/armee-guineenne-vague-de-radiations-au-sein-des-forces-speciales\/","title":{"rendered":"Arm\u00e9e guin\u00e9enne : vague de radiations au sein des Forces sp\u00e9ciales"},"content":{"rendered":"<h3><\/h3>\n<p>Une vingtaine de militaires appartenant au Groupement des Forces Sp\u00e9ciales ont \u00e9t\u00e9 radi\u00e9s des effectifs des Forces arm\u00e9es guin\u00e9ennes, selon un d\u00e9cret pr\u00e9sidentiel lu ce samedi 6 septembre 2025 \u00e0 la t\u00e9l\u00e9vision nationale (RTG).<\/p>\n<p>Ces militaires ont \u00e9t\u00e9 exclus de l\u2019arm\u00e9e pour des faits \u00ab d\u2019inconduite \u00bb, sans plus de pr\u00e9cisions sur la nature exacte des manquements reproch\u00e9s.<\/p>\n<p>Vous trouverez ci-dessous la liste des agents concern\u00e9s :<\/p>\n<ul>\n<li><strong>Sous-lieutenant Aboubacar Tour\u00e9<\/strong>, matricule 33093-G<\/li>\n<li><strong>Amara Jo Sylla<\/strong>, adjudant-chef, matricule 41376-G<\/li>\n<li><strong>Luc Jouo Bala Sylla Beavogui<\/strong>, sergent, matricule 44285-G<\/li>\n<li><strong>Ibrahima Bingn\u00e8 Cond\u00e9<\/strong>, sergent, matricule 47521-G<\/li>\n<li><strong>Ibrahima K\u00e9b\u00e9<\/strong>, caporal-chef, matricule 47958-G<\/li>\n<li><strong>Ibrahima Khalil Camara<\/strong>, caporal-chef, matricule 48403-G<\/li>\n<li><strong>S\u00e9kou Bald\u00e9<\/strong>, caporal-chef, matricule 48408-G<\/li>\n<li><strong>Ahmed Cheikh Mara<\/strong>, caporal-chef, matricule 48602-G<\/li>\n<li><strong>Mamadou Saliou Barry<\/strong>, caporal-chef, matricule 48495-G<\/li>\n<li><strong>Ansoumane Kaba<\/strong>, caporal, matricule 57787-G<\/li>\n<li><strong>Moussa Mariam Camara<\/strong>, 2e classe, matricule 62955-G<\/li>\n<li><strong>Nabi Kamara<\/strong>, 2e classe, matricule 63028-G<\/li>\n<li><strong>Aboubacar Konat\u00e9<\/strong>, 2e classe, matricule 63039-G<\/li>\n<li><strong>Mohamed Soumah<\/strong>, 2e classe, matricule 63047-G<\/li>\n<li><strong>Abdourahman Oular\u00e9<\/strong>, 2e classe, matricule 63048-G<\/li>\n<li><strong>Fod\u00e9 Bangaly Samoura<\/strong>, 2e classe, matricule 63061-G<\/li>\n<li><strong>Daouda Bangoura<\/strong>, 2e classe, matricule 63169-G<\/li>\n<li><strong>Ibrahima Kalil Tour\u00e9<\/strong>, 2e classe, matricule 66377-G<\/li>\n<li><strong>Ousmane 1 Camara<\/strong>, 2e classe, matricule 66695-G<\/li>\n<li><\/li>\n<\/ul>\n<p>Ledenonciateur224.com<\/p>\n","protected":false},"excerpt":{"rendered":"<p>Une vingtaine de militaires appartenant au Groupement des Forces Sp\u00e9ciales ont \u00e9t\u00e9 radi\u00e9s des effectifs des Forces arm\u00e9es guin\u00e9ennes, selon un d\u00e9cret pr\u00e9sidentiel lu ce samedi 6 septembre 2025 \u00e0 la t\u00e9l\u00e9vision nationale (RTG). Ces militaires ont \u00e9t\u00e9 exclus de l\u2019arm\u00e9e pour des faits \u00ab d\u2019inconduite \u00bb, sans plus de pr\u00e9cisions sur la nature exacte [&hellip;]<\/p>\n","protected":false},"author":2,"featured_media":4927,"comment_status":"open","ping_status":"open","sticky":false,"template":"","format":"standard","meta":{"_jetpack_memberships_contains_paid_content":false,"footnotes":"","jetpack_publicize_message":"","jetpack_publicize_feature_enabled":true,"jetpack_social_post_already_shared":true,"jetpack_social_options":{"image_generator_settings":{"template":"highway","default_image_id":0,"font":"","enabled":false},"version":2}},"categories":[30,24],"tags":[1140],"class_list":{"0":"post-4926","1":"post","2":"type-post","3":"status-publish","4":"format-standard","5":"has-post-thumbnail","7":"category-faits-divers","8":"category-news","9":"tag-forces-speciales"},"jetpack_publicize_connections":[],"jetpack_featured_media_url":"https:\/\/ledenonciateur224.com\/wp-content\/uploads\/2025\/09\/img-20250906-wa0296.jpg","jetpack_sharing_enabled":true,"_links":{"self":[{"href":"https:\/\/ledenonciateur224.com\/index.php\/wp-json\/wp\/v2\/posts\/4926","targetHints":{"allow":["GET"]}}],"collection":[{"href":"https:\/\/ledenonciateur224.com\/index.php\/wp-json\/wp\/v2\/posts"}],"about":[{"href":"https:\/\/ledenonciateur224.com\/index.php\/wp-json\/wp\/v2\/types\/post"}],"author":[{"embeddable":true,"href":"https:\/\/ledenonciateur224.com\/index.php\/wp-json\/wp\/v2\/users\/2"}],"replies":[{"embeddable":true,"href":"https:\/\/ledenonciateur224.com\/index.php\/wp-json\/wp\/v2\/comments?post=4926"}],"version-history":[{"count":0,"href":"https:\/\/ledenonciateur224.com\/index.php\/wp-json\/wp\/v2\/posts\/4926\/revisions"}],"wp:featuredmedia":[{"embeddable":true,"href":"https:\/\/ledenonciateur224.com\/index.php\/wp-json\/wp\/v2\/media\/4927"}],"wp:attachment":[{"href":"https:\/\/ledenonciateur224.com\/index.php\/wp-json\/wp\/v2\/media?parent=4926"}],"wp:term":[{"taxonomy":"category","embeddable":true,"href":"https:\/\/ledenonciateur224.com\/index.php\/wp-json\/wp\/v2\/categories?post=4926"},{"taxonomy":"post_tag","embeddable":true,"href":"https:\/\/ledenonciateur224.com\/index.php\/wp-json\/wp\/v2\/tags?post=4926"}],"curies":[{"name":"wp","href":"https:\/\/api.w.org\/{rel}","templated":true}]}}