{"id":4929,"date":"2025-09-07T15:46:56","date_gmt":"2025-09-07T15:46:56","guid":{"rendered":"https:\/\/ledenonciateur224.com\/?p=4929"},"modified":"2025-09-07T15:46:56","modified_gmt":"2025-09-07T15:46:56","slug":"kankan-la-hac-annonce-la-fin-de-la-periode-de-tolerance","status":"publish","type":"post","link":"https:\/\/ledenonciateur224.com\/index.php\/kankan-la-hac-annonce-la-fin-de-la-periode-de-tolerance\/","title":{"rendered":"Kankan: la HAC annonce la fin de la p\u00e9riode de tol\u00e9rance\u00a0"},"content":{"rendered":"<div dir=\"auto\">Le point focal de la Haute Autorit\u00e9 de la Communication a rencontr\u00e9 les journalistes de la r\u00e9gion administrative de Kankan. Cet \u00e9change s&rsquo;inscrit dans le cadre de la restitution des travaux de la retraite des membres de l&rsquo;institution, qui s&rsquo;est tenue \u00e0 Kindia. Lors de cette rencontre, qui a eu lieu ce dimanche dans la salle du gouvernorat de Kankan, le doyen Fod\u00e9 Bangaly, repr\u00e9sentant de la HAC, a abord\u00e9 divers sujets relatifs aux journalistes, notamment la situation des web TV , les stations de radio non autoris\u00e9es, et la responsabilit\u00e9 des journalistes dans la diffusion des informations durant la p\u00e9riode r\u00e9f\u00e9rendaire en Guin\u00e9e.<\/div>\n<div dir=\"auto\"><img loading=\"lazy\" decoding=\"async\" class=\"alignnone size-full wp-image-4931\" src=\"https:\/\/ledenonciateur224.com\/wp-content\/uploads\/2025\/09\/img-20250907-wa0140.jpg\" alt=\"\" width=\"1020\" height=\"574\" srcset=\"https:\/\/ledenonciateur224.com\/wp-content\/uploads\/2025\/09\/img-20250907-wa0140.jpg 1020w, https:\/\/ledenonciateur224.com\/wp-content\/uploads\/2025\/09\/img-20250907-wa0140-300x169.jpg 300w, https:\/\/ledenonciateur224.com\/wp-content\/uploads\/2025\/09\/img-20250907-wa0140-768x432.jpg 768w, https:\/\/ledenonciateur224.com\/wp-content\/uploads\/2025\/09\/img-20250907-wa0140-150x84.jpg 150w, https:\/\/ledenonciateur224.com\/wp-content\/uploads\/2025\/09\/img-20250907-wa0140-696x392.jpg 696w, https:\/\/ledenonciateur224.com\/wp-content\/uploads\/2025\/09\/img-20250907-wa0140-746x420.jpg 746w\" sizes=\"auto, (max-width: 1020px) 100vw, 1020px\" \/><\/div>\n<div dir=\"auto\"><\/div>\n<div dir=\"auto\">Lors de son intervention, le doyen Fod\u00e9 Bangaly Fofana a exprim\u00e9 ses regrets concernant la prolif\u00e9ration d&rsquo;une vingtaine de stations de radio dans la r\u00e9gion qui ne respectent pas les normes \u00e9tablies.<\/div>\n<div dir=\"auto\"><\/div>\n<div dir=\"auto\">&lt;&lt;En ce qui concerne la situation particuli\u00e8re des radios, nous observons une prolif\u00e9ration de ces derni\u00e8res. Lorsque j&rsquo;ai inform\u00e9 le pr\u00e9sident de la Haute Autorit\u00e9 de la Communication qu&rsquo;il y avait une vingtaine de radios dans la r\u00e9gion, il a manifest\u00e9 une certaine surprise. Cette situation est particuli\u00e8rement paradoxale. \u00c0 Kankan, il nous a \u00e9t\u00e9 demand\u00e9 de fournir une liste exhaustive de ces radios afin de clarifier lesquelles sont autoris\u00e9es \u00e0 \u00e9mettre. Les autres relais, que certaines personnes consid\u00e8rent comme des radios, doivent donc soumettre des documents pour v\u00e9rification. Dans le cas o\u00f9 un relais se serait transform\u00e9 en une radio, celui-ci sera imm\u00e9diatement ferm\u00e9 sans h\u00e9sitation. Il est inacceptable qu&rsquo;un relais se comporte comme une radio tout en violant les r\u00e8gles de fonctionnement \u00e9tablies par la radio-m\u00e8re.&gt;&gt; Cette question a \u00e9t\u00e9 soulign\u00e9e avec insistance. Par Fod\u00e9 Balgaly Fofana.<\/div>\n<div dir=\"auto\"><\/div>\n<div dir=\"auto\">\u00c0 l&rsquo;issue de cette s\u00e9ance de rencontre, les journalistes ont exprim\u00e9 plusieurs pr\u00e9occupations qui sont parfois n\u00e9glig\u00e9es par les responsables de la region, au profit des communiquants\u00a0 du gouvernement dans la r\u00e9gion de Kankan.<\/div>\n<div dir=\"auto\"><\/div>\n<div dir=\"auto\"><\/div>\n<div dir=\"auto\">Kankan,Mamoudou Aim\u00e9 C\u00e9saire Cond\u00e9.<\/div>\n","protected":false},"excerpt":{"rendered":"<p>Le point focal de la Haute Autorit\u00e9 de la Communication a rencontr\u00e9 les journalistes de la r\u00e9gion administrative de Kankan. Cet \u00e9change s&rsquo;inscrit dans le cadre de la restitution des travaux de la retraite des membres de l&rsquo;institution, qui s&rsquo;est tenue \u00e0 Kindia. Lors de cette rencontre, qui a eu lieu ce dimanche dans la [&hellip;]<\/p>\n","protected":false},"author":2,"featured_media":4930,"comment_status":"open","ping_status":"open","sticky":false,"template":"","format":"standard","meta":{"_jetpack_memberships_contains_paid_content":false,"footnotes":"","jetpack_publicize_message":"","jetpack_publicize_feature_enabled":true,"jetpack_social_post_already_shared":true,"jetpack_social_options":{"image_generator_settings":{"template":"highway","default_image_id":0,"font":"","enabled":false},"version":2}},"categories":[30,24,33],"tags":[767,294],"class_list":{"0":"post-4929","1":"post","2":"type-post","3":"status-publish","4":"format-standard","5":"has-post-thumbnail","7":"category-faits-divers","8":"category-news","9":"category-region","10":"tag-hac-guinee","11":"tag-kankan"},"jetpack_publicize_connections":[],"jetpack_featured_media_url":"https:\/\/ledenonciateur224.com\/wp-content\/uploads\/2025\/09\/img-20250907-wa0138.jpg","jetpack_sharing_enabled":true,"_links":{"self":[{"href":"https:\/\/ledenonciateur224.com\/index.php\/wp-json\/wp\/v2\/posts\/4929","targetHints":{"allow":["GET"]}}],"collection":[{"href":"https:\/\/ledenonciateur224.com\/index.php\/wp-json\/wp\/v2\/posts"}],"about":[{"href":"https:\/\/ledenonciateur224.com\/index.php\/wp-json\/wp\/v2\/types\/post"}],"author":[{"embeddable":true,"href":"https:\/\/ledenonciateur224.com\/index.php\/wp-json\/wp\/v2\/users\/2"}],"replies":[{"embeddable":true,"href":"https:\/\/ledenonciateur224.com\/index.php\/wp-json\/wp\/v2\/comments?post=4929"}],"version-history":[{"count":0,"href":"https:\/\/ledenonciateur224.com\/index.php\/wp-json\/wp\/v2\/posts\/4929\/revisions"}],"wp:featuredmedia":[{"embeddable":true,"href":"https:\/\/ledenonciateur224.com\/index.php\/wp-json\/wp\/v2\/media\/4930"}],"wp:attachment":[{"href":"https:\/\/ledenonciateur224.com\/index.php\/wp-json\/wp\/v2\/media?parent=4929"}],"wp:term":[{"taxonomy":"category","embeddable":true,"href":"https:\/\/ledenonciateur224.com\/index.php\/wp-json\/wp\/v2\/categories?post=4929"},{"taxonomy":"post_tag","embeddable":true,"href":"https:\/\/ledenonciateur224.com\/index.php\/wp-json\/wp\/v2\/tags?post=4929"}],"curies":[{"name":"wp","href":"https:\/\/api.w.org\/{rel}","templated":true}]}}