{"id":494,"date":"2024-12-15T07:59:44","date_gmt":"2024-12-15T07:59:44","guid":{"rendered":"https:\/\/ledenonciateur224.com\/?p=494"},"modified":"2024-12-15T08:00:59","modified_gmt":"2024-12-15T08:00:59","slug":"ogp-charles-katty-nouveau-directeur-par-interim-exprime-ses-premieres-ambitions-apres-la-revocation-de-mandian-sidibe","status":"publish","type":"post","link":"https:\/\/ledenonciateur224.com\/index.php\/ogp-charles-katty-nouveau-directeur-par-interim-exprime-ses-premieres-ambitions-apres-la-revocation-de-mandian-sidibe\/","title":{"rendered":"OGP : Charles Katty, nouveau directeur par int\u00e9rim, exprime ses premi\u00e8res ambitions apr\u00e8s la r\u00e9vocation de Mandian Sidib\u00e9"},"content":{"rendered":"<p>&nbsp;<\/p>\n<p>Suite \u00e0 un d\u00e9cret lu ce samedi 14 d\u00e9cembre 2024 sur la t\u00e9l\u00e9vision nationale, le pr\u00e9sident de la transition, Mamadi Doumbouya, a mis fin aux fonctions de Mandian Sidib\u00e9 en tant que directeur g\u00e9n\u00e9ral de l&rsquo;Office Guin\u00e9en de Publicit\u00e9 (OGP). Dans le m\u00eame d\u00e9cret, Charles Katty, ancien directeur g\u00e9n\u00e9ral adjoint, a \u00e9t\u00e9 nomm\u00e9 pour assurer l\u2019int\u00e9rim. Le nouveau promu a exprim\u00e9 sa gratitude envers le pr\u00e9sident Doumbouya et s\u2019est engag\u00e9 \u00e0 travailler de concert avec les \u00e9quipes de l\u2019OGP pour relever les d\u00e9fis \u00e0 venir et renforcer l\u2019institution.<\/p>\n<p><em>\u00ab\u00a0C\u2019est avec une grande joie et une certaine gravit\u00e9 que je viens d\u2019apprendre ma promotion dans les nouvelles fonctions de Directeur G\u00e9n\u00e9ral par int\u00e9rim de l\u2019Office Guin\u00e9en de Publicit\u00e9 (OPG). C\u2019est un immense d\u00e9fi. Ma gratitude va bien entendu \u00e0 l\u2019endroit de Son Excellence le G\u00e9n\u00e9ral d\u2019arm\u00e9e Mamadi Doumbouya, Pr\u00e9sident de la R\u00e9publique, chef de l\u2019Etat, dont la confiance n\u2019a jamais fait d\u00e9faut \u00e0 mon niveau. Qu\u2019il en soit infiniment remerci\u00e9.<\/em><\/p>\n<p><em>Je tiens \u00e0 rendre hommage \u00e0 l\u2019ensemble du personnel de l\u2019OGP, \u00e0 mes parents, amis, proches et \u00e0 tous ceux qui \u0153uvrent pour l\u2019essor de la Guin\u00e9e.<\/em><\/p>\n<p><em>Je prends donc l\u2019engagement de travailler inlassablement pour m\u00e9riter cette confiance plac\u00e9e en moi par le chef de l\u2019Etat. C\u2019est pourquoi, je demande \u00e0 l\u2019ensemble des cadres, employ\u00e9s de l\u2019OGP de se remobiliser pour redresser cette entreprise qui reste et demeure l\u2019un des fleurons de notre pays.<\/em><\/p>\n<p><em>Ensemble nous allons relever le d\u00e9fi pour la Guin\u00e9e et les Guin\u00e9ens.<\/em><\/p>\n<p><em>Que Dieu b\u00e9nisse notre nation !\u00a0\u00bb, a\u00a0<\/em>r\u00e9agi le DG par int\u00e9rim de l\u2019OGP sur sa page Facebook<em>.\u00a0<\/em><\/p>\n<p>&nbsp;<\/p>\n<p>N&rsquo;sira Sylla<\/p>\n","protected":false},"excerpt":{"rendered":"<p>&nbsp; Suite \u00e0 un d\u00e9cret lu ce samedi 14 d\u00e9cembre 2024 sur la t\u00e9l\u00e9vision nationale, le pr\u00e9sident de la transition, Mamadi Doumbouya, a mis fin aux fonctions de Mandian Sidib\u00e9 en tant que directeur g\u00e9n\u00e9ral de l&rsquo;Office Guin\u00e9en de Publicit\u00e9 (OGP). Dans le m\u00eame d\u00e9cret, Charles Katty, ancien directeur g\u00e9n\u00e9ral adjoint, a \u00e9t\u00e9 nomm\u00e9 pour [&hellip;]<\/p>\n","protected":false},"author":2,"featured_media":496,"comment_status":"open","ping_status":"open","sticky":false,"template":"","format":"standard","meta":{"_jetpack_memberships_contains_paid_content":false,"footnotes":"","jetpack_publicize_message":"","jetpack_publicize_feature_enabled":true,"jetpack_social_post_already_shared":false,"jetpack_social_options":{"image_generator_settings":{"template":"highway","default_image_id":0,"font":"","enabled":false},"version":2}},"categories":[29,24],"tags":[36,70,100,82,35],"class_list":{"0":"post-494","1":"post","2":"type-post","3":"status-publish","4":"format-standard","5":"has-post-thumbnail","7":"category-economie","8":"category-news","9":"tag-conakry","10":"tag-decret","11":"tag-decret-du-president","12":"tag-directeur-general-de-logp","13":"tag-guinee"},"jetpack_publicize_connections":[],"jetpack_featured_media_url":"https:\/\/ledenonciateur224.com\/wp-content\/uploads\/2024\/12\/dg-ogp-charles-katty-750x430-1.jpg","jetpack_sharing_enabled":true,"_links":{"self":[{"href":"https:\/\/ledenonciateur224.com\/index.php\/wp-json\/wp\/v2\/posts\/494","targetHints":{"allow":["GET"]}}],"collection":[{"href":"https:\/\/ledenonciateur224.com\/index.php\/wp-json\/wp\/v2\/posts"}],"about":[{"href":"https:\/\/ledenonciateur224.com\/index.php\/wp-json\/wp\/v2\/types\/post"}],"author":[{"embeddable":true,"href":"https:\/\/ledenonciateur224.com\/index.php\/wp-json\/wp\/v2\/users\/2"}],"replies":[{"embeddable":true,"href":"https:\/\/ledenonciateur224.com\/index.php\/wp-json\/wp\/v2\/comments?post=494"}],"version-history":[{"count":0,"href":"https:\/\/ledenonciateur224.com\/index.php\/wp-json\/wp\/v2\/posts\/494\/revisions"}],"wp:featuredmedia":[{"embeddable":true,"href":"https:\/\/ledenonciateur224.com\/index.php\/wp-json\/wp\/v2\/media\/496"}],"wp:attachment":[{"href":"https:\/\/ledenonciateur224.com\/index.php\/wp-json\/wp\/v2\/media?parent=494"}],"wp:term":[{"taxonomy":"category","embeddable":true,"href":"https:\/\/ledenonciateur224.com\/index.php\/wp-json\/wp\/v2\/categories?post=494"},{"taxonomy":"post_tag","embeddable":true,"href":"https:\/\/ledenonciateur224.com\/index.php\/wp-json\/wp\/v2\/tags?post=494"}],"curies":[{"name":"wp","href":"https:\/\/api.w.org\/{rel}","templated":true}]}}