{"id":4940,"date":"2025-09-08T10:43:45","date_gmt":"2025-09-08T10:43:45","guid":{"rendered":"https:\/\/ledenonciateur224.com\/?p=4940"},"modified":"2025-09-08T10:43:45","modified_gmt":"2025-09-08T10:43:45","slug":"le-ministre-de-lenergie-inaugure-deux-centrales-solaires-pour-dynamiser-le-developpement-local-a-dinguiraye-et-siguiri","status":"publish","type":"post","link":"https:\/\/ledenonciateur224.com\/index.php\/le-ministre-de-lenergie-inaugure-deux-centrales-solaires-pour-dynamiser-le-developpement-local-a-dinguiraye-et-siguiri\/","title":{"rendered":"Le Ministre de l\u2019\u00c9nergie inaugure deux centrales solaires pour dynamiser le d\u00e9veloppement local \u00e0 Dinguiraye et Siguiri"},"content":{"rendered":"<p>&nbsp;<\/p>\n<p>Monsieur Namory Camara, Ministre de l\u2019\u00c9nergie, a proc\u00e9d\u00e9, le week-end dernier, \u00e0 l\u2019inauguration officielle de deux importantes infrastructures \u00e9nerg\u00e9tiques : la centrale solaire photovolta\u00efque de Kalinko (pr\u00e9fecture de Dinguiraye), d\u2019une capacit\u00e9 de 110 kWc, et celle de Siguirini (pr\u00e9fecture de Siguiri), d\u2019une capacit\u00e9 de 200 kWc.<\/p>\n<p><img loading=\"lazy\" decoding=\"async\" class=\"alignnone size-full wp-image-4941\" src=\"https:\/\/ledenonciateur224.com\/wp-content\/uploads\/2025\/09\/img-20250908-wa0074.jpg\" alt=\"\" width=\"854\" height=\"1280\" srcset=\"https:\/\/ledenonciateur224.com\/wp-content\/uploads\/2025\/09\/img-20250908-wa0074.jpg 854w, https:\/\/ledenonciateur224.com\/wp-content\/uploads\/2025\/09\/img-20250908-wa0074-200x300.jpg 200w, https:\/\/ledenonciateur224.com\/wp-content\/uploads\/2025\/09\/img-20250908-wa0074-683x1024.jpg 683w, https:\/\/ledenonciateur224.com\/wp-content\/uploads\/2025\/09\/img-20250908-wa0074-768x1151.jpg 768w, https:\/\/ledenonciateur224.com\/wp-content\/uploads\/2025\/09\/img-20250908-wa0074-150x225.jpg 150w, https:\/\/ledenonciateur224.com\/wp-content\/uploads\/2025\/09\/img-20250908-wa0074-300x450.jpg 300w, https:\/\/ledenonciateur224.com\/wp-content\/uploads\/2025\/09\/img-20250908-wa0074-696x1043.jpg 696w, https:\/\/ledenonciateur224.com\/wp-content\/uploads\/2025\/09\/img-20250908-wa0074-280x420.jpg 280w\" sizes=\"auto, (max-width: 854px) 100vw, 854px\" \/><\/p>\n<p>Ces c\u00e9r\u00e9monies, tenues en pr\u00e9sence du repr\u00e9sentant r\u00e9sident du Groupe de la Banque mondiale, des cadres du D\u00e9partement de l\u2019\u00c9nergie, notamment le Directeur G\u00e9n\u00e9ral de l\u2019Agence Guin\u00e9enne d\u2019\u00c9lectrification Rurale (AGER), ainsi que d\u2019une foule enthousiaste, marquent une \u00e9tape d\u00e9cisive dans la politique nationale d\u2019\u00e9lectrification rurale.<\/p>\n<p><img loading=\"lazy\" decoding=\"async\" class=\"alignnone size-full wp-image-4942\" src=\"https:\/\/ledenonciateur224.com\/wp-content\/uploads\/2025\/09\/img-20250908-wa0072.jpg\" alt=\"\" width=\"1280\" height=\"854\" srcset=\"https:\/\/ledenonciateur224.com\/wp-content\/uploads\/2025\/09\/img-20250908-wa0072.jpg 1280w, https:\/\/ledenonciateur224.com\/wp-content\/uploads\/2025\/09\/img-20250908-wa0072-300x200.jpg 300w, https:\/\/ledenonciateur224.com\/wp-content\/uploads\/2025\/09\/img-20250908-wa0072-1024x683.jpg 1024w, https:\/\/ledenonciateur224.com\/wp-content\/uploads\/2025\/09\/img-20250908-wa0072-768x512.jpg 768w, https:\/\/ledenonciateur224.com\/wp-content\/uploads\/2025\/09\/img-20250908-wa0072-150x100.jpg 150w, https:\/\/ledenonciateur224.com\/wp-content\/uploads\/2025\/09\/img-20250908-wa0072-696x464.jpg 696w, https:\/\/ledenonciateur224.com\/wp-content\/uploads\/2025\/09\/img-20250908-wa0072-1068x713.jpg 1068w, https:\/\/ledenonciateur224.com\/wp-content\/uploads\/2025\/09\/img-20250908-wa0072-630x420.jpg 630w\" sizes=\"auto, (max-width: 1280px) 100vw, 1280px\" \/><\/p>\n<p>Ces deux centrales, fruits des efforts conjoints du Minist\u00e8re de l\u2019\u00c9nergie \u00e0 travers l\u2019AGER, ont \u00e9t\u00e9 r\u00e9alis\u00e9es gr\u00e2ce \u00e0 l\u2019appui financier de la Banque mondiale, de l\u2019Agence Fran\u00e7aise de D\u00e9veloppement (AFD) et de l\u2019entreprise Solar Grid Guin\u00e9e (SGG). Elles permettront d\u2019alimenter plus de 1 798 m\u00e9nages, am\u00e9liorant ainsi l\u2019acc\u00e8s \u00e0 l\u2019\u00e9lectricit\u00e9 pour 19 909 b\u00e9n\u00e9ficiaires directs dans les sous-pr\u00e9fectures de Kalinko et de Siguirini.<\/p>\n<p><img loading=\"lazy\" decoding=\"async\" class=\"alignnone size-full wp-image-4943\" src=\"https:\/\/ledenonciateur224.com\/wp-content\/uploads\/2025\/09\/img-20250908-wa0076.jpg\" alt=\"\" width=\"1080\" height=\"608\" srcset=\"https:\/\/ledenonciateur224.com\/wp-content\/uploads\/2025\/09\/img-20250908-wa0076.jpg 1080w, https:\/\/ledenonciateur224.com\/wp-content\/uploads\/2025\/09\/img-20250908-wa0076-300x169.jpg 300w, https:\/\/ledenonciateur224.com\/wp-content\/uploads\/2025\/09\/img-20250908-wa0076-1024x576.jpg 1024w, https:\/\/ledenonciateur224.com\/wp-content\/uploads\/2025\/09\/img-20250908-wa0076-768x432.jpg 768w, https:\/\/ledenonciateur224.com\/wp-content\/uploads\/2025\/09\/img-20250908-wa0076-150x84.jpg 150w, https:\/\/ledenonciateur224.com\/wp-content\/uploads\/2025\/09\/img-20250908-wa0076-696x392.jpg 696w, https:\/\/ledenonciateur224.com\/wp-content\/uploads\/2025\/09\/img-20250908-wa0076-1068x601.jpg 1068w, https:\/\/ledenonciateur224.com\/wp-content\/uploads\/2025\/09\/img-20250908-wa0076-746x420.jpg 746w\" sizes=\"auto, (max-width: 1080px) 100vw, 1080px\" \/><\/p>\n<p>\u00c0 travers ces r\u00e9alisations, le Gouvernement guin\u00e9en r\u00e9affirme son engagement \u00e0 promouvoir les \u00e9nergies renouvelables, \u00e0 r\u00e9duire les in\u00e9galit\u00e9s d\u2019acc\u00e8s \u00e0 l\u2019\u00e9lectricit\u00e9 entre zones urbaines et rurales et \u00e0 accompagner le d\u00e9veloppement \u00e9conomique et social des communaut\u00e9s.<\/p>\n<p><img loading=\"lazy\" decoding=\"async\" class=\"alignnone size-full wp-image-4944\" src=\"https:\/\/ledenonciateur224.com\/wp-content\/uploads\/2025\/09\/img-20250908-wa0069.jpg\" alt=\"\" width=\"1280\" height=\"720\" srcset=\"https:\/\/ledenonciateur224.com\/wp-content\/uploads\/2025\/09\/img-20250908-wa0069.jpg 1280w, https:\/\/ledenonciateur224.com\/wp-content\/uploads\/2025\/09\/img-20250908-wa0069-300x169.jpg 300w, https:\/\/ledenonciateur224.com\/wp-content\/uploads\/2025\/09\/img-20250908-wa0069-1024x576.jpg 1024w, https:\/\/ledenonciateur224.com\/wp-content\/uploads\/2025\/09\/img-20250908-wa0069-768x432.jpg 768w, https:\/\/ledenonciateur224.com\/wp-content\/uploads\/2025\/09\/img-20250908-wa0069-150x84.jpg 150w, https:\/\/ledenonciateur224.com\/wp-content\/uploads\/2025\/09\/img-20250908-wa0069-696x392.jpg 696w, https:\/\/ledenonciateur224.com\/wp-content\/uploads\/2025\/09\/img-20250908-wa0069-1068x601.jpg 1068w, https:\/\/ledenonciateur224.com\/wp-content\/uploads\/2025\/09\/img-20250908-wa0069-747x420.jpg 747w\" sizes=\"auto, (max-width: 1280px) 100vw, 1280px\" \/> <img loading=\"lazy\" decoding=\"async\" class=\"alignnone size-full wp-image-4945\" src=\"https:\/\/ledenonciateur224.com\/wp-content\/uploads\/2025\/09\/img-20250908-wa0067.jpg\" alt=\"\" width=\"1280\" height=\"720\" srcset=\"https:\/\/ledenonciateur224.com\/wp-content\/uploads\/2025\/09\/img-20250908-wa0067.jpg 1280w, https:\/\/ledenonciateur224.com\/wp-content\/uploads\/2025\/09\/img-20250908-wa0067-300x169.jpg 300w, https:\/\/ledenonciateur224.com\/wp-content\/uploads\/2025\/09\/img-20250908-wa0067-1024x576.jpg 1024w, https:\/\/ledenonciateur224.com\/wp-content\/uploads\/2025\/09\/img-20250908-wa0067-768x432.jpg 768w, https:\/\/ledenonciateur224.com\/wp-content\/uploads\/2025\/09\/img-20250908-wa0067-150x84.jpg 150w, https:\/\/ledenonciateur224.com\/wp-content\/uploads\/2025\/09\/img-20250908-wa0067-696x392.jpg 696w, https:\/\/ledenonciateur224.com\/wp-content\/uploads\/2025\/09\/img-20250908-wa0067-1068x601.jpg 1068w, https:\/\/ledenonciateur224.com\/wp-content\/uploads\/2025\/09\/img-20250908-wa0067-747x420.jpg 747w\" sizes=\"auto, (max-width: 1280px) 100vw, 1280px\" \/><\/p>\n<p>Ces infrastructures constituent une illustration concr\u00e8te de la vision du Pr\u00e9sident de la R\u00e9publique, Son Excellence le G\u00e9n\u00e9ral Mamadi Doumbouya, et de son Gouvernement, qui placent l\u2019\u00e9nergie au c\u0153ur du processus de modernisation et de transformation de la Guin\u00e9e.<\/p>\n<p><img loading=\"lazy\" decoding=\"async\" class=\"alignnone size-full wp-image-4946\" src=\"https:\/\/ledenonciateur224.com\/wp-content\/uploads\/2025\/09\/img-20250908-wa0066.jpg\" alt=\"\" width=\"1280\" height=\"854\" srcset=\"https:\/\/ledenonciateur224.com\/wp-content\/uploads\/2025\/09\/img-20250908-wa0066.jpg 1280w, https:\/\/ledenonciateur224.com\/wp-content\/uploads\/2025\/09\/img-20250908-wa0066-300x200.jpg 300w, https:\/\/ledenonciateur224.com\/wp-content\/uploads\/2025\/09\/img-20250908-wa0066-1024x683.jpg 1024w, https:\/\/ledenonciateur224.com\/wp-content\/uploads\/2025\/09\/img-20250908-wa0066-768x512.jpg 768w, https:\/\/ledenonciateur224.com\/wp-content\/uploads\/2025\/09\/img-20250908-wa0066-150x100.jpg 150w, https:\/\/ledenonciateur224.com\/wp-content\/uploads\/2025\/09\/img-20250908-wa0066-696x464.jpg 696w, https:\/\/ledenonciateur224.com\/wp-content\/uploads\/2025\/09\/img-20250908-wa0066-1068x713.jpg 1068w, https:\/\/ledenonciateur224.com\/wp-content\/uploads\/2025\/09\/img-20250908-wa0066-630x420.jpg 630w\" sizes=\"auto, (max-width: 1280px) 100vw, 1280px\" \/> <img loading=\"lazy\" decoding=\"async\" class=\"alignnone size-full wp-image-4947\" src=\"https:\/\/ledenonciateur224.com\/wp-content\/uploads\/2025\/09\/img-20250908-wa0071.jpg\" alt=\"\" width=\"854\" height=\"1280\" srcset=\"https:\/\/ledenonciateur224.com\/wp-content\/uploads\/2025\/09\/img-20250908-wa0071.jpg 854w, https:\/\/ledenonciateur224.com\/wp-content\/uploads\/2025\/09\/img-20250908-wa0071-200x300.jpg 200w, https:\/\/ledenonciateur224.com\/wp-content\/uploads\/2025\/09\/img-20250908-wa0071-683x1024.jpg 683w, https:\/\/ledenonciateur224.com\/wp-content\/uploads\/2025\/09\/img-20250908-wa0071-768x1151.jpg 768w, https:\/\/ledenonciateur224.com\/wp-content\/uploads\/2025\/09\/img-20250908-wa0071-150x225.jpg 150w, https:\/\/ledenonciateur224.com\/wp-content\/uploads\/2025\/09\/img-20250908-wa0071-300x450.jpg 300w, https:\/\/ledenonciateur224.com\/wp-content\/uploads\/2025\/09\/img-20250908-wa0071-696x1043.jpg 696w, https:\/\/ledenonciateur224.com\/wp-content\/uploads\/2025\/09\/img-20250908-wa0071-280x420.jpg 280w\" sizes=\"auto, (max-width: 854px) 100vw, 854px\" \/><\/p>\n<p>Cellule de communication du Minist\u00e8re de l\u2019\u00c9nergie<\/p>\n<p>&nbsp;<\/p>\n","protected":false},"excerpt":{"rendered":"<p>&nbsp; Monsieur Namory Camara, Ministre de l\u2019\u00c9nergie, a proc\u00e9d\u00e9, le week-end dernier, \u00e0 l\u2019inauguration officielle de deux importantes infrastructures \u00e9nerg\u00e9tiques : la centrale solaire photovolta\u00efque de Kalinko (pr\u00e9fecture de Dinguiraye), d\u2019une capacit\u00e9 de 110 kWc, et celle de Siguirini (pr\u00e9fecture de Siguiri), d\u2019une capacit\u00e9 de 200 kWc. Ces c\u00e9r\u00e9monies, tenues en pr\u00e9sence du repr\u00e9sentant r\u00e9sident [&hellip;]<\/p>\n","protected":false},"author":2,"featured_media":4948,"comment_status":"open","ping_status":"open","sticky":false,"template":"","format":"standard","meta":{"_jetpack_memberships_contains_paid_content":false,"footnotes":"","jetpack_publicize_message":"","jetpack_publicize_feature_enabled":true,"jetpack_social_post_already_shared":true,"jetpack_social_options":{"image_generator_settings":{"template":"highway","default_image_id":0,"font":"","enabled":false},"version":2}},"categories":[30,24],"tags":[1050,1022],"class_list":{"0":"post-4940","1":"post","2":"type-post","3":"status-publish","4":"format-standard","5":"has-post-thumbnail","7":"category-faits-divers","8":"category-news","9":"tag-energie-guinee","10":"tag-namory-camara"},"jetpack_publicize_connections":[],"jetpack_featured_media_url":"https:\/\/ledenonciateur224.com\/wp-content\/uploads\/2025\/09\/img-20250908-wa0070.jpg","jetpack_sharing_enabled":true,"_links":{"self":[{"href":"https:\/\/ledenonciateur224.com\/index.php\/wp-json\/wp\/v2\/posts\/4940","targetHints":{"allow":["GET"]}}],"collection":[{"href":"https:\/\/ledenonciateur224.com\/index.php\/wp-json\/wp\/v2\/posts"}],"about":[{"href":"https:\/\/ledenonciateur224.com\/index.php\/wp-json\/wp\/v2\/types\/post"}],"author":[{"embeddable":true,"href":"https:\/\/ledenonciateur224.com\/index.php\/wp-json\/wp\/v2\/users\/2"}],"replies":[{"embeddable":true,"href":"https:\/\/ledenonciateur224.com\/index.php\/wp-json\/wp\/v2\/comments?post=4940"}],"version-history":[{"count":0,"href":"https:\/\/ledenonciateur224.com\/index.php\/wp-json\/wp\/v2\/posts\/4940\/revisions"}],"wp:featuredmedia":[{"embeddable":true,"href":"https:\/\/ledenonciateur224.com\/index.php\/wp-json\/wp\/v2\/media\/4948"}],"wp:attachment":[{"href":"https:\/\/ledenonciateur224.com\/index.php\/wp-json\/wp\/v2\/media?parent=4940"}],"wp:term":[{"taxonomy":"category","embeddable":true,"href":"https:\/\/ledenonciateur224.com\/index.php\/wp-json\/wp\/v2\/categories?post=4940"},{"taxonomy":"post_tag","embeddable":true,"href":"https:\/\/ledenonciateur224.com\/index.php\/wp-json\/wp\/v2\/tags?post=4940"}],"curies":[{"name":"wp","href":"https:\/\/api.w.org\/{rel}","templated":true}]}}