{"id":4966,"date":"2025-09-09T18:30:19","date_gmt":"2025-09-09T18:30:19","guid":{"rendered":"https:\/\/ledenonciateur224.com\/?p=4966"},"modified":"2025-09-09T18:30:19","modified_gmt":"2025-09-09T18:30:19","slug":"guinee-les-332-sous-prefets-beneficient-des-vehicules-de-commandement","status":"publish","type":"post","link":"https:\/\/ledenonciateur224.com\/index.php\/guinee-les-332-sous-prefets-beneficient-des-vehicules-de-commandement\/","title":{"rendered":"Guin\u00e9e: les 332 sous-pr\u00e9fets b\u00e9n\u00e9ficient des v\u00e9hicules de commandement\u00a0"},"content":{"rendered":"<div dir=\"auto\"><\/div>\n<div dir=\"auto\">Le Gouvernement guin\u00e9en \u00e0 travers le Minist\u00e8re de l\u2019administration du territoire et de la d\u00e9centralisation (MATD), a proc\u00e9d\u00e9 ce mardi, 9 septembre 2025 \u00e0 la remise officielle des v\u00e9hicules de commandement aux 332 sous-pr\u00e9fets du pays. C&rsquo;est le Premier ministre chef du gouvernement Amadou Oury Bah qui a pr\u00e9sid\u00e9 cette c\u00e9r\u00e9monie en pr\u00e9sence des membres du CNRD et du gouvernement. La rencontre a eu lieu au chapiteau du palais du peuple de Conakry.<\/div>\n<div dir=\"auto\"><\/div>\n<div dir=\"auto\"><img loading=\"lazy\" decoding=\"async\" class=\"alignnone size-full wp-image-4967\" src=\"https:\/\/ledenonciateur224.com\/wp-content\/uploads\/2025\/09\/fb-img-1757427292002.jpg\" alt=\"\" width=\"810\" height=\"1080\" srcset=\"https:\/\/ledenonciateur224.com\/wp-content\/uploads\/2025\/09\/fb-img-1757427292002.jpg 810w, https:\/\/ledenonciateur224.com\/wp-content\/uploads\/2025\/09\/fb-img-1757427292002-225x300.jpg 225w, https:\/\/ledenonciateur224.com\/wp-content\/uploads\/2025\/09\/fb-img-1757427292002-768x1024.jpg 768w, https:\/\/ledenonciateur224.com\/wp-content\/uploads\/2025\/09\/fb-img-1757427292002-150x200.jpg 150w, https:\/\/ledenonciateur224.com\/wp-content\/uploads\/2025\/09\/fb-img-1757427292002-300x400.jpg 300w, https:\/\/ledenonciateur224.com\/wp-content\/uploads\/2025\/09\/fb-img-1757427292002-696x928.jpg 696w, https:\/\/ledenonciateur224.com\/wp-content\/uploads\/2025\/09\/fb-img-1757427292002-315x420.jpg 315w\" sizes=\"auto, (max-width: 810px) 100vw, 810px\" \/><\/div>\n<div dir=\"auto\"><span style=\"font-family: antic slab\">Cet acte pos\u00e9 par l<\/span>es autorit\u00e9s guin\u00e9ennes, s\u2019inscrit dans un vaste programme de la refondation de l\u2019\u00c9tat qui vise \u00e0 restaurer et \u00e0 faciliter la mobilit\u00e9 des administrateurs territoriaux du pays. D&rsquo;apr\u00e8s le ministre de l&rsquo;administration du territoire G\u00e9n\u00e9ral du 2\u00e8me section, Ibrahima Khalil Cond\u00e9, la dotation des administrateurs territoriaux des moyens logistiques, va faciliter \u00e0 accomplir pleinement leur noble mission au service de la nation.<\/div>\n<div dir=\"auto\"><\/div>\n<div dir=\"auto\"><img loading=\"lazy\" decoding=\"async\" class=\"alignnone size-full wp-image-4968\" src=\"https:\/\/ledenonciateur224.com\/wp-content\/uploads\/2025\/09\/20250909-113313-scaled.jpg\" alt=\"\" width=\"2560\" height=\"1441\" srcset=\"https:\/\/ledenonciateur224.com\/wp-content\/uploads\/2025\/09\/20250909-113313-scaled.jpg 2560w, https:\/\/ledenonciateur224.com\/wp-content\/uploads\/2025\/09\/20250909-113313-300x169.jpg 300w, https:\/\/ledenonciateur224.com\/wp-content\/uploads\/2025\/09\/20250909-113313-1024x576.jpg 1024w, https:\/\/ledenonciateur224.com\/wp-content\/uploads\/2025\/09\/20250909-113313-768x432.jpg 768w, https:\/\/ledenonciateur224.com\/wp-content\/uploads\/2025\/09\/20250909-113313-1536x864.jpg 1536w, https:\/\/ledenonciateur224.com\/wp-content\/uploads\/2025\/09\/20250909-113313-2048x1153.jpg 2048w, https:\/\/ledenonciateur224.com\/wp-content\/uploads\/2025\/09\/20250909-113313-150x84.jpg 150w, https:\/\/ledenonciateur224.com\/wp-content\/uploads\/2025\/09\/20250909-113313-696x392.jpg 696w, https:\/\/ledenonciateur224.com\/wp-content\/uploads\/2025\/09\/20250909-113313-1068x601.jpg 1068w, https:\/\/ledenonciateur224.com\/wp-content\/uploads\/2025\/09\/20250909-113313-1920x1080.jpg 1920w, https:\/\/ledenonciateur224.com\/wp-content\/uploads\/2025\/09\/20250909-113313-746x420.jpg 746w\" sizes=\"auto, (max-width: 2560px) 100vw, 2560px\" \/><\/div>\n<div dir=\"auto\">&lt;&lt;Cet acte r\u00e9publicain n&rsquo;a jamais \u00e9t\u00e9 pos\u00e9 en R\u00e9publique de Guin\u00e9e depuis la premi\u00e8re R\u00e9publique.&gt;&gt;, a-t-il d\u00e9clar\u00e9\u00a0 &lt;&lt; Mesdames et Messieurs, ces v\u00e9hicules de commandement sont bien plus qu\u2019un simple outil de travail. Ils sont le symbole de la confiance plac\u00e9e en vous par l\u2019\u00c9tat. Un moyen essentiel pour renforcer votre mobilit\u00e9, votre proximit\u00e9 avec les populations et votre capacit\u00e9 \u00e0 agir efficacement sur le terrain. Un atout majeur pour r\u00e9pondre avec diligence aux urgences administratives, s\u00e9curitaires et sociales. Je suis convaincu que ces notations logistiques contribueront significativement \u00e0 am\u00e9liorer vos conditions de travail et, partant, \u00e0 renforcer la pr\u00e9sence et l\u2019efficacit\u00e9 de l\u2019\u00c9tat jusque dans les zones les plus recul\u00e9es de notre pays&gt;&gt;,<\/div>\n<div dir=\"auto\"><\/div>\n<div dir=\"auto\"><img loading=\"lazy\" decoding=\"async\" class=\"alignnone size-full wp-image-4969\" src=\"https:\/\/ledenonciateur224.com\/wp-content\/uploads\/2025\/09\/20250909-112927-scaled.jpg\" alt=\"\" width=\"2560\" height=\"1441\" srcset=\"https:\/\/ledenonciateur224.com\/wp-content\/uploads\/2025\/09\/20250909-112927-scaled.jpg 2560w, https:\/\/ledenonciateur224.com\/wp-content\/uploads\/2025\/09\/20250909-112927-300x169.jpg 300w, https:\/\/ledenonciateur224.com\/wp-content\/uploads\/2025\/09\/20250909-112927-1024x576.jpg 1024w, https:\/\/ledenonciateur224.com\/wp-content\/uploads\/2025\/09\/20250909-112927-768x432.jpg 768w, https:\/\/ledenonciateur224.com\/wp-content\/uploads\/2025\/09\/20250909-112927-1536x864.jpg 1536w, https:\/\/ledenonciateur224.com\/wp-content\/uploads\/2025\/09\/20250909-112927-2048x1153.jpg 2048w, https:\/\/ledenonciateur224.com\/wp-content\/uploads\/2025\/09\/20250909-112927-150x84.jpg 150w, https:\/\/ledenonciateur224.com\/wp-content\/uploads\/2025\/09\/20250909-112927-696x392.jpg 696w, https:\/\/ledenonciateur224.com\/wp-content\/uploads\/2025\/09\/20250909-112927-1068x601.jpg 1068w, https:\/\/ledenonciateur224.com\/wp-content\/uploads\/2025\/09\/20250909-112927-1920x1080.jpg 1920w, https:\/\/ledenonciateur224.com\/wp-content\/uploads\/2025\/09\/20250909-112927-746x420.jpg 746w\" sizes=\"auto, (max-width: 2560px) 100vw, 2560px\" \/><\/div>\n<div dir=\"auto\">C&rsquo;est un geste hautement salu\u00e9 par les b\u00e9n\u00e9ficiaires. Lieutenant colonel Diaka Doumbouya, au nom de l&rsquo;ensemble des sous-pr\u00e9fets, a r\u00e9affirm\u00e9 leur engagement<\/div>\n<div dir=\"auto\"><\/div>\n<div dir=\"auto\"><img loading=\"lazy\" decoding=\"async\" class=\"alignnone size-full wp-image-4974\" src=\"https:\/\/ledenonciateur224.com\/wp-content\/uploads\/2025\/09\/20250909-111019-scaled.jpg\" alt=\"\" width=\"2560\" height=\"1441\" srcset=\"https:\/\/ledenonciateur224.com\/wp-content\/uploads\/2025\/09\/20250909-111019-scaled.jpg 2560w, https:\/\/ledenonciateur224.com\/wp-content\/uploads\/2025\/09\/20250909-111019-300x169.jpg 300w, https:\/\/ledenonciateur224.com\/wp-content\/uploads\/2025\/09\/20250909-111019-1024x576.jpg 1024w, https:\/\/ledenonciateur224.com\/wp-content\/uploads\/2025\/09\/20250909-111019-768x432.jpg 768w, https:\/\/ledenonciateur224.com\/wp-content\/uploads\/2025\/09\/20250909-111019-1536x864.jpg 1536w, https:\/\/ledenonciateur224.com\/wp-content\/uploads\/2025\/09\/20250909-111019-2048x1153.jpg 2048w, https:\/\/ledenonciateur224.com\/wp-content\/uploads\/2025\/09\/20250909-111019-150x84.jpg 150w, https:\/\/ledenonciateur224.com\/wp-content\/uploads\/2025\/09\/20250909-111019-696x392.jpg 696w, https:\/\/ledenonciateur224.com\/wp-content\/uploads\/2025\/09\/20250909-111019-1068x601.jpg 1068w, https:\/\/ledenonciateur224.com\/wp-content\/uploads\/2025\/09\/20250909-111019-1920x1080.jpg 1920w, https:\/\/ledenonciateur224.com\/wp-content\/uploads\/2025\/09\/20250909-111019-746x420.jpg 746w\" sizes=\"auto, (max-width: 2560px) 100vw, 2560px\" \/><\/div>\n<div dir=\"auto\">\n<div dir=\"auto\">&lt;&lt;Monsieur le ministre, il y a quelques semaines, les huit gouverneurs de r\u00e9gions et les trente-trois pr\u00e9fets ont b\u00e9n\u00e9fici\u00e9 du renouvellement des v\u00e9hicules de commandement sous votre leadership. Ce jour encore, et pour la premi\u00e8re fois dans l&rsquo;histoire de notre pays, c&rsquo;est l&rsquo;ensemble des sous-pr\u00e9fets qui viennent de b\u00e9n\u00e9ficier des v\u00e9hicules de commandement. Ce geste hautement significatif, au-del\u00e0 des aspects op\u00e9rationnels, illustre parfaitement la vision de refondation de l&rsquo;\u00c9tat pr\u00f4n\u00e9e par le G\u00e9n\u00e9ral Pr\u00e9sident Mamadi Doumbouya, depuis le 5 septembre 2021. Cette refondation de l&rsquo;\u00c9tat incarne en son sein la restauration de l&rsquo;autorit\u00e9 de l&rsquo;\u00c9tat dans toutes les administrations publiques. C&rsquo;est le lieu, une fois encore, de louer les efforts et les \u00e9normes efforts consentis dans tous les domaines pour une Guin\u00e9e unie et prosp\u00e8re. Pour notre part, nous nous engageons encore une fois de plus \u00e0 sauvegarder les acquis du CNRD, mais aussi \u00e0 faire de ces v\u00e9hicules un v\u00e9ritable instrument de commandement et d\u00e9veloppement au service de la nation.&gt;&gt;<\/div>\n<\/div>\n<div dir=\"auto\"><\/div>\n<div dir=\"auto\"><img loading=\"lazy\" decoding=\"async\" class=\"alignnone size-full wp-image-4970\" src=\"https:\/\/ledenonciateur224.com\/wp-content\/uploads\/2025\/09\/fb-img-1757427278242.jpg\" alt=\"\" width=\"1280\" height=\"960\" srcset=\"https:\/\/ledenonciateur224.com\/wp-content\/uploads\/2025\/09\/fb-img-1757427278242.jpg 1280w, https:\/\/ledenonciateur224.com\/wp-content\/uploads\/2025\/09\/fb-img-1757427278242-300x225.jpg 300w, https:\/\/ledenonciateur224.com\/wp-content\/uploads\/2025\/09\/fb-img-1757427278242-1024x768.jpg 1024w, https:\/\/ledenonciateur224.com\/wp-content\/uploads\/2025\/09\/fb-img-1757427278242-768x576.jpg 768w, https:\/\/ledenonciateur224.com\/wp-content\/uploads\/2025\/09\/fb-img-1757427278242-150x113.jpg 150w, https:\/\/ledenonciateur224.com\/wp-content\/uploads\/2025\/09\/fb-img-1757427278242-696x522.jpg 696w, https:\/\/ledenonciateur224.com\/wp-content\/uploads\/2025\/09\/fb-img-1757427278242-1068x801.jpg 1068w, https:\/\/ledenonciateur224.com\/wp-content\/uploads\/2025\/09\/fb-img-1757427278242-560x420.jpg 560w, https:\/\/ledenonciateur224.com\/wp-content\/uploads\/2025\/09\/fb-img-1757427278242-80x60.jpg 80w, https:\/\/ledenonciateur224.com\/wp-content\/uploads\/2025\/09\/fb-img-1757427278242-265x198.jpg 265w\" sizes=\"auto, (max-width: 1280px) 100vw, 1280px\" \/><\/div>\n<div dir=\"auto\">\n<div dir=\"auto\">\n<div dir=\"auto\">Dans son discours, le Premier Ministre Chef du gouvernement Amadou Oury Bah a rappel\u00e9 que ce geste du pr\u00e9sident de la R\u00e9publique est une r\u00e9compense de nombreux sacrifices consentis par les sous-pr\u00e9fets.<\/div>\n<div dir=\"auto\"><\/div>\n<div dir=\"auto\"><img loading=\"lazy\" decoding=\"async\" class=\"alignnone size-full wp-image-4971\" src=\"https:\/\/ledenonciateur224.com\/wp-content\/uploads\/2025\/09\/fb-img-1757427253807.jpg\" alt=\"\" width=\"1536\" height=\"2048\" srcset=\"https:\/\/ledenonciateur224.com\/wp-content\/uploads\/2025\/09\/fb-img-1757427253807.jpg 1536w, https:\/\/ledenonciateur224.com\/wp-content\/uploads\/2025\/09\/fb-img-1757427253807-225x300.jpg 225w, https:\/\/ledenonciateur224.com\/wp-content\/uploads\/2025\/09\/fb-img-1757427253807-768x1024.jpg 768w, https:\/\/ledenonciateur224.com\/wp-content\/uploads\/2025\/09\/fb-img-1757427253807-1152x1536.jpg 1152w, https:\/\/ledenonciateur224.com\/wp-content\/uploads\/2025\/09\/fb-img-1757427253807-150x200.jpg 150w, https:\/\/ledenonciateur224.com\/wp-content\/uploads\/2025\/09\/fb-img-1757427253807-300x400.jpg 300w, https:\/\/ledenonciateur224.com\/wp-content\/uploads\/2025\/09\/fb-img-1757427253807-696x928.jpg 696w, https:\/\/ledenonciateur224.com\/wp-content\/uploads\/2025\/09\/fb-img-1757427253807-1068x1424.jpg 1068w, https:\/\/ledenonciateur224.com\/wp-content\/uploads\/2025\/09\/fb-img-1757427253807-315x420.jpg 315w\" sizes=\"auto, (max-width: 1536px) 100vw, 1536px\" \/> <img loading=\"lazy\" decoding=\"async\" class=\"alignnone size-full wp-image-4972\" src=\"https:\/\/ledenonciateur224.com\/wp-content\/uploads\/2025\/09\/fb-img-1757427266032.jpg\" alt=\"\" width=\"2048\" height=\"1536\" srcset=\"https:\/\/ledenonciateur224.com\/wp-content\/uploads\/2025\/09\/fb-img-1757427266032.jpg 2048w, https:\/\/ledenonciateur224.com\/wp-content\/uploads\/2025\/09\/fb-img-1757427266032-300x225.jpg 300w, https:\/\/ledenonciateur224.com\/wp-content\/uploads\/2025\/09\/fb-img-1757427266032-1024x768.jpg 1024w, https:\/\/ledenonciateur224.com\/wp-content\/uploads\/2025\/09\/fb-img-1757427266032-768x576.jpg 768w, https:\/\/ledenonciateur224.com\/wp-content\/uploads\/2025\/09\/fb-img-1757427266032-1536x1152.jpg 1536w, https:\/\/ledenonciateur224.com\/wp-content\/uploads\/2025\/09\/fb-img-1757427266032-150x113.jpg 150w, https:\/\/ledenonciateur224.com\/wp-content\/uploads\/2025\/09\/fb-img-1757427266032-696x522.jpg 696w, https:\/\/ledenonciateur224.com\/wp-content\/uploads\/2025\/09\/fb-img-1757427266032-1068x801.jpg 1068w, https:\/\/ledenonciateur224.com\/wp-content\/uploads\/2025\/09\/fb-img-1757427266032-1920x1440.jpg 1920w, https:\/\/ledenonciateur224.com\/wp-content\/uploads\/2025\/09\/fb-img-1757427266032-560x420.jpg 560w, https:\/\/ledenonciateur224.com\/wp-content\/uploads\/2025\/09\/fb-img-1757427266032-80x60.jpg 80w, https:\/\/ledenonciateur224.com\/wp-content\/uploads\/2025\/09\/fb-img-1757427266032-265x198.jpg 265w\" sizes=\"auto, (max-width: 2048px) 100vw, 2048px\" \/> <img loading=\"lazy\" decoding=\"async\" class=\"alignnone size-full wp-image-4973\" src=\"https:\/\/ledenonciateur224.com\/wp-content\/uploads\/2025\/09\/20250909-115826-scaled.jpg\" alt=\"\" width=\"2560\" height=\"1441\" srcset=\"https:\/\/ledenonciateur224.com\/wp-content\/uploads\/2025\/09\/20250909-115826-scaled.jpg 2560w, https:\/\/ledenonciateur224.com\/wp-content\/uploads\/2025\/09\/20250909-115826-300x169.jpg 300w, https:\/\/ledenonciateur224.com\/wp-content\/uploads\/2025\/09\/20250909-115826-1024x576.jpg 1024w, https:\/\/ledenonciateur224.com\/wp-content\/uploads\/2025\/09\/20250909-115826-768x432.jpg 768w, https:\/\/ledenonciateur224.com\/wp-content\/uploads\/2025\/09\/20250909-115826-1536x864.jpg 1536w, https:\/\/ledenonciateur224.com\/wp-content\/uploads\/2025\/09\/20250909-115826-2048x1153.jpg 2048w, https:\/\/ledenonciateur224.com\/wp-content\/uploads\/2025\/09\/20250909-115826-150x84.jpg 150w, https:\/\/ledenonciateur224.com\/wp-content\/uploads\/2025\/09\/20250909-115826-696x392.jpg 696w, https:\/\/ledenonciateur224.com\/wp-content\/uploads\/2025\/09\/20250909-115826-1068x601.jpg 1068w, https:\/\/ledenonciateur224.com\/wp-content\/uploads\/2025\/09\/20250909-115826-1920x1080.jpg 1920w, https:\/\/ledenonciateur224.com\/wp-content\/uploads\/2025\/09\/20250909-115826-746x420.jpg 746w\" sizes=\"auto, (max-width: 2560px) 100vw, 2560px\" \/><\/div>\n<\/div>\n<div dir=\"auto\">\n<div dir=\"auto\">\u00abAujourd\u2019hui, depuis le 5 septembre 2021, pratiquement quatre ans jour pour jour, la refondation de l\u2019\u00c9tat passe par la restauration de l\u2019autorit\u00e9 de l\u2019\u00c9tat. Et la restauration de l\u2019autorit\u00e9 de l\u2019\u00c9tat passe par la valorisation de l\u2019image des repr\u00e9sentants de l\u2019\u00c9tat aupr\u00e8s de la population. Ce n\u2019est pas un cadeau qui vous est fait, c\u2019est une responsabilit\u00e9 pour que l\u2019\u00c9tat puisse \u00eatre respectable aux yeux de ses citoyens et que les citoyens puissent avoir confiance aux repr\u00e9sentants de l\u2019\u00c9tat. C\u2019est la raison pour laquelle il \u00e9tait n\u00e9cessaire et indispensable que vous soyez dot\u00e9s en moyenne de locomotion pour parcourir des dizaines et des dizaines de kilom\u00e8tres pour rencontrer les populations, pour secourir des situations parfois tragiques et d\u00e9sesp\u00e9r\u00e9es, et enfin, pour assurer la s\u00e9curit\u00e9 nationale\u00bb, a-t-il soulign\u00e9<\/div>\n<div dir=\"auto\"><\/div>\n<div dir=\"auto\">Ledenonciateur224.com<\/div>\n<\/div>\n<div dir=\"auto\">611703984<\/div>\n<\/div>\n","protected":false},"excerpt":{"rendered":"<p>Le Gouvernement guin\u00e9en \u00e0 travers le Minist\u00e8re de l\u2019administration du territoire et de la d\u00e9centralisation (MATD), a proc\u00e9d\u00e9 ce mardi, 9 septembre 2025 \u00e0 la remise officielle des v\u00e9hicules de commandement aux 332 sous-pr\u00e9fets du pays. C&rsquo;est le Premier ministre chef du gouvernement Amadou Oury Bah qui a pr\u00e9sid\u00e9 cette c\u00e9r\u00e9monie en pr\u00e9sence des membres [&hellip;]<\/p>\n","protected":false},"author":2,"featured_media":4970,"comment_status":"open","ping_status":"open","sticky":false,"template":"","format":"standard","meta":{"_jetpack_memberships_contains_paid_content":false,"footnotes":"","jetpack_publicize_message":"","jetpack_publicize_feature_enabled":true,"jetpack_social_post_already_shared":true,"jetpack_social_options":{"image_generator_settings":{"template":"highway","default_image_id":0,"font":"","enabled":false},"version":2}},"categories":[24,27],"tags":[1143,595],"class_list":{"0":"post-4966","1":"post","2":"type-post","3":"status-publish","4":"format-standard","5":"has-post-thumbnail","7":"category-news","8":"category-politique","9":"tag-sous-prefets","10":"tag-vehicules-administratifs"},"jetpack_publicize_connections":[],"jetpack_featured_media_url":"https:\/\/ledenonciateur224.com\/wp-content\/uploads\/2025\/09\/fb-img-1757427278242.jpg","jetpack_sharing_enabled":true,"_links":{"self":[{"href":"https:\/\/ledenonciateur224.com\/index.php\/wp-json\/wp\/v2\/posts\/4966","targetHints":{"allow":["GET"]}}],"collection":[{"href":"https:\/\/ledenonciateur224.com\/index.php\/wp-json\/wp\/v2\/posts"}],"about":[{"href":"https:\/\/ledenonciateur224.com\/index.php\/wp-json\/wp\/v2\/types\/post"}],"author":[{"embeddable":true,"href":"https:\/\/ledenonciateur224.com\/index.php\/wp-json\/wp\/v2\/users\/2"}],"replies":[{"embeddable":true,"href":"https:\/\/ledenonciateur224.com\/index.php\/wp-json\/wp\/v2\/comments?post=4966"}],"version-history":[{"count":0,"href":"https:\/\/ledenonciateur224.com\/index.php\/wp-json\/wp\/v2\/posts\/4966\/revisions"}],"wp:featuredmedia":[{"embeddable":true,"href":"https:\/\/ledenonciateur224.com\/index.php\/wp-json\/wp\/v2\/media\/4970"}],"wp:attachment":[{"href":"https:\/\/ledenonciateur224.com\/index.php\/wp-json\/wp\/v2\/media?parent=4966"}],"wp:term":[{"taxonomy":"category","embeddable":true,"href":"https:\/\/ledenonciateur224.com\/index.php\/wp-json\/wp\/v2\/categories?post=4966"},{"taxonomy":"post_tag","embeddable":true,"href":"https:\/\/ledenonciateur224.com\/index.php\/wp-json\/wp\/v2\/tags?post=4966"}],"curies":[{"name":"wp","href":"https:\/\/api.w.org\/{rel}","templated":true}]}}