{"id":497,"date":"2024-12-15T08:11:09","date_gmt":"2024-12-15T08:11:09","guid":{"rendered":"https:\/\/ledenonciateur224.com\/?p=497"},"modified":"2024-12-15T08:14:08","modified_gmt":"2024-12-15T08:14:08","slug":"mandian-sidibe-temoigne-sa-gratitude-et-reconnaissance-au-general-mamadi-doumbouya-apres-sa-revocation","status":"publish","type":"post","link":"https:\/\/ledenonciateur224.com\/index.php\/mandian-sidibe-temoigne-sa-gratitude-et-reconnaissance-au-general-mamadi-doumbouya-apres-sa-revocation\/","title":{"rendered":"Mandian Sidib\u00e9 t\u00e9moigne sa gratitude et reconnaissance au G\u00e9n\u00e9ral Mamadi Doumbouya apr\u00e8s son passage \u00e0 l&rsquo;OGP"},"content":{"rendered":"<p>&nbsp;<\/p>\n<p>Lorsqu\u2019on est nomm\u00e9 \u00e0 un poste, il faut naturellement s\u2019attendre \u00e0 son d\u00e9part, t\u00f4t ou tard, d\u2019une mani\u00e8re ou d\u2019une autre.<\/p>\n<p>Pendant que se referme cette page de mon passage \u00e0 la t\u00eate de l\u2019Office Guin\u00e9en de Publicit\u00e9 (OGP), qui aura dur\u00e9 trois ans, jour pour jour, je tiens, particuli\u00e8rement, \u00e0 exprimer toute ma gratitude \u00e0 son Excellence le G\u00e9n\u00e9ral Mamadi Doumbouya, Pr\u00e9sident de la R\u00e9publique, Pr\u00e9sident du CNRD et Chef Supr\u00eame des Forces Arm\u00e9es Guin\u00e9ennes.<\/p>\n<p>Au demeurant, faut-il avouer que si je suis revenu au bercail et me suis mis \u00e0 sa disposition, c\u2019est parce que je crois profond\u00e9ment et fermement en sa vision exemplaire pour la Guin\u00e9e et les Guin\u00e9ens.<\/p>\n<p>Mon admiration pour Son Excellence le G\u00e9n\u00e9ral Mamadi Doumbouya et ma d\u00e9termination \u00e0 lui rester fid\u00e8le et loyal sont in\u00e9branlables.<\/p>\n<p>Parmi des millions de Guin\u00e9ens, le G\u00e9n\u00e9ral Mamadi Doumbouya m\u2019a mis \u00e0 ce poste depuis le 15 d\u00e9cembre 2021, alors que quelques jours avant sa prise de responsabilit\u00e9, le 05 septembre de la m\u00eame ann\u00e9e, j\u2019\u00e9tais contraint \u00e0 l\u2019exil. Ceci est une marque de confiance et d\u2019estime que ma famille biologique et moi-m\u00eame ne saurions jamais oublier. Jamais !<\/p>\n<p>Je voudrais profiter de ces mots de reconnaissance et de remerciements \u00e0 l\u2019endroit de Son Excellence Monsieur le Pr\u00e9sident de la R\u00e9publique pour dire merci \u00e0 la famille de l\u2019OGP, \u00e0 laquelle j\u2019appartiendrai \u00e0 jamais.<\/p>\n<p>Du Conseil d\u2019Administration aux autres parties-prenantes, notamment nos tutelles et les partenaires de l\u2019OGP, en passant par le personnel et le syndicat, je pr\u00e9sente mes sinc\u00e8res excuses pour les d\u00e9sagr\u00e9ments involontaires \u00e0 eux inflig\u00e9s durant mon s\u00e9jour. Avec tout ce beau monde, nous avons su former une famille, qui a connu des hauts et des bas. Toute chose a une fin. Ainsi, en a d\u00e9cid\u00e9 notre Cr\u00e9ateur. Merci \u00e0 tous et \u00e0 chacun. Que Dieu b\u00e9nisse la Guin\u00e9e et les Guin\u00e9ens. Je reste au garde-\u00e0-vous pour vous, mon G\u00e9n\u00e9ral !<\/p>\n<p>&nbsp;<\/p>\n<p>&nbsp;<\/p>\n<p>Mandian SIDIB\u00c9<br \/>\nEx Directeur G\u00e9n\u00e9ral de l\u2019OGP<\/p>\n","protected":false},"excerpt":{"rendered":"<p>&nbsp; Lorsqu\u2019on est nomm\u00e9 \u00e0 un poste, il faut naturellement s\u2019attendre \u00e0 son d\u00e9part, t\u00f4t ou tard, d\u2019une mani\u00e8re ou d\u2019une autre. Pendant que se referme cette page de mon passage \u00e0 la t\u00eate de l\u2019Office Guin\u00e9en de Publicit\u00e9 (OGP), qui aura dur\u00e9 trois ans, jour pour jour, je tiens, particuli\u00e8rement, \u00e0 exprimer toute ma [&hellip;]<\/p>\n","protected":false},"author":2,"featured_media":480,"comment_status":"open","ping_status":"open","sticky":false,"template":"","format":"standard","meta":{"_jetpack_memberships_contains_paid_content":false,"footnotes":"","jetpack_publicize_message":"","jetpack_publicize_feature_enabled":true,"jetpack_social_post_already_shared":false,"jetpack_social_options":{"image_generator_settings":{"template":"highway","default_image_id":0,"font":"","enabled":false},"version":2}},"categories":[30,24],"tags":[100,82,83],"class_list":{"0":"post-497","1":"post","2":"type-post","3":"status-publish","4":"format-standard","5":"has-post-thumbnail","7":"category-faits-divers","8":"category-news","9":"tag-decret-du-president","10":"tag-directeur-general-de-logp","11":"tag-mandian-sidibe"},"jetpack_publicize_connections":[],"jetpack_featured_media_url":"https:\/\/ledenonciateur224.com\/wp-content\/uploads\/2024\/12\/mandian-1-1.jpg","jetpack_sharing_enabled":true,"_links":{"self":[{"href":"https:\/\/ledenonciateur224.com\/index.php\/wp-json\/wp\/v2\/posts\/497","targetHints":{"allow":["GET"]}}],"collection":[{"href":"https:\/\/ledenonciateur224.com\/index.php\/wp-json\/wp\/v2\/posts"}],"about":[{"href":"https:\/\/ledenonciateur224.com\/index.php\/wp-json\/wp\/v2\/types\/post"}],"author":[{"embeddable":true,"href":"https:\/\/ledenonciateur224.com\/index.php\/wp-json\/wp\/v2\/users\/2"}],"replies":[{"embeddable":true,"href":"https:\/\/ledenonciateur224.com\/index.php\/wp-json\/wp\/v2\/comments?post=497"}],"version-history":[{"count":0,"href":"https:\/\/ledenonciateur224.com\/index.php\/wp-json\/wp\/v2\/posts\/497\/revisions"}],"wp:featuredmedia":[{"embeddable":true,"href":"https:\/\/ledenonciateur224.com\/index.php\/wp-json\/wp\/v2\/media\/480"}],"wp:attachment":[{"href":"https:\/\/ledenonciateur224.com\/index.php\/wp-json\/wp\/v2\/media?parent=497"}],"wp:term":[{"taxonomy":"category","embeddable":true,"href":"https:\/\/ledenonciateur224.com\/index.php\/wp-json\/wp\/v2\/categories?post=497"},{"taxonomy":"post_tag","embeddable":true,"href":"https:\/\/ledenonciateur224.com\/index.php\/wp-json\/wp\/v2\/tags?post=497"}],"curies":[{"name":"wp","href":"https:\/\/api.w.org\/{rel}","templated":true}]}}