{"id":4976,"date":"2025-09-09T19:14:11","date_gmt":"2025-09-09T19:14:11","guid":{"rendered":"https:\/\/ledenonciateur224.com\/?p=4976"},"modified":"2025-09-09T19:14:11","modified_gmt":"2025-09-09T19:14:11","slug":"quand-la-calomnie-remplace-le-journalisme-alpha-diallo-ne-merite-pas-votre-haine","status":"publish","type":"post","link":"https:\/\/ledenonciateur224.com\/index.php\/quand-la-calomnie-remplace-le-journalisme-alpha-diallo-ne-merite-pas-votre-haine\/","title":{"rendered":"Quand la calomnie remplace le journalisme : Alpha Diallo ne m\u00e9rite pas votre haine"},"content":{"rendered":"<div dir=\"auto\">\n<h1><strong style=\"color: #222222;font-family: Verdana, Geneva, sans-serif;font-size: 15px\">Ces derniers jours, une attaque virulente et indigne a \u00e9t\u00e9 publi\u00e9e \u00e0 l\u2019encontre de M. Alpha Mamadou Diallo, responsable technique \u00e0 la Maison de la Presse de Guin\u00e9e. L\u2019article sur le site Guin\u00e9e futur ,truff\u00e9 d\u2019insultes et d\u2019accusations gratuites, ne rel\u00e8ve ni du journalisme, ni de la critique constructive. Il s\u2019apparente \u00e0 un r\u00e8glement de comptes personnel, orchestr\u00e9 dans le seul but de salir un homme au parcours professionnel irr\u00e9prochable.<\/strong><\/h1>\n<\/div>\n<div dir=\"auto\">\n<p><strong>Une attaque indigne contre Alpha Diallo venant d\u2019un soi -disant journaliste<\/strong><\/p>\n<p><strong>Face \u00e0 cette tentative de lynchage m\u00e9diatique, il est essentiel de remettre les pendules \u00e0 l\u2019heure. Non pas pour pol\u00e9miquer, mais pour rappeler que la dignit\u00e9 des personnes, la v\u00e9rit\u00e9 des faits et la d\u00e9cence dans le d\u00e9bat public ne sont pas des options.<\/strong><\/p>\n<p><strong>Alpha Diallo, Un professionnel de terrain, pas un opportuniste<\/strong><\/p>\n<p><strong>Depuis plus de dix ans, Alpha Mamadou Diallo \u0153uvre au service de la Maison de la Presse avec discr\u00e9tion, efficacit\u00e9 et loyaut\u00e9. Responsable technique, il est l\u2019un des piliers invisibles qui assurent la logistique des centaines d\u2019\u00e9v\u00e9nements accueillis chaque ann\u00e9e dans nos locaux : conf\u00e9rences, points de presse, d\u00e9bats publics, formations. Ceux qui connaissent son travail savent \u00e0 quel point il est disponible, rigoureux, et soucieux du bon d\u00e9roulement des activit\u00e9s, m\u00eame dans les conditions souvent difficiles o\u00f9 op\u00e8re la MDP.<\/strong><\/p>\n<p><strong>Maison de la Presse : Non, Alpha Diallo n\u2019est pas le voleur que vous d\u00e9crivez Accus\u00e9 \u00e0 tort, jug\u00e9 sans preuve une\u00a0 cabale contre un homme de Dieu qui pendant plusieurs ann\u00e9es a orient\u00e9 beaucoup de jeunes dans l\u2019exercice de ce noble m\u00e9tier ( journalisme)<\/strong><\/p>\n<p><strong>Accuser un tel homme de \u201cvol\u201d, de \u201cd\u00e9tournement\u201d ou de \u201cpr\u00e9dation\u201d sans fournir la moindre preuve mat\u00e9rielle, sans enqu\u00eate, sans contradiction, c\u2019est non seulement faire injure \u00e0 sa personne, mais aussi jeter le discr\u00e9dit sur toute l\u2019institution.<\/strong><\/p>\n<p><strong>Ce qui choque le plus dans l\u2019article publi\u00e9 contre M. Diallo, ce n\u2019est pas la critique \u2013 car toute institution publique est critiquable \u2013 mais la m\u00e9thode : une ex\u00e9cution m\u00e9diatique men\u00e9e \u00e0 coups d\u2019injures, de surnoms d\u00e9gradants et de sp\u00e9culations non v\u00e9rifi\u00e9es. L\u2019auteur de ce texte n\u2019a jamais pris la peine d\u2019interroger la personne mise en cause. Il n\u2019a sollicit\u00e9 aucun point de vue contradictoire. Il n\u2019a respect\u00e9 aucune r\u00e8gle de base du journalisme.<\/strong><\/p>\n<p><strong>Comment peut-on laisser des d\u00e9magogues, des parachut\u00e9s\u00a0 dans ce m\u00e9tier sans \u00e9thique ni d\u00e9ontologie s\u2019attaquer \u00e0 mr Alpha Diallo qui fait l\u2019unanimit\u00e9 dans cette corporation ,aussi tr\u00e8s respect\u00e9 par\u00a0 nos a\u00een\u00e9s et\u00a0 professeurs de l\u2019\u00e9cole du journalisme en Guin\u00e9e.\u00a0<\/strong><\/p>\n<p><strong>Il arrive, dans le cadre d\u2019\u00e9v\u00e9nements organis\u00e9s \u00e0 la Maison de la Presse, que des incompr\u00e9hensions surviennent.<\/strong><strong>Mais transformer ces incidents ponctuels en une pr\u00e9tendue \u201cstrat\u00e9gie de vol\u201d orchestr\u00e9e par une seule personne rel\u00e8ve d\u2019un r\u00e9cit construit, malhonn\u00eate, et fond\u00e9 sur l\u2019intention de nuire. Ce genre d\u2019amalgame dessert tout le monde, \u00e0 commencer par les journalistes eux-m\u00eames, qui m\u00e9ritent mieux qu\u2019une manipulation \u00e9motionnelle.<\/strong><\/p>\n<p><strong>la presse m\u00e9rite mieux que la diffamation\u201d<\/strong><\/p>\n<p><strong>Il est temps de dire stop \u00e0 l\u2019instrumentalisation des frustrations individuelles pour affaiblir une institution qui appartient \u00e0 tous les journalistes de Guin\u00e9e. Le d\u00e9bat sur la gestion, le fonctionnement ou les am\u00e9liorations n\u00e9cessaires de la Maison de la Presse est l\u00e9gitime \u2013 et m\u00eame souhaitable. Mais il doit se faire dans le respect des faits, des personnes et des r\u00e8gles.<\/strong><\/p>\n<p><strong>Appel au respect et \u00e0 la justice sociale\u00a0<\/strong><\/p>\n<p><strong>\u00c0 ceux qui se livrent \u00e0 ces campagnes de diffamation, nous disons ceci : la libert\u00e9 d\u2019expression n\u2019est pas une licence pour insulter, salir ou inventer. C\u2019est un droit pr\u00e9cieux qui va de pair avec des responsabilit\u00e9s.<\/strong><\/p>\n<p><strong>Journalisme ou r\u00e8glement de comptes ? Retour sur une attaque indigne\u201d<\/strong><\/p>\n<p><strong>\u00c0 nos confr\u00e8res journalistes, nous lan\u00e7ons un appel \u00e0 la lucidit\u00e9 : exigeons des comptes, oui. D\u00e9non\u00e7ons les abus, oui. Mais faisons-le avec rigueur, avec professionnalisme, avec des preuves. Sinon, nous participons nous-m\u00eames \u00e0 la banalisation de la rumeur et de la haine, au d\u00e9triment de notre propre cr\u00e9dibilit\u00e9.<\/strong><\/p>\n<p><strong>A monsieur Alpha\u00a0 Diallo, nous exprimons ici notre solidarit\u00e9. Vous avez le droit de vous d\u00e9fendre, mais ne le faites pas,\u00a0 parce que ces personnes n\u2019atteignent\u00a0 point votre cheville en connaissances du journalisme, et du carnet d\u2019adresse. Ne r\u00e9pondez aux gamins qui pratiquent ce m\u00e9tier pour l\u2019argent, salir les bonnes personnes ,non pour l\u2019honneur et la dignit\u00e9.Car la v\u00e9rit\u00e9 finit toujours par triompher,\u00a0<\/strong><\/p>\n<p><strong>Stop \u00e0 l\u2019acharnement contre\u00a0 Mr Alpha Diallo\u00a0<\/strong><\/p>\n<p>&nbsp;<\/p>\n<p><strong>Par : Kalil Missira kaba\u00a0 ( KMK)<\/strong><\/p>\n<p><strong>Citoyen engag\u00e9 pour la v\u00e9rit\u00e9<\/strong><\/p>\n<\/div>\n","protected":false},"excerpt":{"rendered":"<p>Ces derniers jours, une attaque virulente et indigne a \u00e9t\u00e9 publi\u00e9e \u00e0 l\u2019encontre de M. Alpha Mamadou Diallo, responsable technique \u00e0 la Maison de la Presse de Guin\u00e9e. L\u2019article sur le site Guin\u00e9e futur ,truff\u00e9 d\u2019insultes et d\u2019accusations gratuites, ne rel\u00e8ve ni du journalisme, ni de la critique constructive. Il s\u2019apparente \u00e0 un r\u00e8glement de [&hellip;]<\/p>\n","protected":false},"author":2,"featured_media":4977,"comment_status":"open","ping_status":"open","sticky":false,"template":"","format":"standard","meta":{"_jetpack_memberships_contains_paid_content":false,"footnotes":"","jetpack_publicize_message":"","jetpack_publicize_feature_enabled":true,"jetpack_social_post_already_shared":true,"jetpack_social_options":{"image_generator_settings":{"template":"highway","default_image_id":0,"font":"","enabled":false},"version":2}},"categories":[30,24],"tags":[1144],"class_list":{"0":"post-4976","1":"post","2":"type-post","3":"status-publish","4":"format-standard","5":"has-post-thumbnail","7":"category-faits-divers","8":"category-news","9":"tag-denonciation"},"jetpack_publicize_connections":[],"jetpack_featured_media_url":"https:\/\/ledenonciateur224.com\/wp-content\/uploads\/2025\/09\/img-20250909-wa0143.jpg","jetpack_sharing_enabled":true,"_links":{"self":[{"href":"https:\/\/ledenonciateur224.com\/index.php\/wp-json\/wp\/v2\/posts\/4976","targetHints":{"allow":["GET"]}}],"collection":[{"href":"https:\/\/ledenonciateur224.com\/index.php\/wp-json\/wp\/v2\/posts"}],"about":[{"href":"https:\/\/ledenonciateur224.com\/index.php\/wp-json\/wp\/v2\/types\/post"}],"author":[{"embeddable":true,"href":"https:\/\/ledenonciateur224.com\/index.php\/wp-json\/wp\/v2\/users\/2"}],"replies":[{"embeddable":true,"href":"https:\/\/ledenonciateur224.com\/index.php\/wp-json\/wp\/v2\/comments?post=4976"}],"version-history":[{"count":0,"href":"https:\/\/ledenonciateur224.com\/index.php\/wp-json\/wp\/v2\/posts\/4976\/revisions"}],"wp:featuredmedia":[{"embeddable":true,"href":"https:\/\/ledenonciateur224.com\/index.php\/wp-json\/wp\/v2\/media\/4977"}],"wp:attachment":[{"href":"https:\/\/ledenonciateur224.com\/index.php\/wp-json\/wp\/v2\/media?parent=4976"}],"wp:term":[{"taxonomy":"category","embeddable":true,"href":"https:\/\/ledenonciateur224.com\/index.php\/wp-json\/wp\/v2\/categories?post=4976"},{"taxonomy":"post_tag","embeddable":true,"href":"https:\/\/ledenonciateur224.com\/index.php\/wp-json\/wp\/v2\/tags?post=4976"}],"curies":[{"name":"wp","href":"https:\/\/api.w.org\/{rel}","templated":true}]}}