{"id":4996,"date":"2025-09-11T11:30:59","date_gmt":"2025-09-11T11:30:59","guid":{"rendered":"https:\/\/ledenonciateur224.com\/?p=4996"},"modified":"2025-09-11T11:30:59","modified_gmt":"2025-09-11T11:30:59","slug":"remerciements-du-tout-nouveau-responsable-de-communication-du-matd","status":"publish","type":"post","link":"https:\/\/ledenonciateur224.com\/index.php\/remerciements-du-tout-nouveau-responsable-de-communication-du-matd\/","title":{"rendered":"Remerciements du tout nouveau responsable de communication du MATD\u00a0"},"content":{"rendered":"<div dir=\"auto\">Gloire \u00e0 Allah le Tout Mis\u00e9ricordieux, l&rsquo;Omniscient, l&rsquo;Omnipotent qui m&rsquo;a permis de garder la foi sans vaciller malgr\u00e9 les \u00e9preuves travers\u00e9es ces derniers mois. Merci au Cr\u00e9ateur de m&rsquo;avoir gard\u00e9 \u00e9galement en vie, dans la sant\u00e9 avec la chaleur familiale.<\/div>\n<div dir=\"auto\"><\/div>\n<div dir=\"auto\">Le 03 septembre 2025, j&rsquo;ai b\u00e9n\u00e9fici\u00e9 de la confiance de monsieur le Ministre de l\u2019Administration du Territoire et de la D\u00e9centralisation (MATD) me nommant Chef de Service Communication et des Relations Publiques. Depuis l&rsquo;annonce de cette nouvelle, parents, amis, anciens coll\u00e8gues, collaborateurs n&rsquo;ont cess\u00e9 de m&rsquo;exprimer leurs vives f\u00e9licitations mais aussi de formuler des pri\u00e8res et b\u00e9n\u00e9dictions pour la r\u00e9ussite de ma noble mission.<\/div>\n<div dir=\"auto\"><img loading=\"lazy\" decoding=\"async\" class=\"alignnone size-full wp-image-4997\" src=\"https:\/\/ledenonciateur224.com\/wp-content\/uploads\/2025\/09\/fb-img-1757589774117.jpg\" alt=\"\" width=\"1398\" height=\"2097\" srcset=\"https:\/\/ledenonciateur224.com\/wp-content\/uploads\/2025\/09\/fb-img-1757589774117.jpg 1398w, https:\/\/ledenonciateur224.com\/wp-content\/uploads\/2025\/09\/fb-img-1757589774117-200x300.jpg 200w, https:\/\/ledenonciateur224.com\/wp-content\/uploads\/2025\/09\/fb-img-1757589774117-683x1024.jpg 683w, https:\/\/ledenonciateur224.com\/wp-content\/uploads\/2025\/09\/fb-img-1757589774117-768x1152.jpg 768w, https:\/\/ledenonciateur224.com\/wp-content\/uploads\/2025\/09\/fb-img-1757589774117-1024x1536.jpg 1024w, https:\/\/ledenonciateur224.com\/wp-content\/uploads\/2025\/09\/fb-img-1757589774117-1365x2048.jpg 1365w, https:\/\/ledenonciateur224.com\/wp-content\/uploads\/2025\/09\/fb-img-1757589774117-150x225.jpg 150w, https:\/\/ledenonciateur224.com\/wp-content\/uploads\/2025\/09\/fb-img-1757589774117-300x450.jpg 300w, https:\/\/ledenonciateur224.com\/wp-content\/uploads\/2025\/09\/fb-img-1757589774117-696x1044.jpg 696w, https:\/\/ledenonciateur224.com\/wp-content\/uploads\/2025\/09\/fb-img-1757589774117-1068x1602.jpg 1068w, https:\/\/ledenonciateur224.com\/wp-content\/uploads\/2025\/09\/fb-img-1757589774117-280x420.jpg 280w\" sizes=\"auto, (max-width: 1398px) 100vw, 1398px\" \/><\/div>\n<div dir=\"auto\">Vos messages, appels, vocaux m&rsquo;ont profond\u00e9ment touch\u00e9. Je vous en remercie pour l&rsquo;estime que vous me portez au quotidien.<\/div>\n<div dir=\"auto\">Mes tr\u00e8s chers(es), je mesure la responsabilit\u00e9 qui m&rsquo;incombe d\u00e9sormais, celle de pr\u00e9server, donner de la visibilit\u00e9, soigner l&rsquo;image d&rsquo;un Minist\u00e8re non des moindres qui est le MATD.<\/div>\n<div dir=\"auto\">J&rsquo;aurai toujours cette oreille attentive pour vos conseils, orientations pour que l&rsquo;objectif soit atteint.<\/div>\n<div dir=\"auto\"><\/div>\n<div dir=\"auto\">En m&rsquo;installant dans mes fonctions ce mercredi 10 septembre 2025, je rends hommage \u00e0 mes parents pour l&rsquo;\u00e9ducation. \u00c0 mon d\u00e9funt p\u00e8re Mamadi Kouroussa. J&rsquo;aurais souhait\u00e9 qu&rsquo;il soit aujourd&rsquo;hui \u00e0 mes c\u00f4t\u00e9s.Mais h\u00e9las ! Que ton \u00e2me repose en paix Papa.<\/div>\n<div dir=\"auto\"><\/div>\n<div dir=\"auto\">A cette heureuse occasion qu&rsquo;il me soit permis d&rsquo;exprimer mes chaleureux remerciements au Pr\u00e9sident de la R\u00e9publique,\u00a0 Chef de l&rsquo;Etat Son Excellence le G\u00e9n\u00e9ral Mamadi pour la promotion des jeunes \u00e0 occuper des postes de responsabilit\u00e9s au sein de l&rsquo;administration publique.<\/div>\n<div dir=\"auto\"><\/div>\n<div dir=\"auto\"><img loading=\"lazy\" decoding=\"async\" class=\"alignnone size-full wp-image-4998\" src=\"https:\/\/ledenonciateur224.com\/wp-content\/uploads\/2025\/09\/fb-img-1757589798420.jpg\" alt=\"\" width=\"1398\" height=\"2097\" srcset=\"https:\/\/ledenonciateur224.com\/wp-content\/uploads\/2025\/09\/fb-img-1757589798420.jpg 1398w, https:\/\/ledenonciateur224.com\/wp-content\/uploads\/2025\/09\/fb-img-1757589798420-200x300.jpg 200w, https:\/\/ledenonciateur224.com\/wp-content\/uploads\/2025\/09\/fb-img-1757589798420-683x1024.jpg 683w, https:\/\/ledenonciateur224.com\/wp-content\/uploads\/2025\/09\/fb-img-1757589798420-768x1152.jpg 768w, https:\/\/ledenonciateur224.com\/wp-content\/uploads\/2025\/09\/fb-img-1757589798420-1024x1536.jpg 1024w, https:\/\/ledenonciateur224.com\/wp-content\/uploads\/2025\/09\/fb-img-1757589798420-1365x2048.jpg 1365w, https:\/\/ledenonciateur224.com\/wp-content\/uploads\/2025\/09\/fb-img-1757589798420-150x225.jpg 150w, https:\/\/ledenonciateur224.com\/wp-content\/uploads\/2025\/09\/fb-img-1757589798420-300x450.jpg 300w, https:\/\/ledenonciateur224.com\/wp-content\/uploads\/2025\/09\/fb-img-1757589798420-696x1044.jpg 696w, https:\/\/ledenonciateur224.com\/wp-content\/uploads\/2025\/09\/fb-img-1757589798420-1068x1602.jpg 1068w, https:\/\/ledenonciateur224.com\/wp-content\/uploads\/2025\/09\/fb-img-1757589798420-280x420.jpg 280w\" sizes=\"auto, (max-width: 1398px) 100vw, 1398px\" \/><\/div>\n<div dir=\"auto\">\u00c0 monsieur le Ministre Ibrahima Kalil Cond\u00e9 pour la confiance plac\u00e9e en ma personne.<\/div>\n<div dir=\"auto\">\u00c0 tous nos cadres qui ne cessent d&rsquo;appuyer les jeunes \u00e0 progresser, infiniment merci \u00e0 vous. Clin d&rsquo;\u0153il \u00e0 madame Camara, mon \u00e9pouse ch\u00e9rie Mamata Sanguiana Camara , pour ta bravoure, tes pri\u00e8res, b\u00e9n\u00e9dictions et ton soutien ind\u00e9fectible \u00e0 surmonter tous les obstacles qui minent le chemin.<\/div>\n<div dir=\"auto\"><\/div>\n<div dir=\"auto\"><img loading=\"lazy\" decoding=\"async\" class=\"alignnone size-full wp-image-4999\" src=\"https:\/\/ledenonciateur224.com\/wp-content\/uploads\/2025\/09\/fb-img-1757589790345-scaled.jpg\" alt=\"\" width=\"1195\" height=\"2560\" srcset=\"https:\/\/ledenonciateur224.com\/wp-content\/uploads\/2025\/09\/fb-img-1757589790345-scaled.jpg 1195w, https:\/\/ledenonciateur224.com\/wp-content\/uploads\/2025\/09\/fb-img-1757589790345-140x300.jpg 140w, https:\/\/ledenonciateur224.com\/wp-content\/uploads\/2025\/09\/fb-img-1757589790345-478x1024.jpg 478w, https:\/\/ledenonciateur224.com\/wp-content\/uploads\/2025\/09\/fb-img-1757589790345-768x1645.jpg 768w, https:\/\/ledenonciateur224.com\/wp-content\/uploads\/2025\/09\/fb-img-1757589790345-717x1536.jpg 717w, https:\/\/ledenonciateur224.com\/wp-content\/uploads\/2025\/09\/fb-img-1757589790345-956x2048.jpg 956w, https:\/\/ledenonciateur224.com\/wp-content\/uploads\/2025\/09\/fb-img-1757589790345-150x321.jpg 150w, https:\/\/ledenonciateur224.com\/wp-content\/uploads\/2025\/09\/fb-img-1757589790345-300x642.jpg 300w, https:\/\/ledenonciateur224.com\/wp-content\/uploads\/2025\/09\/fb-img-1757589790345-696x1491.jpg 696w, https:\/\/ledenonciateur224.com\/wp-content\/uploads\/2025\/09\/fb-img-1757589790345-1068x2287.jpg 1068w, https:\/\/ledenonciateur224.com\/wp-content\/uploads\/2025\/09\/fb-img-1757589790345-196x420.jpg 196w\" sizes=\"auto, (max-width: 1195px) 100vw, 1195px\" \/><\/div>\n<div dir=\"auto\">Qu&rsquo;Allah b\u00e9nisse la Guin\u00e9e et les Guin\u00e9ens.<\/div>\n<div dir=\"auto\"><\/div>\n<div dir=\"auto\">Malick CAMARA<\/div>\n<div dir=\"auto\">Chef Service Communication et des Relations Publiques au MATD<\/div>\n","protected":false},"excerpt":{"rendered":"<p>Gloire \u00e0 Allah le Tout Mis\u00e9ricordieux, l&rsquo;Omniscient, l&rsquo;Omnipotent qui m&rsquo;a permis de garder la foi sans vaciller malgr\u00e9 les \u00e9preuves travers\u00e9es ces derniers mois. Merci au Cr\u00e9ateur de m&rsquo;avoir gard\u00e9 \u00e9galement en vie, dans la sant\u00e9 avec la chaleur familiale. Le 03 septembre 2025, j&rsquo;ai b\u00e9n\u00e9fici\u00e9 de la confiance de monsieur le Ministre de l\u2019Administration [&hellip;]<\/p>\n","protected":false},"author":2,"featured_media":4999,"comment_status":"open","ping_status":"open","sticky":false,"template":"","format":"standard","meta":{"_jetpack_memberships_contains_paid_content":false,"footnotes":"","jetpack_publicize_message":"","jetpack_publicize_feature_enabled":true,"jetpack_social_post_already_shared":true,"jetpack_social_options":{"image_generator_settings":{"template":"highway","default_image_id":0,"font":"","enabled":false},"version":2}},"categories":[24,27],"tags":[924],"class_list":{"0":"post-4996","1":"post","2":"type-post","3":"status-publish","4":"format-standard","5":"has-post-thumbnail","7":"category-news","8":"category-politique","9":"tag-matd-guinee"},"jetpack_publicize_connections":[],"jetpack_featured_media_url":"https:\/\/ledenonciateur224.com\/wp-content\/uploads\/2025\/09\/fb-img-1757589790345-scaled.jpg","jetpack_sharing_enabled":true,"_links":{"self":[{"href":"https:\/\/ledenonciateur224.com\/index.php\/wp-json\/wp\/v2\/posts\/4996","targetHints":{"allow":["GET"]}}],"collection":[{"href":"https:\/\/ledenonciateur224.com\/index.php\/wp-json\/wp\/v2\/posts"}],"about":[{"href":"https:\/\/ledenonciateur224.com\/index.php\/wp-json\/wp\/v2\/types\/post"}],"author":[{"embeddable":true,"href":"https:\/\/ledenonciateur224.com\/index.php\/wp-json\/wp\/v2\/users\/2"}],"replies":[{"embeddable":true,"href":"https:\/\/ledenonciateur224.com\/index.php\/wp-json\/wp\/v2\/comments?post=4996"}],"version-history":[{"count":0,"href":"https:\/\/ledenonciateur224.com\/index.php\/wp-json\/wp\/v2\/posts\/4996\/revisions"}],"wp:featuredmedia":[{"embeddable":true,"href":"https:\/\/ledenonciateur224.com\/index.php\/wp-json\/wp\/v2\/media\/4999"}],"wp:attachment":[{"href":"https:\/\/ledenonciateur224.com\/index.php\/wp-json\/wp\/v2\/media?parent=4996"}],"wp:term":[{"taxonomy":"category","embeddable":true,"href":"https:\/\/ledenonciateur224.com\/index.php\/wp-json\/wp\/v2\/categories?post=4996"},{"taxonomy":"post_tag","embeddable":true,"href":"https:\/\/ledenonciateur224.com\/index.php\/wp-json\/wp\/v2\/tags?post=4996"}],"curies":[{"name":"wp","href":"https:\/\/api.w.org\/{rel}","templated":true}]}}