{"id":5001,"date":"2025-09-11T16:38:45","date_gmt":"2025-09-11T16:38:45","guid":{"rendered":"https:\/\/ledenonciateur224.com\/?p=5001"},"modified":"2025-09-11T16:38:45","modified_gmt":"2025-09-11T16:38:45","slug":"kankan-vives-tensions-entre-les-journalistes-et-certains-communicateurs-du-cnrd","status":"publish","type":"post","link":"https:\/\/ledenonciateur224.com\/index.php\/kankan-vives-tensions-entre-les-journalistes-et-certains-communicateurs-du-cnrd\/","title":{"rendered":"Kankan : Vives tensions entre les journalistes et certains communicateurs du CNRD"},"content":{"rendered":"<div dir=\"auto\">L&rsquo;Association des journalistes intensifie ses d\u00e9marches en engageant une action judiciaire contre trois jeunes se pr\u00e9sentant comme des communicateurs du CNRD. Cette affaire suscite de vives r\u00e9actions au sein de la communaut\u00e9 journalistique de la r\u00e9gion administrative, suscitant des tensions entre les journalistes et certains communicateurs. Les faits remontent \u00e0 quelques jours apr\u00e8s le lancement officiel de la campagne, lorsque ces jeunes ont critiqu\u00e9 l&rsquo;ensemble de la profession, \u00e9voquant des all\u00e9gations selon lesquelles certains journalistes auraient accept\u00e9 des paiements de la part des communicateurs. C&rsquo;est une mani\u00e8re pour certains communicateurs de discr\u00e9diter les professionnels des m\u00e9dias. \u00c9coutons les pr\u00e9cisions de Famo Cond\u00e9, pr\u00e9sident des journalistes de la r\u00e9gion.<\/div>\n<div dir=\"auto\"><\/div>\n<div dir=\"auto\">&lt;&lt;Ce matin, nous nous sommes rendus aupr\u00e8s de Monsieur le Procureur pour d\u00e9poser une plainte contre trois jeunes de Kankan se disant communicateurs. Ces derniers ont r\u00e9cemment prof\u00e9r\u00e9 des insultes \u00e0 l&rsquo;encontre de la presse locale, diffamant l&rsquo;ensemble des journalistes de la r\u00e9gion. Nous avons jug\u00e9 qu&rsquo;il \u00e9tait n\u00e9cessaire d&rsquo;agir de mani\u00e8re appropri\u00e9e, car ces jeunes portent des accusations sans fondement \u00e0 l&rsquo;encontre de l&rsquo;ensemble des journalistes. Lors de notre entretien avec Billy Kaba, Secr\u00e9taire G\u00e9n\u00e9ral du Minist\u00e8re de la Jeunesse, il a \u00e9t\u00e9 pr\u00e9cis\u00e9 qu&rsquo;aucun d\u00e9blocage de fonds n&rsquo;avait eu lieu.\u00a0 Nous avons sollicit\u00e9 son ( communiquant) intervention, car nous avons dit vous poss\u00e9dez toutes les informations concernant les contenus diffus\u00e9s sur les r\u00e9seaux sociaux afin de d\u00e9mentir vos propos. Malheureusement, cela n&rsquo;a pas \u00e9t\u00e9 fait, ce qui nous am\u00e8ne \u00e0 conclure qu&rsquo;aucun regret n&rsquo;est exprim\u00e9 quant \u00e0 cet acte. En tant que syndicats, nous avons d\u00e9cid\u00e9 de nous adresser au parquet pour d\u00e9poser une plainte. &gt;&gt;\u00a0 A conclut le pr\u00e9sident des journalistes.<\/div>\n<div dir=\"auto\"><\/div>\n<div dir=\"auto\">La tension persiste entre les repr\u00e9sentants des m\u00e9dias et ces trois jeunes, qui portent leur attention sur le procureur Marouane Bald\u00e9, reconnu pour sa d\u00e9termination \u00e0 garantir un traitement \u00e9quitable des affaires, tout en respectant les proc\u00e9dures \u00e9tablies par le code p\u00e9nal guin\u00e9en.<\/div>\n<div dir=\"auto\"><\/div>\n<div dir=\"auto\"><\/div>\n<div dir=\"auto\">Mamoudou Aim\u00e9 C\u00e9saire cond\u00e9<\/div>\n","protected":false},"excerpt":{"rendered":"<p>L&rsquo;Association des journalistes intensifie ses d\u00e9marches en engageant une action judiciaire contre trois jeunes se pr\u00e9sentant comme des communicateurs du CNRD. Cette affaire suscite de vives r\u00e9actions au sein de la communaut\u00e9 journalistique de la r\u00e9gion administrative, suscitant des tensions entre les journalistes et certains communicateurs. Les faits remontent \u00e0 quelques jours apr\u00e8s le lancement [&hellip;]<\/p>\n","protected":false},"author":2,"featured_media":5002,"comment_status":"open","ping_status":"open","sticky":false,"template":"","format":"standard","meta":{"_jetpack_memberships_contains_paid_content":false,"footnotes":"","jetpack_publicize_message":"","jetpack_publicize_feature_enabled":true,"jetpack_social_post_already_shared":true,"jetpack_social_options":{"image_generator_settings":{"template":"highway","default_image_id":0,"font":"","enabled":false},"version":2}},"categories":[30,24,33],"tags":[738],"class_list":{"0":"post-5001","1":"post","2":"type-post","3":"status-publish","4":"format-standard","5":"has-post-thumbnail","7":"category-faits-divers","8":"category-news","9":"category-region","10":"tag-medias-guinee"},"jetpack_publicize_connections":[],"jetpack_featured_media_url":"https:\/\/ledenonciateur224.com\/wp-content\/uploads\/2025\/09\/img-20250911-wa0135.jpg","jetpack_sharing_enabled":true,"_links":{"self":[{"href":"https:\/\/ledenonciateur224.com\/index.php\/wp-json\/wp\/v2\/posts\/5001","targetHints":{"allow":["GET"]}}],"collection":[{"href":"https:\/\/ledenonciateur224.com\/index.php\/wp-json\/wp\/v2\/posts"}],"about":[{"href":"https:\/\/ledenonciateur224.com\/index.php\/wp-json\/wp\/v2\/types\/post"}],"author":[{"embeddable":true,"href":"https:\/\/ledenonciateur224.com\/index.php\/wp-json\/wp\/v2\/users\/2"}],"replies":[{"embeddable":true,"href":"https:\/\/ledenonciateur224.com\/index.php\/wp-json\/wp\/v2\/comments?post=5001"}],"version-history":[{"count":0,"href":"https:\/\/ledenonciateur224.com\/index.php\/wp-json\/wp\/v2\/posts\/5001\/revisions"}],"wp:featuredmedia":[{"embeddable":true,"href":"https:\/\/ledenonciateur224.com\/index.php\/wp-json\/wp\/v2\/media\/5002"}],"wp:attachment":[{"href":"https:\/\/ledenonciateur224.com\/index.php\/wp-json\/wp\/v2\/media?parent=5001"}],"wp:term":[{"taxonomy":"category","embeddable":true,"href":"https:\/\/ledenonciateur224.com\/index.php\/wp-json\/wp\/v2\/categories?post=5001"},{"taxonomy":"post_tag","embeddable":true,"href":"https:\/\/ledenonciateur224.com\/index.php\/wp-json\/wp\/v2\/tags?post=5001"}],"curies":[{"name":"wp","href":"https:\/\/api.w.org\/{rel}","templated":true}]}}