{"id":5007,"date":"2025-09-11T20:44:59","date_gmt":"2025-09-11T20:44:59","guid":{"rendered":"https:\/\/ledenonciateur224.com\/?p=5007"},"modified":"2025-09-11T20:44:59","modified_gmt":"2025-09-11T20:44:59","slug":"referendum-du-21-septembre-le-dga-de-logp-appelle-la-prise-de-conscience-des-guineens","status":"publish","type":"post","link":"https:\/\/ledenonciateur224.com\/index.php\/referendum-du-21-septembre-le-dga-de-logp-appelle-la-prise-de-conscience-des-guineens\/","title":{"rendered":"R\u00e9f\u00e9rendum du 21 septembre : le DGA de l\u2019OGP appelle la prise de conscience des guin\u00e9ens\u00a0"},"content":{"rendered":"<div dir=\"auto\">\n<div dir=\"auto\"><\/div>\n<div dir=\"auto\">Lors de la pr\u00e9sentation des acquis du CNRD ce jeudi 11 septembre 2025 \u00e0 Conakry, le Directeur G\u00e9n\u00e9ral Adjoint de l\u2019Office Guin\u00e9en de Publicit\u00e9, Jean-Marie Koumbassa a r\u00e9affirm\u00e9 son engagement et son soutien ind\u00e9fectible au G\u00e9n\u00e9ral Mamadi Doumbouya.<\/div>\n<div dir=\"auto\"><\/div>\n<div dir=\"auto\">L&rsquo;\u00e9v\u00e9nement a \u00e9t\u00e9 organis\u00e9<\/div>\n<div dir=\"auto\">par le Collectif des Journalistes pour la R\u00e9ussite de la Refondation.<\/div>\n<div dir=\"auto\"><\/div>\n<div dir=\"auto\">Jean-Marie Koumbassa, alias \u00ab Jannot Koumbassa\u2019\u2019, un \u00e9l\u00e9ment central dans la promotion du OUI au r\u00e9f\u00e9rendum du 21 septembre, a tenu d&rsquo;abord \u00e0 rappeler la prise de conscience des guin\u00e9ens<\/div>\n<div dir=\"auto\"><\/div>\n<div dir=\"auto\">\u00a0\u00bb Notre pays a eu son ind\u00e9pendance, il y a 67 ans, mais nous vivons une vie t\u00e9n\u00e9breuse. Mais, cela ne veut pas dire que,\u00a0 la Guin\u00e9e n\u2019a pas d\u2019intellectuels, il faut juste appeler l\u2019attention des guin\u00e9ens, nous avons besoin d\u2019une prise de conscience, ce qui ressuscite la refondation, qui invite tout les guin\u00e9ens \u00e0 faire une prise de conscience, savoir que ce pays a \u00e9t\u00e9 mal g\u00e9r\u00e9,\u00a0 sinon avec la richesse que regorge la Guin\u00e9e,\u00a0 nous ne devons pas pleurer, \u00e0\u00a0 \u00eatre divis\u00e9, aller \u00e0 la m\u00e9diterran\u00e9e, on ne devait pas vivre sans sant\u00e9, sans l\u2019\u00e9ducation. Les cadres de l\u2019occident ont fait une prise de conscience, ils sont venus chez nous pour nous surexploiter. Quel est le sens d\u2019\u00eatre intellectuel en Afrique, en Guin\u00e9e, avoir tout cela et vivre mis\u00e9rablement?\u00a0 C\u2019est pourquoi, on interpelle tout les guin\u00e9ens,\u00a0 pour leur faire savoir qu\u2019on a besoin d\u2019une refondation de la conscience, d\u2019une conscience professionnelle, un engagement de chacun afin qu\u2019on se responsabilise pour donner aux guin\u00e9ens, ce qu\u2019ils m\u00e9ritent \u00bb, a fait savoir le Directeur G\u00e9n\u00e9ral Adjoint de l\u2019OGP.<\/div>\n<div dir=\"auto\"><\/div>\n<div dir=\"auto\">Plus loin,\u00a0 Mr Jean-Marie Koumbassa a soulign\u00e9 l&rsquo;importance du scrutin r\u00e9f\u00e9rendaire \u00e0 venir<\/div>\n<div dir=\"auto\"><img loading=\"lazy\" decoding=\"async\" class=\"alignnone size-full wp-image-5009\" src=\"https:\/\/ledenonciateur224.com\/wp-content\/uploads\/2025\/09\/20250911-135659-4-933x420-1.jpg\" alt=\"\" width=\"933\" height=\"420\" srcset=\"https:\/\/ledenonciateur224.com\/wp-content\/uploads\/2025\/09\/20250911-135659-4-933x420-1.jpg 933w, https:\/\/ledenonciateur224.com\/wp-content\/uploads\/2025\/09\/20250911-135659-4-933x420-1-300x135.jpg 300w, https:\/\/ledenonciateur224.com\/wp-content\/uploads\/2025\/09\/20250911-135659-4-933x420-1-768x346.jpg 768w, https:\/\/ledenonciateur224.com\/wp-content\/uploads\/2025\/09\/20250911-135659-4-933x420-1-150x68.jpg 150w, https:\/\/ledenonciateur224.com\/wp-content\/uploads\/2025\/09\/20250911-135659-4-933x420-1-696x313.jpg 696w\" sizes=\"auto, (max-width: 933px) 100vw, 933px\" \/><\/div>\n<div dir=\"auto\"><\/div>\n<div dir=\"auto\">\u00a0\u00bb Ce r\u00e9f\u00e9rendum que nous sommes en train d\u2019engager aujourd\u2019hui, parle de chacun de nous. J\u2019ai dit \u00e7a dans un colloque que, quand vous avez 40 ans, il faut se battre pour toi,\u00a0 chacun doit se battre pour soi-m\u00eame et ce r\u00e9f\u00e9rendum, c\u2019est pour toi-m\u00eame, ce n\u2019est pas pour un autre, ne vous battez pas sur les r\u00e9seaux sociaux pour les gens, qui se sont lanc\u00e9 dans la politique, ils se sont battu pour eux m\u00eame, en prenant de fausses promesses au peuple, des discours demagogiques, qui ont divis\u00e9 la population, les r\u00e9gions, qui ont apeur\u00e9 les ethnies contre les ethnies. Aujourd\u2019hui, il ya un Pr\u00e9sident de la R\u00e9publique qui a le c\u0153ur ouvert, quand il est venu au pouvoir,\u00a0 il a demand\u00e9 les concertations \u00e0 tout les guin\u00e9ens. Certains vont dire qu\u2019il avait dit aux guin\u00e9ens qu\u2019il ne va\u00a0 pas se pr\u00e9senter mais, ce n\u2019est pas le g\u00e9n\u00e9ral Mamadi Doumbouya qui va demander de se pr\u00e9senter mais plut\u00f4t, \u00e0\u00a0 travers ses acquis, ses preuves,\u00a0 nous motivons les guin\u00e9ens pour dire au Pr\u00e9sident de la R\u00e9publique, le g\u00e9n\u00e9ral Mamadi Doumbouya que nous voulons qu\u2019il soit candidat aux \u00e9lections pr\u00e9sidentielles \u00bb, a-t-il d\u00e9clar\u00e9 devant la presse<\/div>\n<div dir=\"auto\"><\/div>\n<div dir=\"auto\">AMC<\/div>\n<div dir=\"auto\"><\/div>\n<div dir=\"auto\">611703984<\/div>\n<\/div>\n<div dir=\"auto\"><\/div>\n","protected":false},"excerpt":{"rendered":"<p>Lors de la pr\u00e9sentation des acquis du CNRD ce jeudi 11 septembre 2025 \u00e0 Conakry, le Directeur G\u00e9n\u00e9ral Adjoint de l\u2019Office Guin\u00e9en de Publicit\u00e9, Jean-Marie Koumbassa a r\u00e9affirm\u00e9 son engagement et son soutien ind\u00e9fectible au G\u00e9n\u00e9ral Mamadi Doumbouya. L&rsquo;\u00e9v\u00e9nement a \u00e9t\u00e9 organis\u00e9 par le Collectif des Journalistes pour la R\u00e9ussite de la Refondation. Jean-Marie Koumbassa, [&hellip;]<\/p>\n","protected":false},"author":2,"featured_media":5008,"comment_status":"open","ping_status":"open","sticky":false,"template":"","format":"standard","meta":{"_jetpack_memberships_contains_paid_content":false,"footnotes":"","jetpack_publicize_message":"","jetpack_publicize_feature_enabled":true,"jetpack_social_post_already_shared":true,"jetpack_social_options":{"image_generator_settings":{"template":"highway","default_image_id":0,"font":"","enabled":false},"version":2}},"categories":[24,27],"tags":[586],"class_list":{"0":"post-5007","1":"post","2":"type-post","3":"status-publish","4":"format-standard","5":"has-post-thumbnail","7":"category-news","8":"category-politique","9":"tag-referendum"},"jetpack_publicize_connections":[],"jetpack_featured_media_url":"https:\/\/ledenonciateur224.com\/wp-content\/uploads\/2025\/09\/img-20250911-wa0138.jpg","jetpack_sharing_enabled":true,"_links":{"self":[{"href":"https:\/\/ledenonciateur224.com\/index.php\/wp-json\/wp\/v2\/posts\/5007","targetHints":{"allow":["GET"]}}],"collection":[{"href":"https:\/\/ledenonciateur224.com\/index.php\/wp-json\/wp\/v2\/posts"}],"about":[{"href":"https:\/\/ledenonciateur224.com\/index.php\/wp-json\/wp\/v2\/types\/post"}],"author":[{"embeddable":true,"href":"https:\/\/ledenonciateur224.com\/index.php\/wp-json\/wp\/v2\/users\/2"}],"replies":[{"embeddable":true,"href":"https:\/\/ledenonciateur224.com\/index.php\/wp-json\/wp\/v2\/comments?post=5007"}],"version-history":[{"count":0,"href":"https:\/\/ledenonciateur224.com\/index.php\/wp-json\/wp\/v2\/posts\/5007\/revisions"}],"wp:featuredmedia":[{"embeddable":true,"href":"https:\/\/ledenonciateur224.com\/index.php\/wp-json\/wp\/v2\/media\/5008"}],"wp:attachment":[{"href":"https:\/\/ledenonciateur224.com\/index.php\/wp-json\/wp\/v2\/media?parent=5007"}],"wp:term":[{"taxonomy":"category","embeddable":true,"href":"https:\/\/ledenonciateur224.com\/index.php\/wp-json\/wp\/v2\/categories?post=5007"},{"taxonomy":"post_tag","embeddable":true,"href":"https:\/\/ledenonciateur224.com\/index.php\/wp-json\/wp\/v2\/tags?post=5007"}],"curies":[{"name":"wp","href":"https:\/\/api.w.org\/{rel}","templated":true}]}}