{"id":5041,"date":"2025-09-12T17:37:36","date_gmt":"2025-09-12T17:37:36","guid":{"rendered":"https:\/\/ledenonciateur224.com\/?p=5041"},"modified":"2025-09-12T17:37:36","modified_gmt":"2025-09-12T17:37:36","slug":"le-president-de-la-delegation-speciale-de-kankan-interdit-tout-rassemblement","status":"publish","type":"post","link":"https:\/\/ledenonciateur224.com\/index.php\/le-president-de-la-delegation-speciale-de-kankan-interdit-tout-rassemblement\/","title":{"rendered":"Le pr\u00e9sident de la d\u00e9l\u00e9gation sp\u00e9ciale de Kankan interdit tout rassemblement"},"content":{"rendered":"<p>&nbsp;<\/p>\n<p>Dans un communiqu\u00e9 dat\u00e9 du 11 septembre 2025, le pr\u00e9sident de la d\u00e9l\u00e9gation sp\u00e9ciale de Kankan a re\u00e7u l&rsquo;instruction de Djiba Diakit\u00e9, ministre directeur de cabinet \u00e0 la pr\u00e9sidence de la R\u00e9publique de Guin\u00e9e, de proc\u00e9der \u00e0 l&rsquo;interdiction formelle des mouvements de rassemblement au sein de la commune urbaine, et ce, sans fournir d&rsquo;explications claires.<\/p>\n<p>La d\u00e9cision rendue publique par le maire de la commune de Kankan a engendr\u00e9 un flou notable et soul\u00e8ve des interrogations quant \u00e0 l&rsquo;atmosph\u00e8re entourant le lancement officiel de la campagne r\u00e9f\u00e9rendaire dans la r\u00e9gion de Nabaya. Selon des sources concordantes, cet \u00e9v\u00e9nement n&rsquo;a pas suscit\u00e9 l&rsquo;enthousiasme escompt\u00e9, contrairement \u00e0 ce qu&rsquo;affirmaient certaines autorit\u00e9s.D&rsquo;autres groupes ont choisi de boycotter l&rsquo;\u00e9v\u00e9nement, estimant ne pas \u00eatre concern\u00e9s par celui-ci. Par ailleurs, une autre source met en cause les diverses commissions, plac\u00e9es sous la direction du secr\u00e9taire g\u00e9n\u00e9ral du minist\u00e8re de la Jeunesse.<\/p>\n<p>\u00c0 ce jour, toutes nos tentatives pour entrer en contact avec le maire de la commune urbaine de Kankan n&rsquo;ont pas abouti. Selon une source autoris\u00e9e, une d\u00e9cision d&rsquo;annulation serait annonc\u00e9e dans un avenir proche. Il est \u00e9galement indiqu\u00e9 que des r\u00e9unions sont actuellement en cours au moment o\u00f9 nous publions cette d\u00e9p\u00eache.<\/p>\n<p>Nous vous tiendrons inform\u00e9s des d\u00e9veloppements.<\/p>\n<p>&nbsp;<\/p>\n<p>Mamoudou Aim\u00e9 C\u00e9saire Cond\u00e9<\/p>\n","protected":false},"excerpt":{"rendered":"<p>&nbsp; Dans un communiqu\u00e9 dat\u00e9 du 11 septembre 2025, le pr\u00e9sident de la d\u00e9l\u00e9gation sp\u00e9ciale de Kankan a re\u00e7u l&rsquo;instruction de Djiba Diakit\u00e9, ministre directeur de cabinet \u00e0 la pr\u00e9sidence de la R\u00e9publique de Guin\u00e9e, de proc\u00e9der \u00e0 l&rsquo;interdiction formelle des mouvements de rassemblement au sein de la commune urbaine, et ce, sans fournir d&rsquo;explications [&hellip;]<\/p>\n","protected":false},"author":2,"featured_media":5042,"comment_status":"open","ping_status":"open","sticky":false,"template":"","format":"standard","meta":{"_jetpack_memberships_contains_paid_content":false,"footnotes":"","jetpack_publicize_message":"","jetpack_publicize_feature_enabled":true,"jetpack_social_post_already_shared":true,"jetpack_social_options":{"image_generator_settings":{"template":"highway","default_image_id":0,"font":"","enabled":false},"version":2}},"categories":[30,24],"tags":[1148,294,1149],"class_list":{"0":"post-5041","1":"post","2":"type-post","3":"status-publish","4":"format-standard","5":"has-post-thumbnail","7":"category-faits-divers","8":"category-news","9":"tag-interdiction","10":"tag-kankan","11":"tag-rassemblement"},"jetpack_publicize_connections":[],"jetpack_featured_media_url":"https:\/\/ledenonciateur224.com\/wp-content\/uploads\/2025\/09\/kankan-vue-drone-1024x767-1.jpg","jetpack_sharing_enabled":true,"_links":{"self":[{"href":"https:\/\/ledenonciateur224.com\/index.php\/wp-json\/wp\/v2\/posts\/5041","targetHints":{"allow":["GET"]}}],"collection":[{"href":"https:\/\/ledenonciateur224.com\/index.php\/wp-json\/wp\/v2\/posts"}],"about":[{"href":"https:\/\/ledenonciateur224.com\/index.php\/wp-json\/wp\/v2\/types\/post"}],"author":[{"embeddable":true,"href":"https:\/\/ledenonciateur224.com\/index.php\/wp-json\/wp\/v2\/users\/2"}],"replies":[{"embeddable":true,"href":"https:\/\/ledenonciateur224.com\/index.php\/wp-json\/wp\/v2\/comments?post=5041"}],"version-history":[{"count":0,"href":"https:\/\/ledenonciateur224.com\/index.php\/wp-json\/wp\/v2\/posts\/5041\/revisions"}],"wp:featuredmedia":[{"embeddable":true,"href":"https:\/\/ledenonciateur224.com\/index.php\/wp-json\/wp\/v2\/media\/5042"}],"wp:attachment":[{"href":"https:\/\/ledenonciateur224.com\/index.php\/wp-json\/wp\/v2\/media?parent=5041"}],"wp:term":[{"taxonomy":"category","embeddable":true,"href":"https:\/\/ledenonciateur224.com\/index.php\/wp-json\/wp\/v2\/categories?post=5041"},{"taxonomy":"post_tag","embeddable":true,"href":"https:\/\/ledenonciateur224.com\/index.php\/wp-json\/wp\/v2\/tags?post=5041"}],"curies":[{"name":"wp","href":"https:\/\/api.w.org\/{rel}","templated":true}]}}