{"id":5056,"date":"2025-09-13T12:09:42","date_gmt":"2025-09-13T12:09:42","guid":{"rendered":"https:\/\/ledenonciateur224.com\/?p=5056"},"modified":"2025-09-13T16:11:47","modified_gmt":"2025-09-13T16:11:47","slug":"ecole-prytanee-militaire-le-syndicat-de-franco-arabe-denonce-lexclusion-des-laureats","status":"publish","type":"post","link":"https:\/\/ledenonciateur224.com\/index.php\/ecole-prytanee-militaire-le-syndicat-de-franco-arabe-denonce-lexclusion-des-laureats\/","title":{"rendered":"\u00c9cole Prytan\u00e9e militaire: le syndicat de Franco-Arabe d\u00e9nonce l&rsquo;exclusion des laur\u00e9ats"},"content":{"rendered":"<div dir=\"auto\">Le Syndicat National de l&rsquo;Enseignement Franco-Arabe de Guin\u00e9e, r\u00e9uni ce jour en conference de presse ce samedi 13 septembre 2025, tient \u00e0 porter \u00e0 la connaissance de l&rsquo;opinion publique nationale et internationale les pr\u00e9occupations majeures auxquelles fait face notre syst\u00e8me \u00e9ducatif, en particulier le syst\u00e8me Franco-Arabe.<\/div>\n<div dir=\"auto\"><img loading=\"lazy\" decoding=\"async\" class=\"alignnone size-full wp-image-5058\" src=\"https:\/\/ledenonciateur224.com\/wp-content\/uploads\/2025\/09\/20250913-112501-scaled.jpg\" alt=\"\" width=\"2560\" height=\"1441\" srcset=\"https:\/\/ledenonciateur224.com\/wp-content\/uploads\/2025\/09\/20250913-112501-scaled.jpg 2560w, https:\/\/ledenonciateur224.com\/wp-content\/uploads\/2025\/09\/20250913-112501-300x169.jpg 300w, https:\/\/ledenonciateur224.com\/wp-content\/uploads\/2025\/09\/20250913-112501-1024x576.jpg 1024w, https:\/\/ledenonciateur224.com\/wp-content\/uploads\/2025\/09\/20250913-112501-768x432.jpg 768w, https:\/\/ledenonciateur224.com\/wp-content\/uploads\/2025\/09\/20250913-112501-1536x864.jpg 1536w, https:\/\/ledenonciateur224.com\/wp-content\/uploads\/2025\/09\/20250913-112501-2048x1153.jpg 2048w, https:\/\/ledenonciateur224.com\/wp-content\/uploads\/2025\/09\/20250913-112501-150x84.jpg 150w, https:\/\/ledenonciateur224.com\/wp-content\/uploads\/2025\/09\/20250913-112501-696x392.jpg 696w, https:\/\/ledenonciateur224.com\/wp-content\/uploads\/2025\/09\/20250913-112501-1068x601.jpg 1068w, https:\/\/ledenonciateur224.com\/wp-content\/uploads\/2025\/09\/20250913-112501-1920x1080.jpg 1920w, https:\/\/ledenonciateur224.com\/wp-content\/uploads\/2025\/09\/20250913-112501-746x420.jpg 746w\" sizes=\"auto, (max-width: 2560px) 100vw, 2560px\" \/><\/div>\n<div dir=\"auto\"><\/div>\n<div dir=\"auto\">Fid\u00e8les \u00e0 l&rsquo;esprit de refondation de l&rsquo;\u00c9tat, pron\u00e9 par Son Excellence le G\u00e9n\u00e9ral Mamady Doumbouya, Pr\u00e9sident de la R\u00e9publique, lequel rappelait d\u00e9s le 5 septembre 2021 que &lt;&lt;&lt; la justice doit \u00eatre la boussole de tous les Guin\u00e9ens \u00bb, nous tenons \u00e0 souligner que la justice sociale doit demeurer un principe cardinal guidant l&rsquo;ensemble des r\u00e9formes entreprises,<\/div>\n<div dir=\"auto\"><\/div>\n<div dir=\"auto\"><img loading=\"lazy\" decoding=\"async\" class=\"alignnone size-full wp-image-5059\" src=\"https:\/\/ledenonciateur224.com\/wp-content\/uploads\/2025\/09\/20250913-110552-scaled.jpg\" alt=\"\" width=\"2560\" height=\"1441\" srcset=\"https:\/\/ledenonciateur224.com\/wp-content\/uploads\/2025\/09\/20250913-110552-scaled.jpg 2560w, https:\/\/ledenonciateur224.com\/wp-content\/uploads\/2025\/09\/20250913-110552-300x169.jpg 300w, https:\/\/ledenonciateur224.com\/wp-content\/uploads\/2025\/09\/20250913-110552-1024x576.jpg 1024w, https:\/\/ledenonciateur224.com\/wp-content\/uploads\/2025\/09\/20250913-110552-768x432.jpg 768w, https:\/\/ledenonciateur224.com\/wp-content\/uploads\/2025\/09\/20250913-110552-1536x864.jpg 1536w, https:\/\/ledenonciateur224.com\/wp-content\/uploads\/2025\/09\/20250913-110552-2048x1153.jpg 2048w, https:\/\/ledenonciateur224.com\/wp-content\/uploads\/2025\/09\/20250913-110552-150x84.jpg 150w, https:\/\/ledenonciateur224.com\/wp-content\/uploads\/2025\/09\/20250913-110552-696x392.jpg 696w, https:\/\/ledenonciateur224.com\/wp-content\/uploads\/2025\/09\/20250913-110552-1068x601.jpg 1068w, https:\/\/ledenonciateur224.com\/wp-content\/uploads\/2025\/09\/20250913-110552-1920x1080.jpg 1920w, https:\/\/ledenonciateur224.com\/wp-content\/uploads\/2025\/09\/20250913-110552-746x420.jpg 746w\" sizes=\"auto, (max-width: 2560px) 100vw, 2560px\" \/><\/div>\n<div dir=\"auto\">C&rsquo;est dans cette perspective que nous avons l&rsquo;honneur de soumettre, avec le plus grand respect, a la haute attention du Chef de l&rsquo;\u00c9tat, de son Gouvernement dirig\u00e9 par Monsieur Bah Oury, ainsi qu&rsquo;\u00e0 l&rsquo;opinion publique nationale, deux dol\u00e9ances d&rsquo;une importance majeure:<\/div>\n<div dir=\"auto\"><\/div>\n<div dir=\"auto\">1. La participation des \u00e9l\u00e8ves Franco-Arabe aux concours des Prytan\u00e9es militaires:<\/div>\n<div dir=\"auto\"><\/div>\n<div dir=\"auto\">Pour la session 2025, le nombre de candidats issus de l&rsquo;enseignement Franco-Arabe \u00e0 l&rsquo;examen d&rsquo;entr\u00e9e en 7\u00e8me ann\u00e9e (CEE) s&rsquo;\u00e9l\u00e8ve \u00e0 26 327 \u00e9l\u00e8ves dont 8 093 filles. Le syst\u00e8me r\u00e9alise une r\u00e9ussite du 56,14% soit au total 13 801 admis.<\/div>\n<div dir=\"auto\"><\/div>\n<div dir=\"auto\">Malgre ce chiffre consid\u00e9rable, ces enfants restent \u00e0 ce jour, exclus du concours d&rsquo;admission<\/div>\n<div dir=\"auto\"><\/div>\n<div dir=\"auto\">aux Prytan\u00e9es militaires de Guin\u00e9e et de l&rsquo;\u00e9tranger, qui en est d\u00e9j\u00e0 \u00e0 sa troisi\u00e8me \u00e9dition depuis sa cr\u00e9ation.<\/div>\n<div dir=\"auto\"><\/div>\n<div dir=\"auto\">A cet effet, nous sollicitons humblement que les \u00e9l\u00e8ves du profil Franco-Arabe, admis au CEE puisse \u00eatre associ\u00e9s \u00e0 ce concours d\u00e8s la session 2025.<\/div>\n<div dir=\"auto\"><\/div>\n<div dir=\"auto\"><img loading=\"lazy\" decoding=\"async\" class=\"alignnone size-full wp-image-5060\" src=\"https:\/\/ledenonciateur224.com\/wp-content\/uploads\/2025\/09\/20250913-110445-scaled.jpg\" alt=\"\" width=\"2560\" height=\"1441\" srcset=\"https:\/\/ledenonciateur224.com\/wp-content\/uploads\/2025\/09\/20250913-110445-scaled.jpg 2560w, https:\/\/ledenonciateur224.com\/wp-content\/uploads\/2025\/09\/20250913-110445-300x169.jpg 300w, https:\/\/ledenonciateur224.com\/wp-content\/uploads\/2025\/09\/20250913-110445-1024x576.jpg 1024w, https:\/\/ledenonciateur224.com\/wp-content\/uploads\/2025\/09\/20250913-110445-768x432.jpg 768w, https:\/\/ledenonciateur224.com\/wp-content\/uploads\/2025\/09\/20250913-110445-1536x864.jpg 1536w, https:\/\/ledenonciateur224.com\/wp-content\/uploads\/2025\/09\/20250913-110445-2048x1153.jpg 2048w, https:\/\/ledenonciateur224.com\/wp-content\/uploads\/2025\/09\/20250913-110445-150x84.jpg 150w, https:\/\/ledenonciateur224.com\/wp-content\/uploads\/2025\/09\/20250913-110445-696x392.jpg 696w, https:\/\/ledenonciateur224.com\/wp-content\/uploads\/2025\/09\/20250913-110445-1068x601.jpg 1068w, https:\/\/ledenonciateur224.com\/wp-content\/uploads\/2025\/09\/20250913-110445-1920x1080.jpg 1920w, https:\/\/ledenonciateur224.com\/wp-content\/uploads\/2025\/09\/20250913-110445-746x420.jpg 746w\" sizes=\"auto, (max-width: 2560px) 100vw, 2560px\" \/><\/div>\n<div dir=\"auto\">Nous sommes convaincus qu&rsquo;une telle mesure contribuerait \u00e0 valoriser la diversit\u00e9 linguistique et culturelle de notre syst\u00e8me \u00e9ducatif, tout en renfor\u00e7ant la coh\u00e9sion nationale<\/div>\n<div dir=\"auto\"><\/div>\n<div dir=\"auto\">\n<div dir=\"auto\">2. Le traitement des dossiers des enseignants contractuels Franco-Arabe:<\/div>\n<div dir=\"auto\"><\/div>\n<div dir=\"auto\">Nous observons avec regret que moins de 2% des dossiers des enseignants contractuels Franco-Arabe ont \u00e9t\u00e9 accept\u00e9s par l&rsquo;\u00c9tat, contre plus de 80% pour ceux des enseignants du syst\u00e8me g\u00e9n\u00e9ral.<\/div>\n<div dir=\"auto\"><\/div>\n<div dir=\"auto\">Cette diff\u00e9rence de traitement cr\u00e9e un sentiment d&rsquo;injustice et fragilise la motivation de nombreux enseignants qui se consacrent pourtant avec abn\u00e9gation \u00e0 la formation de milliers d&rsquo;\u00e9l\u00e9ves guin\u00e9ens.<\/div>\n<div dir=\"auto\"><\/div>\n<div dir=\"auto\">A titre d&rsquo;illustration, plus de 40 \u00e9coles franco-arabes sont aujourd&rsquo;hui ferm\u00e9es dans les pr\u00e9fectures de Faranah et de Kissidougou, faute d&rsquo;enseignants disponibles, en raison du probl\u00e8me non r\u00e9solu des contractuels. Dans un esprit de dialogue et d&rsquo;\u00e9quit\u00e9, nous prions respectueusement les autorit\u00e9s comp\u00e9tentes de bien vouloir r\u00e9examiner ces dossiers, afin que les enseignants en Franco-Arabe puissent b\u00e9n\u00e9ficier d&rsquo;une reconnaissance \u00e9quitable et de chances similaires \u00e0 celles de leurs coll\u00e8gues du syst\u00e9me g\u00e9n\u00e9ral.<\/div>\n<div dir=\"auto\"><\/div>\n<div dir=\"auto\">Pour conclure, \u00e0 travers la formulation de ces dol\u00e9ances, le Syndicat National de l&rsquo;Enseignement Franco-Arabe de Guin\u00e9e r\u00e9affirme son attachement ind\u00e9fectible aux id\u00e9aux de justice, d&rsquo;\u00e9quit\u00e9 et de refondation de l&rsquo;\u00c9tat, tels qu&rsquo;incarn\u00e9s par Son Excellence le G\u00e9n\u00e9ral Mamady Doumbouya, Pr\u00e9sident de la R\u00e9publique.<\/div>\n<div dir=\"auto\"><\/div>\n<div dir=\"auto\">Il exprime sa pleine confiance dans la volont\u00e9 du Chef de l&rsquo;\u00c9tat de faire de la justice sociale et de l&rsquo;\u00e9galit\u00e9 des chances des piliers in\u00e9branlables du d\u00e9veloppement national.<\/div>\n<div dir=\"auto\"><\/div>\n<div dir=\"auto\">Convaincu que le dialogue constructif demeure la voie la plus s\u00fbre vers la coh\u00e9sion et la prosp\u00e9rit\u00e9, le Bureaux Ex\u00e9cutif National du Syndicat National de l&rsquo;Enseignement Franco-Arabe d\u00e9clare, avec un profond esprit de responsabilit\u00e9 et de patriotisme, sa disponibilit\u00e9 enti\u00e8re \u00e0 engager toute concertation ou n\u00e9gociation utile, en vue de parvenir \u00e0 des solutions justes, \u00e9quilibr\u00e9es et durables aux pr\u00e9occupations l\u00e9gitimes qu&rsquo;il a port\u00e9es \u00e0 la haute attention des autorit\u00e9s comp\u00e9tentes et de l&rsquo;opinion publique.<\/div>\n<div dir=\"auto\"><\/div>\n<\/div>\n<div dir=\"auto\"><\/div>\n<div dir=\"auto\">\n<p>Le concours du Prytan\u00e9e est cens\u00e9 accueillir les cinq premiers laur\u00e9ats de chaque r\u00e9gion, commune et pr\u00e9fecture du pays. Pourtant, depuis sa cr\u00e9ation, les \u00e9l\u00e8ves issus du CURCULA, c\u2019est-\u00e0-dire du parcours franco-arabe, n\u2019ont jamais \u00e9t\u00e9 invit\u00e9s \u00e0 participer\u00a0\u00bb.<\/p>\n<p>Face \u00e0 cette situation, des correspondances ont \u00e9t\u00e9 adress\u00e9es aux minist\u00e8res de la D\u00e9fense, de l\u2019\u00c9ducation, au Premier ministre, au Secr\u00e9tariat g\u00e9n\u00e9ral de la Pr\u00e9sidence (notamment au g\u00e9n\u00e9ral Amara), au CNT et au Conseil islamique de Guin\u00e9e.<\/p>\n<p>\u00ab Officiellement, nous avons \u00e9t\u00e9 rassur\u00e9s que ces \u00e9l\u00e8ves participeraient cette ann\u00e9e. Malheureusement, \u00e0 la derni\u00e8re minute, ils ont \u00e9t\u00e9 exclus. Certains enfants, venus de Dalaba, Lab\u00e9, Coyah et d\u2019ailleurs, \u00e9taient d\u00e9j\u00e0 \u00e0 Conakry. Leur tort ? \u00catre bilingues, parler fran\u00e7ais et arabe\u2026 Ce qui, pourtant, devrait \u00eatre un atout dans un pays qui entretient des relations diplomatiques et militaires avec plus de 20 pays arabes \u00bb, d\u00e9plor\u00e9 le Secr\u00e9taire g\u00e9n\u00e9ral Dr Ibrahima Sory Mansar\u00e9<\/p>\n<\/div>\n<div dir=\"auto\"><\/div>\n<div dir=\"auto\"><\/div>\n<div dir=\"auto\"><\/div>\n<div dir=\"auto\">Ledenonciateur224.com<\/div>\n","protected":false},"excerpt":{"rendered":"<p>Le Syndicat National de l&rsquo;Enseignement Franco-Arabe de Guin\u00e9e, r\u00e9uni ce jour en conference de presse ce samedi 13 septembre 2025, tient \u00e0 porter \u00e0 la connaissance de l&rsquo;opinion publique nationale et internationale les pr\u00e9occupations majeures auxquelles fait face notre syst\u00e8me \u00e9ducatif, en particulier le syst\u00e8me Franco-Arabe. Fid\u00e8les \u00e0 l&rsquo;esprit de refondation de l&rsquo;\u00c9tat, pron\u00e9 par [&hellip;]<\/p>\n","protected":false},"author":2,"featured_media":5057,"comment_status":"open","ping_status":"open","sticky":false,"template":"","format":"standard","meta":{"_jetpack_memberships_contains_paid_content":false,"footnotes":"","jetpack_publicize_message":"","jetpack_publicize_feature_enabled":true,"jetpack_social_post_already_shared":true,"jetpack_social_options":{"image_generator_settings":{"template":"highway","default_image_id":0,"font":"","enabled":false},"version":2}},"categories":[30,24],"tags":[1151,1152],"class_list":{"0":"post-5056","1":"post","2":"type-post","3":"status-publish","4":"format-standard","5":"has-post-thumbnail","7":"category-faits-divers","8":"category-news","9":"tag-franco-arabe","10":"tag-prytanee-militaire"},"jetpack_publicize_connections":[],"jetpack_featured_media_url":"https:\/\/ledenonciateur224.com\/wp-content\/uploads\/2025\/09\/fb-img-1681883347055-720x430-1-450x300-1.jpg","jetpack_sharing_enabled":true,"_links":{"self":[{"href":"https:\/\/ledenonciateur224.com\/index.php\/wp-json\/wp\/v2\/posts\/5056","targetHints":{"allow":["GET"]}}],"collection":[{"href":"https:\/\/ledenonciateur224.com\/index.php\/wp-json\/wp\/v2\/posts"}],"about":[{"href":"https:\/\/ledenonciateur224.com\/index.php\/wp-json\/wp\/v2\/types\/post"}],"author":[{"embeddable":true,"href":"https:\/\/ledenonciateur224.com\/index.php\/wp-json\/wp\/v2\/users\/2"}],"replies":[{"embeddable":true,"href":"https:\/\/ledenonciateur224.com\/index.php\/wp-json\/wp\/v2\/comments?post=5056"}],"version-history":[{"count":0,"href":"https:\/\/ledenonciateur224.com\/index.php\/wp-json\/wp\/v2\/posts\/5056\/revisions"}],"wp:featuredmedia":[{"embeddable":true,"href":"https:\/\/ledenonciateur224.com\/index.php\/wp-json\/wp\/v2\/media\/5057"}],"wp:attachment":[{"href":"https:\/\/ledenonciateur224.com\/index.php\/wp-json\/wp\/v2\/media?parent=5056"}],"wp:term":[{"taxonomy":"category","embeddable":true,"href":"https:\/\/ledenonciateur224.com\/index.php\/wp-json\/wp\/v2\/categories?post=5056"},{"taxonomy":"post_tag","embeddable":true,"href":"https:\/\/ledenonciateur224.com\/index.php\/wp-json\/wp\/v2\/tags?post=5056"}],"curies":[{"name":"wp","href":"https:\/\/api.w.org\/{rel}","templated":true}]}}