{"id":5064,"date":"2025-09-13T17:24:25","date_gmt":"2025-09-13T17:24:25","guid":{"rendered":"https:\/\/ledenonciateur224.com\/?p=5064"},"modified":"2025-09-13T17:24:25","modified_gmt":"2025-09-13T17:24:25","slug":"kankan-le-president-de-la-delegation-speciale-leve-linterdiction-de-rassemblement","status":"publish","type":"post","link":"https:\/\/ledenonciateur224.com\/index.php\/kankan-le-president-de-la-delegation-speciale-leve-linterdiction-de-rassemblement\/","title":{"rendered":"Kankan : Le pr\u00e9sident de la d\u00e9l\u00e9gation sp\u00e9ciale l\u00e8ve l&rsquo;interdiction de rassemblement&#8230;"},"content":{"rendered":"<p>Conform\u00e9ment aux annonces faites dans nos pr\u00e9c\u00e9dents articles, la mairie de Kankan a d\u00e9cid\u00e9 de lever \u00e0 nouveau la suspension interdisant tout regroupement sur la place publique. Cette d\u00e9cision soul\u00e8ve des questions sur les changements de position adopt\u00e9s.<br \/>\nDans un document parvenu \u00e0 notre r\u00e9daction, il est indiqu\u00e9 que c&rsquo;est le gouverneur de la r\u00e9gion administrative de Kankan qui a donn\u00e9 son accord pour la reprise des activit\u00e9s.<\/p>\n<p>Il convient de rappeler que la premi\u00e8re interdiction des regroupements avait \u00e9t\u00e9 \u00e9mise par le ministre directeur de cabinet \u00e0 la pr\u00e9sidence. Le contre-document sign\u00e9 par Araphan Moussa Koulibaly met en \u00e9vidence un dysfonctionnement majeur au sein de l&rsquo;administration d\u00e9centralis\u00e9e. Cela soul\u00e8ve des interrogations sur les \u00e9l\u00e9ments qui pourraient \u00eatre dissimul\u00e9s \u00e0 la population de Kankan et, plus largement, \u00e0 celle de la Guin\u00e9e. De plus, suite \u00e0 l&rsquo;\u00e9chec du lancement officiel de la campagne, un collectif compos\u00e9 de journalistes, d&rsquo;acteurs politiques et de membres de la soci\u00e9t\u00e9 civile a vu le jour, appelant \u00e0 une reprise de la mobilisation. Pour la mobilisation d\u00e9cevante qui a eu lieu dans la ville natale de l&rsquo;homme du septi\u00e8me mois.<\/p>\n<p><img loading=\"lazy\" decoding=\"async\" class=\"alignnone size-full wp-image-5065\" src=\"https:\/\/ledenonciateur224.com\/wp-content\/uploads\/2025\/09\/img-20250913-wa0068.jpg\" alt=\"\" width=\"592\" height=\"960\" srcset=\"https:\/\/ledenonciateur224.com\/wp-content\/uploads\/2025\/09\/img-20250913-wa0068.jpg 592w, https:\/\/ledenonciateur224.com\/wp-content\/uploads\/2025\/09\/img-20250913-wa0068-185x300.jpg 185w, https:\/\/ledenonciateur224.com\/wp-content\/uploads\/2025\/09\/img-20250913-wa0068-150x243.jpg 150w, https:\/\/ledenonciateur224.com\/wp-content\/uploads\/2025\/09\/img-20250913-wa0068-300x486.jpg 300w, https:\/\/ledenonciateur224.com\/wp-content\/uploads\/2025\/09\/img-20250913-wa0068-259x420.jpg 259w\" sizes=\"auto, (max-width: 592px) 100vw, 592px\" \/><\/p>\n<p>Mamoudou Aim\u00e9 C\u00e9saire Cond\u00e9<\/p>\n","protected":false},"excerpt":{"rendered":"<p>Conform\u00e9ment aux annonces faites dans nos pr\u00e9c\u00e9dents articles, la mairie de Kankan a d\u00e9cid\u00e9 de lever \u00e0 nouveau la suspension interdisant tout regroupement sur la place publique. Cette d\u00e9cision soul\u00e8ve des questions sur les changements de position adopt\u00e9s. Dans un document parvenu \u00e0 notre r\u00e9daction, il est indiqu\u00e9 que c&rsquo;est le gouverneur de la r\u00e9gion [&hellip;]<\/p>\n","protected":false},"author":2,"featured_media":5066,"comment_status":"open","ping_status":"open","sticky":false,"template":"","format":"standard","meta":{"_jetpack_memberships_contains_paid_content":false,"footnotes":"","jetpack_publicize_message":"","jetpack_publicize_feature_enabled":true,"jetpack_social_post_already_shared":true,"jetpack_social_options":{"image_generator_settings":{"template":"highway","default_image_id":0,"font":"","enabled":false},"version":2}},"categories":[30,24],"tags":[520,294],"class_list":{"0":"post-5064","1":"post","2":"type-post","3":"status-publish","4":"format-standard","5":"has-post-thumbnail","7":"category-faits-divers","8":"category-news","9":"tag-mouvement","10":"tag-kankan"},"jetpack_publicize_connections":[],"jetpack_featured_media_url":"https:\/\/ledenonciateur224.com\/wp-content\/uploads\/2025\/09\/img-20250913-wa0069.jpg","jetpack_sharing_enabled":true,"_links":{"self":[{"href":"https:\/\/ledenonciateur224.com\/index.php\/wp-json\/wp\/v2\/posts\/5064","targetHints":{"allow":["GET"]}}],"collection":[{"href":"https:\/\/ledenonciateur224.com\/index.php\/wp-json\/wp\/v2\/posts"}],"about":[{"href":"https:\/\/ledenonciateur224.com\/index.php\/wp-json\/wp\/v2\/types\/post"}],"author":[{"embeddable":true,"href":"https:\/\/ledenonciateur224.com\/index.php\/wp-json\/wp\/v2\/users\/2"}],"replies":[{"embeddable":true,"href":"https:\/\/ledenonciateur224.com\/index.php\/wp-json\/wp\/v2\/comments?post=5064"}],"version-history":[{"count":0,"href":"https:\/\/ledenonciateur224.com\/index.php\/wp-json\/wp\/v2\/posts\/5064\/revisions"}],"wp:featuredmedia":[{"embeddable":true,"href":"https:\/\/ledenonciateur224.com\/index.php\/wp-json\/wp\/v2\/media\/5066"}],"wp:attachment":[{"href":"https:\/\/ledenonciateur224.com\/index.php\/wp-json\/wp\/v2\/media?parent=5064"}],"wp:term":[{"taxonomy":"category","embeddable":true,"href":"https:\/\/ledenonciateur224.com\/index.php\/wp-json\/wp\/v2\/categories?post=5064"},{"taxonomy":"post_tag","embeddable":true,"href":"https:\/\/ledenonciateur224.com\/index.php\/wp-json\/wp\/v2\/tags?post=5064"}],"curies":[{"name":"wp","href":"https:\/\/api.w.org\/{rel}","templated":true}]}}