{"id":5068,"date":"2025-09-13T17:43:12","date_gmt":"2025-09-13T17:43:12","guid":{"rendered":"https:\/\/ledenonciateur224.com\/?p=5068"},"modified":"2025-09-13T17:43:12","modified_gmt":"2025-09-13T17:43:12","slug":"campagne-referendaire-sanguiana-dit-oui-a-la-nouvelle-constitution","status":"publish","type":"post","link":"https:\/\/ledenonciateur224.com\/index.php\/campagne-referendaire-sanguiana-dit-oui-a-la-nouvelle-constitution\/","title":{"rendered":"Campagne r\u00e9f\u00e9rendaire : Sanguiana dit OUI \u00e0 la nouvelle constitution"},"content":{"rendered":"<div dir=\"auto\">Les populations de la sous-pr\u00e9fecture de Sanguiana, sous la banni\u00e8re du mouvement Mamadi Doumbouya pour le D\u00e9veloppement (PRO.MAD.DE), se sont lanc\u00e9es dans la campagne r\u00e9f\u00e9rendaire ce samedi 13 septembre 2025, avec une mobilisation tr\u00e8s remarquable \u00e0 Kouroussa.<\/div>\n<div dir=\"auto\"><\/div>\n<div dir=\"auto\"><img loading=\"lazy\" decoding=\"async\" class=\"alignnone size-full wp-image-5069\" src=\"https:\/\/ledenonciateur224.com\/wp-content\/uploads\/2025\/09\/img-20250913-wa0073.jpg\" alt=\"\" width=\"714\" height=\"405\" srcset=\"https:\/\/ledenonciateur224.com\/wp-content\/uploads\/2025\/09\/img-20250913-wa0073.jpg 714w, https:\/\/ledenonciateur224.com\/wp-content\/uploads\/2025\/09\/img-20250913-wa0073-300x170.jpg 300w, https:\/\/ledenonciateur224.com\/wp-content\/uploads\/2025\/09\/img-20250913-wa0073-150x85.jpg 150w, https:\/\/ledenonciateur224.com\/wp-content\/uploads\/2025\/09\/img-20250913-wa0073-696x395.jpg 696w\" sizes=\"auto, (max-width: 714px) 100vw, 714px\" \/><\/div>\n<div dir=\"auto\">\u00ab La nouvelle Constitution, une Constitution qui nous ressemble et qui nous rassemble. \u00bb<\/div>\n<div dir=\"auto\">Sanguiana dit OUI , peut-on lire sur les t-shirts, banderoles et affiches.<\/div>\n<div dir=\"auto\"><\/div>\n<div dir=\"auto\">Le scrutin r\u00e9f\u00e9rendaire pr\u00e9vu pour le 21 septembre 2025, repr\u00e9sente un d\u00e9fi et une priorit\u00e9 afin de doter la Guin\u00e9e d\u2019une loi fondamentale et de permettre un retour \u00e0 l\u2019ordre constitutionnel.<\/div>\n<div dir=\"auto\"><\/div>\n<div dir=\"auto\"><img loading=\"lazy\" decoding=\"async\" class=\"alignnone size-full wp-image-5070\" src=\"https:\/\/ledenonciateur224.com\/wp-content\/uploads\/2025\/09\/img-20250913-wa0071.jpg\" alt=\"\" width=\"1280\" height=\"960\" srcset=\"https:\/\/ledenonciateur224.com\/wp-content\/uploads\/2025\/09\/img-20250913-wa0071.jpg 1280w, https:\/\/ledenonciateur224.com\/wp-content\/uploads\/2025\/09\/img-20250913-wa0071-300x225.jpg 300w, https:\/\/ledenonciateur224.com\/wp-content\/uploads\/2025\/09\/img-20250913-wa0071-1024x768.jpg 1024w, https:\/\/ledenonciateur224.com\/wp-content\/uploads\/2025\/09\/img-20250913-wa0071-768x576.jpg 768w, https:\/\/ledenonciateur224.com\/wp-content\/uploads\/2025\/09\/img-20250913-wa0071-150x113.jpg 150w, https:\/\/ledenonciateur224.com\/wp-content\/uploads\/2025\/09\/img-20250913-wa0071-696x522.jpg 696w, https:\/\/ledenonciateur224.com\/wp-content\/uploads\/2025\/09\/img-20250913-wa0071-1068x801.jpg 1068w, https:\/\/ledenonciateur224.com\/wp-content\/uploads\/2025\/09\/img-20250913-wa0071-560x420.jpg 560w, https:\/\/ledenonciateur224.com\/wp-content\/uploads\/2025\/09\/img-20250913-wa0071-80x60.jpg 80w, https:\/\/ledenonciateur224.com\/wp-content\/uploads\/2025\/09\/img-20250913-wa0071-265x198.jpg 265w\" sizes=\"auto, (max-width: 1280px) 100vw, 1280px\" \/><\/div>\n<div dir=\"auto\">Pour expliquer les enjeux aux populations \u00e0 la base, PRO.MAD.DE, un mouvement fond\u00e9 \u00e0 Sanguiana, m\u00e8ne un travail de fond dans les 29 districts de la sous-pr\u00e9fecture.<\/div>\n<div dir=\"auto\"><\/div>\n<div dir=\"auto\">\u00c0 sa t\u00eate, M. Lancinet Sanguiana Camara et Dr Sawa Camara, le mouvement Mamadi Doumbouya pour le D\u00e9veloppement a mobilis\u00e9 l\u2019ensemble des districts de la sous-pr\u00e9fecture pour r\u00e9pondre \u00e0 l\u2019appel de la grande mobilisation \u00e0 Kouroussa.<\/div>\n<div dir=\"auto\"><\/div>\n<div dir=\"auto\"><img loading=\"lazy\" decoding=\"async\" class=\"alignnone size-full wp-image-5071\" src=\"https:\/\/ledenonciateur224.com\/wp-content\/uploads\/2025\/09\/img-20250913-wa0070.jpg\" alt=\"\" width=\"1280\" height=\"960\" srcset=\"https:\/\/ledenonciateur224.com\/wp-content\/uploads\/2025\/09\/img-20250913-wa0070.jpg 1280w, https:\/\/ledenonciateur224.com\/wp-content\/uploads\/2025\/09\/img-20250913-wa0070-300x225.jpg 300w, https:\/\/ledenonciateur224.com\/wp-content\/uploads\/2025\/09\/img-20250913-wa0070-1024x768.jpg 1024w, https:\/\/ledenonciateur224.com\/wp-content\/uploads\/2025\/09\/img-20250913-wa0070-768x576.jpg 768w, https:\/\/ledenonciateur224.com\/wp-content\/uploads\/2025\/09\/img-20250913-wa0070-150x113.jpg 150w, https:\/\/ledenonciateur224.com\/wp-content\/uploads\/2025\/09\/img-20250913-wa0070-696x522.jpg 696w, https:\/\/ledenonciateur224.com\/wp-content\/uploads\/2025\/09\/img-20250913-wa0070-1068x801.jpg 1068w, https:\/\/ledenonciateur224.com\/wp-content\/uploads\/2025\/09\/img-20250913-wa0070-560x420.jpg 560w, https:\/\/ledenonciateur224.com\/wp-content\/uploads\/2025\/09\/img-20250913-wa0070-80x60.jpg 80w, https:\/\/ledenonciateur224.com\/wp-content\/uploads\/2025\/09\/img-20250913-wa0070-265x198.jpg 265w\" sizes=\"auto, (max-width: 1280px) 100vw, 1280px\" \/><\/div>\n<div dir=\"auto\">\u00ab Les populations de la sous-pr\u00e9fecture de Sanguiana, de Kouroussa en g\u00e9n\u00e9ral, sont engag\u00e9es \u00e0 voter massivement en faveur du OUI le 21 septembre 2025. Sur le bulletin, il y aura naturellement deux options. \u00c0 travers cette campagne, nous expliquons \u00e0 la population l\u2019importance de choisir le OUI et comment voter correctement.<\/div>\n<div dir=\"auto\">Nous sommes confiants que Sanguiana fera 98 %, Kouroussa fera 98 %, et que la nouvelle Constitution sera adopt\u00e9e \u00e0 98 %. \u00bb<\/div>\n<div dir=\"auto\">rassure M. Lancinet Sanguiana Camara, Coordinateur g\u00e9n\u00e9ral du PRO.MAD.DE.<\/div>\n<div dir=\"auto\"><\/div>\n<div dir=\"auto\">Cette mobilisation sans pr\u00e9c\u00e9dent des populations de Kouroussa en g\u00e9n\u00e9ral, et de Sanguiana en particulier, s\u2019inscrit dans la vision du Pr\u00e9sident de la R\u00e9publique, Son Excellence le G\u00e9n\u00e9ral Mamadi Doumbouya, se r\u00e9jouit Dr Sawa Camara, vice-coordinateur du PRO.MAD.DE :<\/div>\n<div dir=\"auto\"><\/div>\n<div dir=\"auto\">\u00ab Sanguiana adh\u00e8re aux id\u00e9aux du Pr\u00e9sident de la R\u00e9publique, le G\u00e9n\u00e9ral Mamadi Doumbouya. Nous irons voter massivement le 21 septembre pour adopter la nouvelle Constitution.<\/div>\n<div dir=\"auto\">Pour ce faire, apr\u00e8s ce grand rassemblement, nous passerons dans tous les districts de Sanguiana afin que chacun puisse retirer sa carte d\u2019\u00e9lecteur et voter le jour du scrutin. \u00bb<\/div>\n<div dir=\"auto\"><\/div>\n<div dir=\"auto\"><img loading=\"lazy\" decoding=\"async\" class=\"alignnone size-full wp-image-5072\" src=\"https:\/\/ledenonciateur224.com\/wp-content\/uploads\/2025\/09\/img-20250913-wa0072.jpg\" alt=\"\" width=\"720\" height=\"405\" srcset=\"https:\/\/ledenonciateur224.com\/wp-content\/uploads\/2025\/09\/img-20250913-wa0072.jpg 720w, https:\/\/ledenonciateur224.com\/wp-content\/uploads\/2025\/09\/img-20250913-wa0072-300x169.jpg 300w, https:\/\/ledenonciateur224.com\/wp-content\/uploads\/2025\/09\/img-20250913-wa0072-150x84.jpg 150w, https:\/\/ledenonciateur224.com\/wp-content\/uploads\/2025\/09\/img-20250913-wa0072-696x392.jpg 696w\" sizes=\"auto, (max-width: 720px) 100vw, 720px\" \/><\/div>\n<div dir=\"auto\">La grande mobilisation de Kouroussa a connu la pr\u00e9sence du Coordinateur G\u00e9n\u00e9ral de\u00a0 la campagne r\u00e9f\u00e9rendaire de la r\u00e9gion de Kankan\u00a0 le Ministre Directeur de Cabinet de la Pr\u00e9sidence de la R\u00e9publique en l&rsquo;occurrence M. Djiba Diakit\u00e9 donnant ainsi toute la ferveur \u00e0 l&rsquo;\u00e9v\u00e9nement.<\/div>\n<div dir=\"auto\"><\/div>\n<div dir=\"auto\">SANGUIANA<\/div>\n","protected":false},"excerpt":{"rendered":"<p>Les populations de la sous-pr\u00e9fecture de Sanguiana, sous la banni\u00e8re du mouvement Mamadi Doumbouya pour le D\u00e9veloppement (PRO.MAD.DE), se sont lanc\u00e9es dans la campagne r\u00e9f\u00e9rendaire ce samedi 13 septembre 2025, avec une mobilisation tr\u00e8s remarquable \u00e0 Kouroussa. \u00ab La nouvelle Constitution, une Constitution qui nous ressemble et qui nous rassemble. \u00bb Sanguiana dit OUI , [&hellip;]<\/p>\n","protected":false},"author":2,"featured_media":5072,"comment_status":"open","ping_status":"open","sticky":false,"template":"","format":"standard","meta":{"_jetpack_memberships_contains_paid_content":false,"footnotes":"","jetpack_publicize_message":"","jetpack_publicize_feature_enabled":true,"jetpack_social_post_already_shared":true,"jetpack_social_options":{"image_generator_settings":{"template":"highway","default_image_id":0,"font":"","enabled":false},"version":2}},"categories":[24,27,33],"tags":[520,1073,1153],"class_list":{"0":"post-5068","1":"post","2":"type-post","3":"status-publish","4":"format-standard","5":"has-post-thumbnail","7":"category-news","8":"category-politique","9":"category-region","10":"tag-mouvement","11":"tag-refondation","12":"tag-sanguiana"},"jetpack_publicize_connections":[],"jetpack_featured_media_url":"https:\/\/ledenonciateur224.com\/wp-content\/uploads\/2025\/09\/img-20250913-wa0072.jpg","jetpack_sharing_enabled":true,"_links":{"self":[{"href":"https:\/\/ledenonciateur224.com\/index.php\/wp-json\/wp\/v2\/posts\/5068","targetHints":{"allow":["GET"]}}],"collection":[{"href":"https:\/\/ledenonciateur224.com\/index.php\/wp-json\/wp\/v2\/posts"}],"about":[{"href":"https:\/\/ledenonciateur224.com\/index.php\/wp-json\/wp\/v2\/types\/post"}],"author":[{"embeddable":true,"href":"https:\/\/ledenonciateur224.com\/index.php\/wp-json\/wp\/v2\/users\/2"}],"replies":[{"embeddable":true,"href":"https:\/\/ledenonciateur224.com\/index.php\/wp-json\/wp\/v2\/comments?post=5068"}],"version-history":[{"count":0,"href":"https:\/\/ledenonciateur224.com\/index.php\/wp-json\/wp\/v2\/posts\/5068\/revisions"}],"wp:featuredmedia":[{"embeddable":true,"href":"https:\/\/ledenonciateur224.com\/index.php\/wp-json\/wp\/v2\/media\/5072"}],"wp:attachment":[{"href":"https:\/\/ledenonciateur224.com\/index.php\/wp-json\/wp\/v2\/media?parent=5068"}],"wp:term":[{"taxonomy":"category","embeddable":true,"href":"https:\/\/ledenonciateur224.com\/index.php\/wp-json\/wp\/v2\/categories?post=5068"},{"taxonomy":"post_tag","embeddable":true,"href":"https:\/\/ledenonciateur224.com\/index.php\/wp-json\/wp\/v2\/tags?post=5068"}],"curies":[{"name":"wp","href":"https:\/\/api.w.org\/{rel}","templated":true}]}}