{"id":5094,"date":"2025-09-14T09:21:00","date_gmt":"2025-09-14T09:21:00","guid":{"rendered":"https:\/\/ledenonciateur224.com\/?p=5094"},"modified":"2025-09-14T09:21:00","modified_gmt":"2025-09-14T09:21:00","slug":"campagne-referendaire-bissikrima-reaffirme-son-engagement-pour-le-oui","status":"publish","type":"post","link":"https:\/\/ledenonciateur224.com\/index.php\/campagne-referendaire-bissikrima-reaffirme-son-engagement-pour-le-oui\/","title":{"rendered":"Campagne r\u00e9f\u00e9rendaire : Bissikrima r\u00e9affirme son engagement pour le \u201cOUI\u201d"},"content":{"rendered":"<p>Dabola, 13 septembre 2025- La campagne pour le r\u00e9f\u00e9rendum constitutionnel du 21 septembre bat son plein dans la pr\u00e9fecture de Dabola. Ce samedi, la sous-pr\u00e9fecture de Bissikrima a connu une forte mobilisation lors de la visite conjointe du ministre du Plan et de la Coop\u00e9ration internationale, M. Isma\u00ebl Nab\u00e9, et du ministre de la Justice et des Droits de l\u2019Homme, M. Yaya Ka\u00efraba Kaba.<\/p>\n<p><img loading=\"lazy\" decoding=\"async\" class=\"alignnone size-full wp-image-5096\" src=\"https:\/\/ledenonciateur224.com\/wp-content\/uploads\/2025\/09\/img-20250914-wa0060.jpg\" alt=\"\" width=\"761\" height=\"1080\" srcset=\"https:\/\/ledenonciateur224.com\/wp-content\/uploads\/2025\/09\/img-20250914-wa0060.jpg 761w, https:\/\/ledenonciateur224.com\/wp-content\/uploads\/2025\/09\/img-20250914-wa0060-211x300.jpg 211w, https:\/\/ledenonciateur224.com\/wp-content\/uploads\/2025\/09\/img-20250914-wa0060-722x1024.jpg 722w, https:\/\/ledenonciateur224.com\/wp-content\/uploads\/2025\/09\/img-20250914-wa0060-150x213.jpg 150w, https:\/\/ledenonciateur224.com\/wp-content\/uploads\/2025\/09\/img-20250914-wa0060-300x426.jpg 300w, https:\/\/ledenonciateur224.com\/wp-content\/uploads\/2025\/09\/img-20250914-wa0060-696x988.jpg 696w, https:\/\/ledenonciateur224.com\/wp-content\/uploads\/2025\/09\/img-20250914-wa0060-296x420.jpg 296w\" sizes=\"auto, (max-width: 761px) 100vw, 761px\" \/><\/p>\n<p>Accueillis par une foule nombreuse et enthousiaste, les deux membres du gouvernement ont salu\u00e9 l\u2019engagement citoyen de Bissikrima en faveur de la nouvelle Constitution.<\/p>\n<p>Au nom de la population, le pr\u00e9sident de la D\u00e9l\u00e9gation sp\u00e9ciale a adress\u00e9 ses mots de bienvenue et r\u00e9affirm\u00e9 la d\u00e9termination de la localit\u00e9 :<\/p>\n<p>\u00ab Bissikrima r\u00e9it\u00e8re son engagement \u00e0 soutenir les id\u00e9aux du CNRD et vote OUI \u00e0 la nouvelle Constitution \u00bb, a-t-il d\u00e9clar\u00e9, avant de remercier le gouvernement pour la pose de la premi\u00e8re pierre de la cl\u00f4ture du lyc\u00e9e-coll\u00e8ge Pr. Alpha Cond\u00e9.<\/p>\n<p>Prenant la parole, les ministres ont invit\u00e9 les citoyens \u00e0 sortir massivement le 21 septembre afin de voter \u201cOUI \u00e0 100 % pour 100 %\u201d, soulignant que la nouvelle Constitution \u00ab nous ressemble et nous rassemble \u00bb.<\/p>\n<p><img loading=\"lazy\" decoding=\"async\" class=\"alignnone size-full wp-image-5097\" src=\"https:\/\/ledenonciateur224.com\/wp-content\/uploads\/2025\/09\/img-20250914-wa0059.jpg\" alt=\"\" width=\"920\" height=\"614\" srcset=\"https:\/\/ledenonciateur224.com\/wp-content\/uploads\/2025\/09\/img-20250914-wa0059.jpg 920w, https:\/\/ledenonciateur224.com\/wp-content\/uploads\/2025\/09\/img-20250914-wa0059-300x200.jpg 300w, https:\/\/ledenonciateur224.com\/wp-content\/uploads\/2025\/09\/img-20250914-wa0059-768x513.jpg 768w, https:\/\/ledenonciateur224.com\/wp-content\/uploads\/2025\/09\/img-20250914-wa0059-150x100.jpg 150w, https:\/\/ledenonciateur224.com\/wp-content\/uploads\/2025\/09\/img-20250914-wa0059-696x465.jpg 696w, https:\/\/ledenonciateur224.com\/wp-content\/uploads\/2025\/09\/img-20250914-wa0059-629x420.jpg 629w\" sizes=\"auto, (max-width: 920px) 100vw, 920px\" \/><\/p>\n<p>La journ\u00e9e s\u2019est cl\u00f4tur\u00e9e par l\u2019inauguration d\u2019un forage au centre-ville de Bissikrima, r\u00e9alis\u00e9e au nom du pr\u00e9sident de la R\u00e9publique, le G\u00e9n\u00e9ral Mamadi Doumbouya.<\/p>\n<p>Avec cette mobilisation exceptionnelle, Bissikrima confirme son r\u00f4le majeur dans la r\u00e9ussite du processus r\u00e9f\u00e9rendaire, d\u00e9montrant une adh\u00e9sion forte et collective au projet de nouvelle Constitution.<\/p>\n<p><img loading=\"lazy\" decoding=\"async\" class=\"alignnone size-full wp-image-5098\" src=\"https:\/\/ledenonciateur224.com\/wp-content\/uploads\/2025\/09\/img-20250914-wa0063.jpg\" alt=\"\" width=\"920\" height=\"614\" srcset=\"https:\/\/ledenonciateur224.com\/wp-content\/uploads\/2025\/09\/img-20250914-wa0063.jpg 920w, https:\/\/ledenonciateur224.com\/wp-content\/uploads\/2025\/09\/img-20250914-wa0063-300x200.jpg 300w, https:\/\/ledenonciateur224.com\/wp-content\/uploads\/2025\/09\/img-20250914-wa0063-768x513.jpg 768w, https:\/\/ledenonciateur224.com\/wp-content\/uploads\/2025\/09\/img-20250914-wa0063-150x100.jpg 150w, https:\/\/ledenonciateur224.com\/wp-content\/uploads\/2025\/09\/img-20250914-wa0063-696x465.jpg 696w, https:\/\/ledenonciateur224.com\/wp-content\/uploads\/2025\/09\/img-20250914-wa0063-629x420.jpg 629w\" sizes=\"auto, (max-width: 920px) 100vw, 920px\" \/> <img loading=\"lazy\" decoding=\"async\" class=\"alignnone size-full wp-image-5099\" src=\"https:\/\/ledenonciateur224.com\/wp-content\/uploads\/2025\/09\/img-20250914-wa0061.jpg\" alt=\"\" width=\"920\" height=\"614\" srcset=\"https:\/\/ledenonciateur224.com\/wp-content\/uploads\/2025\/09\/img-20250914-wa0061.jpg 920w, https:\/\/ledenonciateur224.com\/wp-content\/uploads\/2025\/09\/img-20250914-wa0061-300x200.jpg 300w, https:\/\/ledenonciateur224.com\/wp-content\/uploads\/2025\/09\/img-20250914-wa0061-768x513.jpg 768w, https:\/\/ledenonciateur224.com\/wp-content\/uploads\/2025\/09\/img-20250914-wa0061-150x100.jpg 150w, https:\/\/ledenonciateur224.com\/wp-content\/uploads\/2025\/09\/img-20250914-wa0061-696x465.jpg 696w, https:\/\/ledenonciateur224.com\/wp-content\/uploads\/2025\/09\/img-20250914-wa0061-629x420.jpg 629w\" sizes=\"auto, (max-width: 920px) 100vw, 920px\" \/><\/p>\n<p>Cellule de communication du d\u00e9partement<\/p>\n","protected":false},"excerpt":{"rendered":"<p>Dabola, 13 septembre 2025- La campagne pour le r\u00e9f\u00e9rendum constitutionnel du 21 septembre bat son plein dans la pr\u00e9fecture de Dabola. Ce samedi, la sous-pr\u00e9fecture de Bissikrima a connu une forte mobilisation lors de la visite conjointe du ministre du Plan et de la Coop\u00e9ration internationale, M. Isma\u00ebl Nab\u00e9, et du ministre de la Justice [&hellip;]<\/p>\n","protected":false},"author":2,"featured_media":5095,"comment_status":"open","ping_status":"open","sticky":false,"template":"","format":"standard","meta":{"_jetpack_memberships_contains_paid_content":false,"footnotes":"","jetpack_publicize_message":"","jetpack_publicize_feature_enabled":true,"jetpack_social_post_already_shared":true,"jetpack_social_options":{"image_generator_settings":{"template":"highway","default_image_id":0,"font":"","enabled":false},"version":2}},"categories":[24,27],"tags":[1158],"class_list":{"0":"post-5094","1":"post","2":"type-post","3":"status-publish","4":"format-standard","5":"has-post-thumbnail","7":"category-news","8":"category-politique","9":"tag-campagne-referendaire"},"jetpack_publicize_connections":[],"jetpack_featured_media_url":"https:\/\/ledenonciateur224.com\/wp-content\/uploads\/2025\/09\/img-20250914-wa0062.jpg","jetpack_sharing_enabled":true,"_links":{"self":[{"href":"https:\/\/ledenonciateur224.com\/index.php\/wp-json\/wp\/v2\/posts\/5094","targetHints":{"allow":["GET"]}}],"collection":[{"href":"https:\/\/ledenonciateur224.com\/index.php\/wp-json\/wp\/v2\/posts"}],"about":[{"href":"https:\/\/ledenonciateur224.com\/index.php\/wp-json\/wp\/v2\/types\/post"}],"author":[{"embeddable":true,"href":"https:\/\/ledenonciateur224.com\/index.php\/wp-json\/wp\/v2\/users\/2"}],"replies":[{"embeddable":true,"href":"https:\/\/ledenonciateur224.com\/index.php\/wp-json\/wp\/v2\/comments?post=5094"}],"version-history":[{"count":0,"href":"https:\/\/ledenonciateur224.com\/index.php\/wp-json\/wp\/v2\/posts\/5094\/revisions"}],"wp:featuredmedia":[{"embeddable":true,"href":"https:\/\/ledenonciateur224.com\/index.php\/wp-json\/wp\/v2\/media\/5095"}],"wp:attachment":[{"href":"https:\/\/ledenonciateur224.com\/index.php\/wp-json\/wp\/v2\/media?parent=5094"}],"wp:term":[{"taxonomy":"category","embeddable":true,"href":"https:\/\/ledenonciateur224.com\/index.php\/wp-json\/wp\/v2\/categories?post=5094"},{"taxonomy":"post_tag","embeddable":true,"href":"https:\/\/ledenonciateur224.com\/index.php\/wp-json\/wp\/v2\/tags?post=5094"}],"curies":[{"name":"wp","href":"https:\/\/api.w.org\/{rel}","templated":true}]}}