{"id":511,"date":"2024-12-16T12:31:19","date_gmt":"2024-12-16T12:31:19","guid":{"rendered":"https:\/\/ledenonciateur224.com\/?p=511"},"modified":"2024-12-16T12:31:19","modified_gmt":"2024-12-16T12:31:19","slug":"conakry-plusieurs-enseignants-contractuels-arretes-lors-dune-manifestation-devant-le-ministere-de-la-fonction-publique","status":"publish","type":"post","link":"https:\/\/ledenonciateur224.com\/index.php\/conakry-plusieurs-enseignants-contractuels-arretes-lors-dune-manifestation-devant-le-ministere-de-la-fonction-publique\/","title":{"rendered":"Conakry : Plusieurs enseignants contractuels arr\u00eat\u00e9s lors d&rsquo;une manifestation devant le minist\u00e8re de la Fonction publique"},"content":{"rendered":"<div dir=\"auto\"><\/div>\n<div dir=\"auto\"><\/div>\n<div dir=\"auto\"><\/div>\n<div dir=\"auto\">Le lundi 16 d\u00e9cembre 2024, plusieurs enseignants contractuels non retenus pour int\u00e9grer la fonction publique ont organis\u00e9 une manifestation devant le minist\u00e8re du Travail et de la Fonction publique \u00e0 Conakry, r\u00e9clamant leur int\u00e9gration. Cependant, leur protestation a \u00e9t\u00e9 rapidement interrompue par les forces de l\u2019ordre, qui ont dispers\u00e9 les manifestants. Cette intervention polici\u00e8re a abouti \u00e0 l\u2019arrestation de plusieurs d\u2019entre eux.<\/div>\n<div dir=\"auto\"><\/div>\n<div dir=\"auto\">Les autorit\u00e9s ont justifi\u00e9 ces arrestations par le non-respect de l\u2019interdiction de manifester sur les places et voies publiques, impos\u00e9e par la junte militaire au pouvoir depuis le 5 septembre 2021. Cette mesure vise \u00e0 maintenir l&rsquo;ordre public dans le pays.<\/div>\n<div dir=\"auto\"><\/div>\n<div dir=\"auto\">Les manifestants interpell\u00e9s ont \u00e9t\u00e9 emmen\u00e9s au commissariat central de Kaloum. Selon les derni\u00e8res informations, un groupe d\u2019entre eux se rendait au commissariat pour r\u00e9clamer leur lib\u00e9ration, ou pour exiger d\u2019\u00eatre arr\u00eat\u00e9s avec leurs camarades.<\/div>\n<div dir=\"auto\"><\/div>\n<div dir=\"auto\"><\/div>\n<div dir=\"auto\"><\/div>\n<div dir=\"auto\"><\/div>\n<div dir=\"auto\"><\/div>\n<div dir=\"auto\">N&rsquo;sira Sylla<\/div>\n<div dir=\"auto\"><\/div>\n","protected":false},"excerpt":{"rendered":"<p>Le lundi 16 d\u00e9cembre 2024, plusieurs enseignants contractuels non retenus pour int\u00e9grer la fonction publique ont organis\u00e9 une manifestation devant le minist\u00e8re du Travail et de la Fonction publique \u00e0 Conakry, r\u00e9clamant leur int\u00e9gration. Cependant, leur protestation a \u00e9t\u00e9 rapidement interrompue par les forces de l\u2019ordre, qui ont dispers\u00e9 les manifestants. Cette intervention polici\u00e8re a [&hellip;]<\/p>\n","protected":false},"author":2,"featured_media":512,"comment_status":"open","ping_status":"open","sticky":false,"template":"","format":"standard","meta":{"_jetpack_memberships_contains_paid_content":false,"footnotes":"","jetpack_publicize_message":"","jetpack_publicize_feature_enabled":true,"jetpack_social_post_already_shared":false,"jetpack_social_options":{"image_generator_settings":{"template":"highway","default_image_id":0,"font":"","enabled":false},"version":2}},"categories":[30,24],"tags":[36,35,102,101],"class_list":{"0":"post-511","1":"post","2":"type-post","3":"status-publish","4":"format-standard","5":"has-post-thumbnail","7":"category-faits-divers","8":"category-news","9":"tag-conakry","10":"tag-guinee","11":"tag-manifestation","12":"tag-recrutement-a-la-fonction-publique"},"jetpack_publicize_connections":[],"jetpack_featured_media_url":"https:\/\/ledenonciateur224.com\/wp-content\/uploads\/2024\/12\/img-20241216-wa0071.jpg","jetpack_sharing_enabled":true,"_links":{"self":[{"href":"https:\/\/ledenonciateur224.com\/index.php\/wp-json\/wp\/v2\/posts\/511","targetHints":{"allow":["GET"]}}],"collection":[{"href":"https:\/\/ledenonciateur224.com\/index.php\/wp-json\/wp\/v2\/posts"}],"about":[{"href":"https:\/\/ledenonciateur224.com\/index.php\/wp-json\/wp\/v2\/types\/post"}],"author":[{"embeddable":true,"href":"https:\/\/ledenonciateur224.com\/index.php\/wp-json\/wp\/v2\/users\/2"}],"replies":[{"embeddable":true,"href":"https:\/\/ledenonciateur224.com\/index.php\/wp-json\/wp\/v2\/comments?post=511"}],"version-history":[{"count":0,"href":"https:\/\/ledenonciateur224.com\/index.php\/wp-json\/wp\/v2\/posts\/511\/revisions"}],"wp:featuredmedia":[{"embeddable":true,"href":"https:\/\/ledenonciateur224.com\/index.php\/wp-json\/wp\/v2\/media\/512"}],"wp:attachment":[{"href":"https:\/\/ledenonciateur224.com\/index.php\/wp-json\/wp\/v2\/media?parent=511"}],"wp:term":[{"taxonomy":"category","embeddable":true,"href":"https:\/\/ledenonciateur224.com\/index.php\/wp-json\/wp\/v2\/categories?post=511"},{"taxonomy":"post_tag","embeddable":true,"href":"https:\/\/ledenonciateur224.com\/index.php\/wp-json\/wp\/v2\/tags?post=511"}],"curies":[{"name":"wp","href":"https:\/\/api.w.org\/{rel}","templated":true}]}}