{"id":5111,"date":"2025-09-14T22:04:46","date_gmt":"2025-09-14T22:04:46","guid":{"rendered":"https:\/\/ledenonciateur224.com\/?p=5111"},"modified":"2025-09-14T22:04:46","modified_gmt":"2025-09-14T22:04:46","slug":"scrutin-referendaire-le-non-a-toujours-mis-la-guinee-en-retard","status":"publish","type":"post","link":"https:\/\/ledenonciateur224.com\/index.php\/scrutin-referendaire-le-non-a-toujours-mis-la-guinee-en-retard\/","title":{"rendered":"Scrutin r\u00e9f\u00e9rendaire : \u00ab\u00a0Le NON a toujours mis la Guin\u00e9e en retard&#8230;\u00a0\u00bb"},"content":{"rendered":"<p>La Synergie Ensemble pour la D\u00e9fense des Aquis du Changement (SEDAC), a poursuivi ce dimanche 14 septembre, sa d\u00e9marche de ressembler tous les citoyens de la commune de Dixinn, en faveur du \u00ab\u00a0OUI\u00a0\u00bb au r\u00e9f\u00e9rendum pr\u00e9vu pour le 21 septembre prochain. Apr\u00e8s d&rsquo;autres quartiers de la dite commune, un accueil chaleureux a \u00e9t\u00e9 r\u00e9serv\u00e9 au pr\u00e9sident de la SEDAC, Honorable Mohamed Lamine Sylla au quartier Dixinn Bora.<\/p>\n<div dir=\"auto\">\n<div dir=\"auto\"><img loading=\"lazy\" decoding=\"async\" class=\"alignnone size-full wp-image-5113\" src=\"https:\/\/ledenonciateur224.com\/wp-content\/uploads\/2025\/09\/20250914-172457-scaled.jpg\" alt=\"\" width=\"2560\" height=\"1441\" srcset=\"https:\/\/ledenonciateur224.com\/wp-content\/uploads\/2025\/09\/20250914-172457-scaled.jpg 2560w, https:\/\/ledenonciateur224.com\/wp-content\/uploads\/2025\/09\/20250914-172457-300x169.jpg 300w, https:\/\/ledenonciateur224.com\/wp-content\/uploads\/2025\/09\/20250914-172457-1024x576.jpg 1024w, https:\/\/ledenonciateur224.com\/wp-content\/uploads\/2025\/09\/20250914-172457-768x432.jpg 768w, https:\/\/ledenonciateur224.com\/wp-content\/uploads\/2025\/09\/20250914-172457-1536x864.jpg 1536w, https:\/\/ledenonciateur224.com\/wp-content\/uploads\/2025\/09\/20250914-172457-2048x1153.jpg 2048w, https:\/\/ledenonciateur224.com\/wp-content\/uploads\/2025\/09\/20250914-172457-150x84.jpg 150w, https:\/\/ledenonciateur224.com\/wp-content\/uploads\/2025\/09\/20250914-172457-696x392.jpg 696w, https:\/\/ledenonciateur224.com\/wp-content\/uploads\/2025\/09\/20250914-172457-1068x601.jpg 1068w, https:\/\/ledenonciateur224.com\/wp-content\/uploads\/2025\/09\/20250914-172457-1920x1080.jpg 1920w, https:\/\/ledenonciateur224.com\/wp-content\/uploads\/2025\/09\/20250914-172457-746x420.jpg 746w\" sizes=\"auto, (max-width: 2560px) 100vw, 2560px\" \/><\/div>\n<div dir=\"auto\">Ce mouvement politique compte faire un tremplin \u00e0 l&rsquo;esplanade du stade du 28 septembre, le 17 septembre prochain.<\/div>\n<div dir=\"auto\"><\/div>\n<div dir=\"auto\">Le coordinateur\u00a0 de la Synergie Naby Bangoura a d\u00e9clar\u00e9 que le mot \u00ab\u00a0NON\u00a0\u00bb a \u00e9t\u00e9 toujours un obstacle pour la Guin\u00e9e.<\/div>\n<\/div>\n<div dir=\"auto\"><\/div>\n<div dir=\"auto\">\n<div dir=\"auto\"><img loading=\"lazy\" decoding=\"async\" class=\"alignnone size-full wp-image-5114\" src=\"https:\/\/ledenonciateur224.com\/wp-content\/uploads\/2025\/09\/20250914-174908-scaled.jpg\" alt=\"\" width=\"2560\" height=\"1441\" srcset=\"https:\/\/ledenonciateur224.com\/wp-content\/uploads\/2025\/09\/20250914-174908-scaled.jpg 2560w, https:\/\/ledenonciateur224.com\/wp-content\/uploads\/2025\/09\/20250914-174908-300x169.jpg 300w, https:\/\/ledenonciateur224.com\/wp-content\/uploads\/2025\/09\/20250914-174908-1024x576.jpg 1024w, https:\/\/ledenonciateur224.com\/wp-content\/uploads\/2025\/09\/20250914-174908-768x432.jpg 768w, https:\/\/ledenonciateur224.com\/wp-content\/uploads\/2025\/09\/20250914-174908-1536x864.jpg 1536w, https:\/\/ledenonciateur224.com\/wp-content\/uploads\/2025\/09\/20250914-174908-2048x1153.jpg 2048w, https:\/\/ledenonciateur224.com\/wp-content\/uploads\/2025\/09\/20250914-174908-150x84.jpg 150w, https:\/\/ledenonciateur224.com\/wp-content\/uploads\/2025\/09\/20250914-174908-696x392.jpg 696w, https:\/\/ledenonciateur224.com\/wp-content\/uploads\/2025\/09\/20250914-174908-1068x601.jpg 1068w, https:\/\/ledenonciateur224.com\/wp-content\/uploads\/2025\/09\/20250914-174908-1920x1080.jpg 1920w, https:\/\/ledenonciateur224.com\/wp-content\/uploads\/2025\/09\/20250914-174908-746x420.jpg 746w\" sizes=\"auto, (max-width: 2560px) 100vw, 2560px\" \/><\/div>\n<div dir=\"auto\">&lt;&lt;Je pense que le NON a toujours mis la Guin\u00e9e en retard. C&rsquo;est pour cela nous avons d\u00e9cid\u00e9 d&rsquo;aller vers le OUI&#8230;&gt;&gt;,a-t-il d\u00e9clar\u00e9<\/div>\n<div dir=\"auto\"><\/div>\n<div dir=\"auto\">\n<div dir=\"auto\">Baba Camara directeur de la Maison des Jeunes de Dixinn et membre fondateur de la Synergie Ensemble pour la D\u00e9fense des Acquis du Changement ( SEDAC), a expliqu\u00e9 en d\u00e9tail l&rsquo;objectif majeur de ladite Synergie<\/div>\n<div dir=\"auto\"><\/div>\n<div dir=\"auto\">&lt;&lt;L&rsquo;objectif, comme vous le savez, c&rsquo;est de sensibiliser la population par rapport \u00e0 la dynamique qui est lanc\u00e9e, par rapport au r\u00e9f\u00e9rendum qui est programm\u00e9. Donc c&rsquo;est de les expliquer comment ils vont s&rsquo;y prendre, comment ils vont voter et quelles sont les actions qu&rsquo;ils doivent mener dans le sens de l&rsquo;apaisement et de la paix. Parce que nous savons tr\u00e8s bien, la Guin\u00e9e c&rsquo;est chez nous, nous avons ce devoir de tout faire pour pr\u00e9server la paix.<\/div>\n<div dir=\"auto\"><\/div>\n<div dir=\"auto\">Et la meilleure fa\u00e7on de la pr\u00e9server, c&rsquo;est d&rsquo;accepter d&rsquo;aller voter et de s&rsquo;exprimer librement par rapport \u00e0 la question qui est pos\u00e9e. OUI ou NON, est-ce qu&rsquo;on accepte la nouvelle constitution ?<\/div>\n<div dir=\"auto\">Si on l&rsquo;accepte, le peuple n&rsquo;a qu&rsquo;\u00e0 le dire.<\/div>\n<div dir=\"auto\">Et si on ne l&rsquo;accepte pas, le peuple va \u00e9galement le dire.<\/div>\n<div dir=\"auto\">Mais je sais, c&rsquo;est bien s\u00fbr, nous sommes convaincus d&rsquo;une chose, le OUI va remporter. Parce que les jalons qui sont pos\u00e9s rassurent le peuple, rassurent la jeunesse.<\/div>\n<div dir=\"auto\">Nous vivons au quotidien la gestion de notre pays.<\/div>\n<div dir=\"auto\">On a cess\u00e9 d&rsquo;\u00eatre l&rsquo;avenir, nous sommes le pr\u00e9sent. \u00c7a, nous rassure, \u00e7a, \u00e7a nous donne en tout cas le courage de se battre pour permettre vraiment \u00e0 ce que celui-l\u00e0 qui est \u00e0 la t\u00eate de ce pays,<\/div>\n<div dir=\"auto\">le G\u00e9n\u00e9ral Mamadi Doumbouya, puisse vraiment continuer le travail salvatrice qu&rsquo;il a commenc\u00e9 pour le peuple du Guin\u00e9e.<\/div>\n<div dir=\"auto\"><\/div>\n<div dir=\"auto\"><\/div>\n<div dir=\"auto\">Dans sa prise de parole, le Pr\u00e9sident de la Synergie SEDAC Mohamed Lamine Sylla a vivement salu\u00e9 la mobilisation des citoyens de Dixinn. Il a ensuite annonc\u00e9 les couleurs d&rsquo;un meeting qu&rsquo;ils souhaitent organiser le mercredi 17 septembre prochain.<\/div>\n<div dir=\"auto\"><\/div>\n<div dir=\"auto\"><img loading=\"lazy\" decoding=\"async\" class=\"alignnone size-full wp-image-5115\" src=\"https:\/\/ledenonciateur224.com\/wp-content\/uploads\/2025\/09\/20250914-171917-scaled.jpg\" alt=\"\" width=\"2560\" height=\"1441\" srcset=\"https:\/\/ledenonciateur224.com\/wp-content\/uploads\/2025\/09\/20250914-171917-scaled.jpg 2560w, https:\/\/ledenonciateur224.com\/wp-content\/uploads\/2025\/09\/20250914-171917-300x169.jpg 300w, https:\/\/ledenonciateur224.com\/wp-content\/uploads\/2025\/09\/20250914-171917-1024x576.jpg 1024w, https:\/\/ledenonciateur224.com\/wp-content\/uploads\/2025\/09\/20250914-171917-768x432.jpg 768w, https:\/\/ledenonciateur224.com\/wp-content\/uploads\/2025\/09\/20250914-171917-1536x864.jpg 1536w, https:\/\/ledenonciateur224.com\/wp-content\/uploads\/2025\/09\/20250914-171917-2048x1153.jpg 2048w, https:\/\/ledenonciateur224.com\/wp-content\/uploads\/2025\/09\/20250914-171917-150x84.jpg 150w, https:\/\/ledenonciateur224.com\/wp-content\/uploads\/2025\/09\/20250914-171917-696x392.jpg 696w, https:\/\/ledenonciateur224.com\/wp-content\/uploads\/2025\/09\/20250914-171917-1068x601.jpg 1068w, https:\/\/ledenonciateur224.com\/wp-content\/uploads\/2025\/09\/20250914-171917-1920x1080.jpg 1920w, https:\/\/ledenonciateur224.com\/wp-content\/uploads\/2025\/09\/20250914-171917-746x420.jpg 746w\" sizes=\"auto, (max-width: 2560px) 100vw, 2560px\" \/><\/div>\n<div dir=\"auto\">&lt;&lt; Les citoyens de Dixinn je suis tr\u00e8s content de vous. Vous avez montr\u00e9 votre force, votre d\u00e9termination et votre engagement. J&rsquo;en suis convaincu que le jour du scrutin r\u00e9f\u00e9rendaire vous allez votez OUI !!! Mais bien avant ce jour, je vous invite d&rsquo;\u00eatre fortement mobilis\u00e9s pour le meeting qu&rsquo;on va organiser le 17 septembre \u00e0 l&rsquo;esplanade du stade du 28 septembre. Les 22 quartiers de Dixinn, voire m\u00eame de Conakry, puissent se rallier le stade du 28 septembre. Les \u00ab\u00a0verts vont s&rsquo;exprimer\u00a0\u00bb. On va montrer \u00e0 la Guin\u00e9e, de quoi nous sommes capables, que les fils de Dixinn sont mobilis\u00e9s pour une fois pour la cause commune, qui est la cause qui sert mieux la jeunesse de Dixinn.&gt;&gt;,a-t-il annonc\u00e9 devant une foule compacte.<\/div>\n<\/div>\n<\/div>\n<div dir=\"auto\"><img loading=\"lazy\" decoding=\"async\" class=\"alignnone size-full wp-image-5116\" src=\"https:\/\/ledenonciateur224.com\/wp-content\/uploads\/2025\/09\/20250914-173002-scaled.jpg\" alt=\"\" width=\"2560\" height=\"1441\" srcset=\"https:\/\/ledenonciateur224.com\/wp-content\/uploads\/2025\/09\/20250914-173002-scaled.jpg 2560w, https:\/\/ledenonciateur224.com\/wp-content\/uploads\/2025\/09\/20250914-173002-300x169.jpg 300w, https:\/\/ledenonciateur224.com\/wp-content\/uploads\/2025\/09\/20250914-173002-1024x576.jpg 1024w, https:\/\/ledenonciateur224.com\/wp-content\/uploads\/2025\/09\/20250914-173002-768x432.jpg 768w, https:\/\/ledenonciateur224.com\/wp-content\/uploads\/2025\/09\/20250914-173002-1536x864.jpg 1536w, https:\/\/ledenonciateur224.com\/wp-content\/uploads\/2025\/09\/20250914-173002-2048x1153.jpg 2048w, https:\/\/ledenonciateur224.com\/wp-content\/uploads\/2025\/09\/20250914-173002-150x84.jpg 150w, https:\/\/ledenonciateur224.com\/wp-content\/uploads\/2025\/09\/20250914-173002-696x392.jpg 696w, https:\/\/ledenonciateur224.com\/wp-content\/uploads\/2025\/09\/20250914-173002-1068x601.jpg 1068w, https:\/\/ledenonciateur224.com\/wp-content\/uploads\/2025\/09\/20250914-173002-1920x1080.jpg 1920w, https:\/\/ledenonciateur224.com\/wp-content\/uploads\/2025\/09\/20250914-173002-746x420.jpg 746w\" sizes=\"auto, (max-width: 2560px) 100vw, 2560px\" \/> <img loading=\"lazy\" decoding=\"async\" class=\"alignnone size-full wp-image-5117\" src=\"https:\/\/ledenonciateur224.com\/wp-content\/uploads\/2025\/09\/20250914-171914-scaled.jpg\" alt=\"\" width=\"2560\" height=\"1441\" srcset=\"https:\/\/ledenonciateur224.com\/wp-content\/uploads\/2025\/09\/20250914-171914-scaled.jpg 2560w, https:\/\/ledenonciateur224.com\/wp-content\/uploads\/2025\/09\/20250914-171914-300x169.jpg 300w, https:\/\/ledenonciateur224.com\/wp-content\/uploads\/2025\/09\/20250914-171914-1024x576.jpg 1024w, https:\/\/ledenonciateur224.com\/wp-content\/uploads\/2025\/09\/20250914-171914-768x432.jpg 768w, https:\/\/ledenonciateur224.com\/wp-content\/uploads\/2025\/09\/20250914-171914-1536x864.jpg 1536w, https:\/\/ledenonciateur224.com\/wp-content\/uploads\/2025\/09\/20250914-171914-2048x1153.jpg 2048w, https:\/\/ledenonciateur224.com\/wp-content\/uploads\/2025\/09\/20250914-171914-150x84.jpg 150w, https:\/\/ledenonciateur224.com\/wp-content\/uploads\/2025\/09\/20250914-171914-696x392.jpg 696w, https:\/\/ledenonciateur224.com\/wp-content\/uploads\/2025\/09\/20250914-171914-1068x601.jpg 1068w, https:\/\/ledenonciateur224.com\/wp-content\/uploads\/2025\/09\/20250914-171914-1920x1080.jpg 1920w, https:\/\/ledenonciateur224.com\/wp-content\/uploads\/2025\/09\/20250914-171914-746x420.jpg 746w\" sizes=\"auto, (max-width: 2560px) 100vw, 2560px\" \/> <img loading=\"lazy\" decoding=\"async\" class=\"alignnone size-full wp-image-5118\" src=\"https:\/\/ledenonciateur224.com\/wp-content\/uploads\/2025\/09\/20250914-171911-scaled.jpg\" alt=\"\" width=\"2560\" height=\"1441\" srcset=\"https:\/\/ledenonciateur224.com\/wp-content\/uploads\/2025\/09\/20250914-171911-scaled.jpg 2560w, https:\/\/ledenonciateur224.com\/wp-content\/uploads\/2025\/09\/20250914-171911-300x169.jpg 300w, https:\/\/ledenonciateur224.com\/wp-content\/uploads\/2025\/09\/20250914-171911-1024x576.jpg 1024w, https:\/\/ledenonciateur224.com\/wp-content\/uploads\/2025\/09\/20250914-171911-768x432.jpg 768w, https:\/\/ledenonciateur224.com\/wp-content\/uploads\/2025\/09\/20250914-171911-1536x864.jpg 1536w, https:\/\/ledenonciateur224.com\/wp-content\/uploads\/2025\/09\/20250914-171911-2048x1153.jpg 2048w, https:\/\/ledenonciateur224.com\/wp-content\/uploads\/2025\/09\/20250914-171911-150x84.jpg 150w, https:\/\/ledenonciateur224.com\/wp-content\/uploads\/2025\/09\/20250914-171911-696x392.jpg 696w, https:\/\/ledenonciateur224.com\/wp-content\/uploads\/2025\/09\/20250914-171911-1068x601.jpg 1068w, https:\/\/ledenonciateur224.com\/wp-content\/uploads\/2025\/09\/20250914-171911-1920x1080.jpg 1920w, https:\/\/ledenonciateur224.com\/wp-content\/uploads\/2025\/09\/20250914-171911-746x420.jpg 746w\" sizes=\"auto, (max-width: 2560px) 100vw, 2560px\" \/><\/div>\n<div dir=\"auto\"><\/div>\n<div dir=\"auto\">Aboubacar Moussa Camara 611703984<\/div>\n<div dir=\"auto\">\n<div dir=\"auto\">\n<div dir=\"auto\"><\/div>\n<\/div>\n<\/div>\n","protected":false},"excerpt":{"rendered":"<p>La Synergie Ensemble pour la D\u00e9fense des Aquis du Changement (SEDAC), a poursuivi ce dimanche 14 septembre, sa d\u00e9marche de ressembler tous les citoyens de la commune de Dixinn, en faveur du \u00ab\u00a0OUI\u00a0\u00bb au r\u00e9f\u00e9rendum pr\u00e9vu pour le 21 septembre prochain. Apr\u00e8s d&rsquo;autres quartiers de la dite commune, un accueil chaleureux a \u00e9t\u00e9 r\u00e9serv\u00e9 au [&hellip;]<\/p>\n","protected":false},"author":2,"featured_media":5112,"comment_status":"open","ping_status":"open","sticky":false,"template":"","format":"standard","meta":{"_jetpack_memberships_contains_paid_content":false,"footnotes":"","jetpack_publicize_message":"","jetpack_publicize_feature_enabled":true,"jetpack_social_post_already_shared":true,"jetpack_social_options":{"image_generator_settings":{"template":"highway","default_image_id":0,"font":"","enabled":false},"version":2}},"categories":[24,27],"tags":[1160,586],"class_list":{"0":"post-5111","1":"post","2":"type-post","3":"status-publish","4":"format-standard","5":"has-post-thumbnail","7":"category-news","8":"category-politique","9":"tag-citoyen","10":"tag-referendum"},"jetpack_publicize_connections":[],"jetpack_featured_media_url":"https:\/\/ledenonciateur224.com\/wp-content\/uploads\/2025\/09\/20250914-173924-scaled.jpg","jetpack_sharing_enabled":true,"_links":{"self":[{"href":"https:\/\/ledenonciateur224.com\/index.php\/wp-json\/wp\/v2\/posts\/5111","targetHints":{"allow":["GET"]}}],"collection":[{"href":"https:\/\/ledenonciateur224.com\/index.php\/wp-json\/wp\/v2\/posts"}],"about":[{"href":"https:\/\/ledenonciateur224.com\/index.php\/wp-json\/wp\/v2\/types\/post"}],"author":[{"embeddable":true,"href":"https:\/\/ledenonciateur224.com\/index.php\/wp-json\/wp\/v2\/users\/2"}],"replies":[{"embeddable":true,"href":"https:\/\/ledenonciateur224.com\/index.php\/wp-json\/wp\/v2\/comments?post=5111"}],"version-history":[{"count":0,"href":"https:\/\/ledenonciateur224.com\/index.php\/wp-json\/wp\/v2\/posts\/5111\/revisions"}],"wp:featuredmedia":[{"embeddable":true,"href":"https:\/\/ledenonciateur224.com\/index.php\/wp-json\/wp\/v2\/media\/5112"}],"wp:attachment":[{"href":"https:\/\/ledenonciateur224.com\/index.php\/wp-json\/wp\/v2\/media?parent=5111"}],"wp:term":[{"taxonomy":"category","embeddable":true,"href":"https:\/\/ledenonciateur224.com\/index.php\/wp-json\/wp\/v2\/categories?post=5111"},{"taxonomy":"post_tag","embeddable":true,"href":"https:\/\/ledenonciateur224.com\/index.php\/wp-json\/wp\/v2\/tags?post=5111"}],"curies":[{"name":"wp","href":"https:\/\/api.w.org\/{rel}","templated":true}]}}