{"id":5122,"date":"2025-09-15T08:53:20","date_gmt":"2025-09-15T08:53:20","guid":{"rendered":"https:\/\/ledenonciateur224.com\/?p=5122"},"modified":"2025-09-15T08:53:20","modified_gmt":"2025-09-15T08:53:20","slug":"campagne-pour-le-oui-le-dg-de-lanam-sory-camara-mobilise-dabompa-a-travers-un-carnaval-geant","status":"publish","type":"post","link":"https:\/\/ledenonciateur224.com\/index.php\/campagne-pour-le-oui-le-dg-de-lanam-sory-camara-mobilise-dabompa-a-travers-un-carnaval-geant\/","title":{"rendered":"Campagne pour le \u00ab Oui \u00bb : Le DG de l\u2019ANAM, Sory Camara mobilise\u00a0 Dabompa \u00e0 travers un Carnaval G\u00e9ant"},"content":{"rendered":"<p>Apr\u00e8s avoir largement particip\u00e9 \u00e0 la vulgarisation du projet de nouvelle constitution \u00e0 travers les jeunes, femmes et hommes de sa commune. Le Directeur G\u00e9n\u00e9ral de l\u2019Agence Nationale de l\u2019Avigation Maritime (ANAM), Sory Camara a encore une fois frapp\u00e9 tr\u00e8s fort, ce Dimanche 14 septembre 2025. \u00c0 travers un grand Carnaval G\u00e9ant organis\u00e9 par le Directeur G\u00e9n\u00e9ral dans les rues de Dabompa.<\/p>\n<p><img loading=\"lazy\" decoding=\"async\" class=\"alignnone size-full wp-image-5123\" src=\"https:\/\/ledenonciateur224.com\/wp-content\/uploads\/2025\/09\/img-20250914-wa0064.jpg\" alt=\"\" width=\"1024\" height=\"589\" srcset=\"https:\/\/ledenonciateur224.com\/wp-content\/uploads\/2025\/09\/img-20250914-wa0064.jpg 1024w, https:\/\/ledenonciateur224.com\/wp-content\/uploads\/2025\/09\/img-20250914-wa0064-300x173.jpg 300w, https:\/\/ledenonciateur224.com\/wp-content\/uploads\/2025\/09\/img-20250914-wa0064-768x442.jpg 768w, https:\/\/ledenonciateur224.com\/wp-content\/uploads\/2025\/09\/img-20250914-wa0064-150x86.jpg 150w, https:\/\/ledenonciateur224.com\/wp-content\/uploads\/2025\/09\/img-20250914-wa0064-696x400.jpg 696w, https:\/\/ledenonciateur224.com\/wp-content\/uploads\/2025\/09\/img-20250914-wa0064-730x420.jpg 730w\" sizes=\"auto, (max-width: 1024px) 100vw, 1024px\" \/><\/p>\n<p>\u00c0 l\u2019issue du grand Carnaval G\u00e9ant, les participants se sont dirig\u00e9s au mini-staduim de Dabompa pour \u00e9couter les derni\u00e8res consignes \u00e0 quelques jours avant le scrutin r\u00e9f\u00e9rendaire pr\u00e9vu le 21 septembre prochain.<\/p>\n<div dir=\"auto\">L\u2019\u00e9v\u00e9nement a connu une forte mobilisation des jeunes, femmes et sages de la commune de Tombolia, venus pour exprimer leurs reconnaissances aux nombreuses r\u00e9alisations faites par le G\u00e9n\u00e9ral Mamadi Doumbouya depuis son arriv\u00e9e au pouvoir dans notre pays.<\/div>\n<div dir=\"auto\"><img loading=\"lazy\" decoding=\"async\" class=\"alignnone size-full wp-image-5124\" src=\"https:\/\/ledenonciateur224.com\/wp-content\/uploads\/2025\/09\/img-20250914-wa0071.jpg\" alt=\"\" width=\"1024\" height=\"576\" srcset=\"https:\/\/ledenonciateur224.com\/wp-content\/uploads\/2025\/09\/img-20250914-wa0071.jpg 1024w, https:\/\/ledenonciateur224.com\/wp-content\/uploads\/2025\/09\/img-20250914-wa0071-300x169.jpg 300w, https:\/\/ledenonciateur224.com\/wp-content\/uploads\/2025\/09\/img-20250914-wa0071-768x432.jpg 768w, https:\/\/ledenonciateur224.com\/wp-content\/uploads\/2025\/09\/img-20250914-wa0071-150x84.jpg 150w, https:\/\/ledenonciateur224.com\/wp-content\/uploads\/2025\/09\/img-20250914-wa0071-696x392.jpg 696w, https:\/\/ledenonciateur224.com\/wp-content\/uploads\/2025\/09\/img-20250914-wa0071-747x420.jpg 747w\" sizes=\"auto, (max-width: 1024px) 100vw, 1024px\" \/><\/div>\n<div dir=\"auto\"><\/div>\n<div dir=\"auto\">Dans une atmosph\u00e8re marqu\u00e9e par l\u2019unit\u00e9 et l\u2019enthousiasme, Mr Camara a salu\u00e9 la participation massive des citoyens, qu\u2019il consid\u00e8re comme une d\u00e9monstration de l\u2019engagement profond des populations de Dabompa en faveur du projet de nouvelle constitution.<\/div>\n<div dir=\"auto\"><\/div>\n<div dir=\"auto\"><img loading=\"lazy\" decoding=\"async\" class=\"alignnone size-full wp-image-5125\" src=\"https:\/\/ledenonciateur224.com\/wp-content\/uploads\/2025\/09\/img-20250914-wa0079.jpg\" alt=\"\" width=\"1024\" height=\"576\" srcset=\"https:\/\/ledenonciateur224.com\/wp-content\/uploads\/2025\/09\/img-20250914-wa0079.jpg 1024w, https:\/\/ledenonciateur224.com\/wp-content\/uploads\/2025\/09\/img-20250914-wa0079-300x169.jpg 300w, https:\/\/ledenonciateur224.com\/wp-content\/uploads\/2025\/09\/img-20250914-wa0079-768x432.jpg 768w, https:\/\/ledenonciateur224.com\/wp-content\/uploads\/2025\/09\/img-20250914-wa0079-150x84.jpg 150w, https:\/\/ledenonciateur224.com\/wp-content\/uploads\/2025\/09\/img-20250914-wa0079-696x392.jpg 696w, https:\/\/ledenonciateur224.com\/wp-content\/uploads\/2025\/09\/img-20250914-wa0079-747x420.jpg 747w\" sizes=\"auto, (max-width: 1024px) 100vw, 1024px\" \/><\/div>\n<div dir=\"auto\">\u00ab Nous demandons aux citoyens de partir retirer leurs cartes d\u2019\u00e9lecteurs dans les points de distribution. Cette mobilisation forte est une preuve \u00e9loquente de la reconnaissance des populations de Dabompa \u00e0 l\u2019endroit du G\u00e9n\u00e9ral Mamadi Doumbouya. Donc nous souhaitons que le 21 septembre prochain, notre quartier Dabompa soit le premier quartier de la Guin\u00e9e \u00e0 voter massivement un Oui en faveur de la nouvelle constitution. Cette constitution n\u2019appartient pas au G\u00e9n\u00e9ral Mamadi Doumbouya, c\u2019est la loi fondamentale de toute la Guin\u00e9e. Je demande aux habitants de se mobiliser massivement dans la paix sans violence pour aller voter en faveur du OUI le jour du scrutin r\u00e9f\u00e9rendaire.\u00bb, a-t-il affirm\u00e9 Mr Sory Camara.<\/div>\n<div dir=\"auto\"><\/div>\n<div dir=\"auto\"><img loading=\"lazy\" decoding=\"async\" class=\"alignnone size-full wp-image-5126\" src=\"https:\/\/ledenonciateur224.com\/wp-content\/uploads\/2025\/09\/img-20250914-wa0076.jpg\" alt=\"\" width=\"1024\" height=\"576\" srcset=\"https:\/\/ledenonciateur224.com\/wp-content\/uploads\/2025\/09\/img-20250914-wa0076.jpg 1024w, https:\/\/ledenonciateur224.com\/wp-content\/uploads\/2025\/09\/img-20250914-wa0076-300x169.jpg 300w, https:\/\/ledenonciateur224.com\/wp-content\/uploads\/2025\/09\/img-20250914-wa0076-768x432.jpg 768w, https:\/\/ledenonciateur224.com\/wp-content\/uploads\/2025\/09\/img-20250914-wa0076-150x84.jpg 150w, https:\/\/ledenonciateur224.com\/wp-content\/uploads\/2025\/09\/img-20250914-wa0076-696x392.jpg 696w, https:\/\/ledenonciateur224.com\/wp-content\/uploads\/2025\/09\/img-20250914-wa0076-747x420.jpg 747w\" sizes=\"auto, (max-width: 1024px) 100vw, 1024px\" \/><\/div>\n<div dir=\"auto\">Il a \u00e9galement soulign\u00e9 que ce soutien populaire refl\u00e8te la reconnaissance des habitants envers les actions du pr\u00e9sident de la R\u00e9publique. Il a promis de mettre des \u00e9quipes en place d\u00e8s demain pour aller expliquer aux citoyens comment ils doivent voter. L\u2019objectif est de permettre \u00e0 Tombolia d\u2019\u00eatre la premi\u00e8re commune parmi les communes urbaines de la capitale.<\/div>\n<div dir=\"auto\"><\/div>\n<div dir=\"auto\">\u00ab Pour nous, la Guin\u00e9e se trouve dans un tournoi tr\u00e8s d\u00e9cisif. Elle devient un certain terrain historique pour nous, notre nouvelle g\u00e9n\u00e9ration. La commune urbaine de Tombolia est la deuxi\u00e8me commune la plus peupl\u00e9e de la Guin\u00e9e .Donc, c\u2019est pour \u00e7a que c\u2019est plus important pour nous de sensibiliser, informer, la nouvelle g\u00e9n\u00e9ration. Je crois que vous voyez, pour vous, ce n\u2019est pas une surprise, c\u2019est une manifestation r\u00e9elle de ce que le pr\u00e9sident de la R\u00e9publique est en train de faire sur le terrain. C\u2019est la raison pour laquelle la population est en train de montrer les acquis r\u00e9alis\u00e9s de notre pr\u00e9sident. Nous\u00a0 souhaitons le 21 septembre, que d\u2019abord, le oui remporte \u00e0 100%. \u00bb, a d\u00e9clar\u00e9 Sayon Keita, le pr\u00e9sident du conseil de quartier de Dabompa<\/div>\n<div dir=\"auto\"><\/div>\n<div dir=\"auto\"><img loading=\"lazy\" decoding=\"async\" class=\"alignnone size-full wp-image-5127\" src=\"https:\/\/ledenonciateur224.com\/wp-content\/uploads\/2025\/09\/20250914-175826.jpg\" alt=\"\" width=\"1024\" height=\"785\" srcset=\"https:\/\/ledenonciateur224.com\/wp-content\/uploads\/2025\/09\/20250914-175826.jpg 1024w, https:\/\/ledenonciateur224.com\/wp-content\/uploads\/2025\/09\/20250914-175826-300x230.jpg 300w, https:\/\/ledenonciateur224.com\/wp-content\/uploads\/2025\/09\/20250914-175826-768x589.jpg 768w, https:\/\/ledenonciateur224.com\/wp-content\/uploads\/2025\/09\/20250914-175826-150x115.jpg 150w, https:\/\/ledenonciateur224.com\/wp-content\/uploads\/2025\/09\/20250914-175826-696x534.jpg 696w, https:\/\/ledenonciateur224.com\/wp-content\/uploads\/2025\/09\/20250914-175826-548x420.jpg 548w, https:\/\/ledenonciateur224.com\/wp-content\/uploads\/2025\/09\/20250914-175826-80x60.jpg 80w\" sizes=\"auto, (max-width: 1024px) 100vw, 1024px\" \/><\/div>\n<div dir=\"auto\">Au cours de cette rencontre qui s\u2019est poursuivie toute la journ\u00e9e, le Directeur G\u00e9n\u00e9ral Adjoint du Journal officiel Moussa Cond\u00e9, a pr\u00e9sent\u00e9 le contenu du projet de nouvelle constitution en mettant en avant ses principales innovations en faveur des citoyens guin\u00e9ens. Il a insist\u00e9 sur l\u2019importance d\u2019aller retirer les cartes d\u2019\u00e9lecteurs pour permettre \u00e0 Dabompa de faire 100%.<\/div>\n<div dir=\"auto\"><\/div>\n<div dir=\"auto\"><img loading=\"lazy\" decoding=\"async\" class=\"alignnone size-full wp-image-5129\" src=\"https:\/\/ledenonciateur224.com\/wp-content\/uploads\/2025\/09\/20250914-172120-scaled-1.jpg\" alt=\"\" width=\"1024\" height=\"577\" srcset=\"https:\/\/ledenonciateur224.com\/wp-content\/uploads\/2025\/09\/20250914-172120-scaled-1.jpg 1024w, https:\/\/ledenonciateur224.com\/wp-content\/uploads\/2025\/09\/20250914-172120-scaled-1-300x169.jpg 300w, https:\/\/ledenonciateur224.com\/wp-content\/uploads\/2025\/09\/20250914-172120-scaled-1-768x433.jpg 768w, https:\/\/ledenonciateur224.com\/wp-content\/uploads\/2025\/09\/20250914-172120-scaled-1-150x85.jpg 150w, https:\/\/ledenonciateur224.com\/wp-content\/uploads\/2025\/09\/20250914-172120-scaled-1-696x392.jpg 696w, https:\/\/ledenonciateur224.com\/wp-content\/uploads\/2025\/09\/20250914-172120-scaled-1-745x420.jpg 745w\" sizes=\"auto, (max-width: 1024px) 100vw, 1024px\" \/><\/div>\n<div dir=\"auto\">\u00ab\u00a0Le dimanche prochain, le 21 septembre 2025, c\u2019est-\u00e0-dire ce processus, on est vers la fin. Vous savez qu\u2019il s\u2019est d\u00e9roul\u00e9 sur trois \u00e9tapes. La premi\u00e8re \u00e9tape, c\u2019\u00e9tait d\u2019abord la vulgarisation du projet de\u00a0 nouvelle constitution. Cette constitution, elle est faite pour nous, surtout la jeunesse et les femmes. Cette constitution, c\u2019est la n\u00f4tre, c\u2019est pour le peuple de Guin\u00e9e. Alors, je vous invite \u00e0 aller \u00e0 la deuxi\u00e8me \u00e9tape, c\u2019est-\u00e0-dire le retrait des cartes d\u2019\u00e9lecteurs. Vous savez que dans les points de distribution, les cartes d\u2019\u00e9lecteurs sont disponibles. Je vous invite massivement \u00e0 se mobiliser, \u00e0 aller retirer les cartes d\u2019\u00e9lecteurs pour se pr\u00e9parer pour le dimanche prochain. Et la derni\u00e8re \u00e9tape, voil\u00e0 la derni\u00e8re \u00e9tape, la toute derni\u00e8re \u00e9tape. Vous avez le choix entre l\u2019avenir et le regret, entre le progr\u00e8s et le regret. Alors, je vous invite, population de Dabomba, \u00e0 aller \u00e9viter ce qui est rouge l\u00e0. Mettez tout simplement\u2026 Une croix l\u00e0 o\u00f9 c\u2019est \u00e9crit \u00ab Oui \u00bb. Si vous le faites, vous avez contribu\u00e9 \u00e0 la construction de notre pays, vous avez contribu\u00e9 au d\u00e9veloppement de Dabomba et vous avez contribu\u00e9 \u00e0 votre \u00e9panouissement personnel. C\u2019est pour nos enfants, c\u2019est pour nos femmes, c\u2019est pour nous-m\u00eames.\u00bb,a-t-il expliqu\u00e9 aux citoyens de Dabompa fortement mobilis\u00e9s.<\/div>\n<div dir=\"auto\"><\/div>\n<div dir=\"auto\"><img loading=\"lazy\" decoding=\"async\" class=\"alignnone size-full wp-image-5128\" src=\"https:\/\/ledenonciateur224.com\/wp-content\/uploads\/2025\/09\/img-20250914-wa0075.jpg\" alt=\"\" width=\"940\" height=\"603\" srcset=\"https:\/\/ledenonciateur224.com\/wp-content\/uploads\/2025\/09\/img-20250914-wa0075.jpg 940w, https:\/\/ledenonciateur224.com\/wp-content\/uploads\/2025\/09\/img-20250914-wa0075-300x192.jpg 300w, https:\/\/ledenonciateur224.com\/wp-content\/uploads\/2025\/09\/img-20250914-wa0075-768x493.jpg 768w, https:\/\/ledenonciateur224.com\/wp-content\/uploads\/2025\/09\/img-20250914-wa0075-150x96.jpg 150w, https:\/\/ledenonciateur224.com\/wp-content\/uploads\/2025\/09\/img-20250914-wa0075-696x446.jpg 696w, https:\/\/ledenonciateur224.com\/wp-content\/uploads\/2025\/09\/img-20250914-wa0075-655x420.jpg 655w\" sizes=\"auto, (max-width: 940px) 100vw, 940px\" \/><\/div>\n<div dir=\"auto\">\n<div dir=\"auto\">Il faut rappeler que le Directeur G\u00e9n\u00e9ral de l\u2019ANAM, n\u2019est pas \u00e0 sa premi\u00e8re activit\u00e9 pour magnifier les acquis du pr\u00e9sident de la transition, le G\u00e9n\u00e9ral Mamadi Doumbouya. Lors de la vulgarisation du projet de nouvelle constitution, il y avait constitu\u00e9 dans les quartiers de Dabompa, des \u00e9quipes pour expliquer les innovations et avantages de ce document. Cette mobilisation a \u00e9t\u00e9 rendue possible gr\u00e2ce \u00e0 la solidarit\u00e9 de tous les habitants de Dabompa.\u00a0 Le climat de paix et de coh\u00e9sion sociale qui r\u00e8gnent depuis un certain moment. En attendant le 21 septembre prochain, l\u2019engagement et la d\u00e9termination des populations de Dabompa montrent \u00e0 suffisance qu\u2019un travail de fond a \u00e9t\u00e9 men\u00e9 par Sory Camara et son \u00e9quipe pour f\u00e9d\u00e9rer les habitants de Dabompa \u00e0 la cause du G\u00e9n\u00e9ral Mamadi Doumbouya.<\/div>\n<div dir=\"auto\"><\/div>\n<div dir=\"auto\"><img loading=\"lazy\" decoding=\"async\" class=\"alignnone size-full wp-image-5130\" src=\"https:\/\/ledenonciateur224.com\/wp-content\/uploads\/2025\/09\/img-20250914-wa0060-1.jpg\" alt=\"\" width=\"1016\" height=\"651\" srcset=\"https:\/\/ledenonciateur224.com\/wp-content\/uploads\/2025\/09\/img-20250914-wa0060-1.jpg 1016w, https:\/\/ledenonciateur224.com\/wp-content\/uploads\/2025\/09\/img-20250914-wa0060-1-300x192.jpg 300w, https:\/\/ledenonciateur224.com\/wp-content\/uploads\/2025\/09\/img-20250914-wa0060-1-768x492.jpg 768w, https:\/\/ledenonciateur224.com\/wp-content\/uploads\/2025\/09\/img-20250914-wa0060-1-150x96.jpg 150w, https:\/\/ledenonciateur224.com\/wp-content\/uploads\/2025\/09\/img-20250914-wa0060-1-696x446.jpg 696w, https:\/\/ledenonciateur224.com\/wp-content\/uploads\/2025\/09\/img-20250914-wa0060-1-655x420.jpg 655w\" sizes=\"auto, (max-width: 1016px) 100vw, 1016px\" \/><\/div>\n<div dir=\"auto\"><\/div>\n<div dir=\"auto\"><\/div>\n<div dir=\"auto\"><strong>Mohamed Camara<\/strong><\/div>\n<\/div>\n","protected":false},"excerpt":{"rendered":"<p>Apr\u00e8s avoir largement particip\u00e9 \u00e0 la vulgarisation du projet de nouvelle constitution \u00e0 travers les jeunes, femmes et hommes de sa commune. Le Directeur G\u00e9n\u00e9ral de l\u2019Agence Nationale de l\u2019Avigation Maritime (ANAM), Sory Camara a encore une fois frapp\u00e9 tr\u00e8s fort, ce Dimanche 14 septembre 2025. \u00c0 travers un grand Carnaval G\u00e9ant organis\u00e9 par le [&hellip;]<\/p>\n","protected":false},"author":2,"featured_media":5128,"comment_status":"open","ping_status":"open","sticky":false,"template":"","format":"standard","meta":{"_jetpack_memberships_contains_paid_content":false,"footnotes":"","jetpack_publicize_message":"","jetpack_publicize_feature_enabled":true,"jetpack_social_post_already_shared":true,"jetpack_social_options":{"image_generator_settings":{"template":"highway","default_image_id":0,"font":"","enabled":false},"version":2}},"categories":[24,27],"tags":[586,1162],"class_list":{"0":"post-5122","1":"post","2":"type-post","3":"status-publish","4":"format-standard","5":"has-post-thumbnail","7":"category-news","8":"category-politique","9":"tag-referendum","10":"tag-sory-camara"},"jetpack_publicize_connections":[],"jetpack_featured_media_url":"https:\/\/ledenonciateur224.com\/wp-content\/uploads\/2025\/09\/img-20250914-wa0075.jpg","jetpack_sharing_enabled":true,"_links":{"self":[{"href":"https:\/\/ledenonciateur224.com\/index.php\/wp-json\/wp\/v2\/posts\/5122","targetHints":{"allow":["GET"]}}],"collection":[{"href":"https:\/\/ledenonciateur224.com\/index.php\/wp-json\/wp\/v2\/posts"}],"about":[{"href":"https:\/\/ledenonciateur224.com\/index.php\/wp-json\/wp\/v2\/types\/post"}],"author":[{"embeddable":true,"href":"https:\/\/ledenonciateur224.com\/index.php\/wp-json\/wp\/v2\/users\/2"}],"replies":[{"embeddable":true,"href":"https:\/\/ledenonciateur224.com\/index.php\/wp-json\/wp\/v2\/comments?post=5122"}],"version-history":[{"count":0,"href":"https:\/\/ledenonciateur224.com\/index.php\/wp-json\/wp\/v2\/posts\/5122\/revisions"}],"wp:featuredmedia":[{"embeddable":true,"href":"https:\/\/ledenonciateur224.com\/index.php\/wp-json\/wp\/v2\/media\/5128"}],"wp:attachment":[{"href":"https:\/\/ledenonciateur224.com\/index.php\/wp-json\/wp\/v2\/media?parent=5122"}],"wp:term":[{"taxonomy":"category","embeddable":true,"href":"https:\/\/ledenonciateur224.com\/index.php\/wp-json\/wp\/v2\/categories?post=5122"},{"taxonomy":"post_tag","embeddable":true,"href":"https:\/\/ledenonciateur224.com\/index.php\/wp-json\/wp\/v2\/tags?post=5122"}],"curies":[{"name":"wp","href":"https:\/\/api.w.org\/{rel}","templated":true}]}}