{"id":5136,"date":"2025-09-15T14:18:29","date_gmt":"2025-09-15T14:18:29","guid":{"rendered":"https:\/\/ledenonciateur224.com\/?p=5136"},"modified":"2025-09-15T14:18:29","modified_gmt":"2025-09-15T14:18:29","slug":"campagne-referendaire-les-acteurs-de-la-societe-civile-denoncent-la-mauvaise-pratiques-sur-le-terrain","status":"publish","type":"post","link":"https:\/\/ledenonciateur224.com\/index.php\/campagne-referendaire-les-acteurs-de-la-societe-civile-denoncent-la-mauvaise-pratiques-sur-le-terrain\/","title":{"rendered":"Campagne R\u00e9f\u00e9rendaire: les acteurs de la soci\u00e9t\u00e9 civile d\u00e9noncent la mauvaise pratiques sur le terrain\u00a0"},"content":{"rendered":"<div dir=\"auto\">Depuis l&rsquo;ouverture de la campagne r\u00e9f\u00e9rendaire le 06 septembre 2025, la Synergie des Fa\u00eeti\u00e8res de la soci\u00e9t\u00e9 civile pour l&rsquo;observation du scrutin r\u00e9f\u00e9rendaire, suit de pr\u00e8s toutes les mobilisations en cours sur le terrain pour le OUI ou le NON au projet de nouvelle Constitution.<\/div>\n<div dir=\"auto\"><\/div>\n<div dir=\"auto\">La Synergie rappelle que son objectif est d&rsquo;avoir un scrutin cr\u00e9dible, int\u00e8gre et apais\u00e9 et sa mission est fond\u00e9e sur les principes d&rsquo;impartialit\u00e9, de transparence, de redevabilit\u00e9 et de participation citoyenne, conform\u00e9ment \u00e0 la l\u00e9gislation nationale aux bonnes pratiques.<\/div>\n<div dir=\"auto\"><\/div>\n<div dir=\"auto\">Toutefois, \u00e0 l&rsquo;issue de ses observations pr\u00e9liminaires, la Synergie rel\u00e8ve avec pr\u00e9occupation certaines pratiques et perceptions qui pourraient affecter la qualit\u00e9 du d\u00e9bat citoyen et la compr\u00e9hension du peuple souverain quant \u00e0 l&rsquo;enjeu r\u00e9el du scrutin r\u00e9f\u00e9rendaire, notamment :<\/div>\n<div dir=\"auto\"><\/div>\n<div dir=\"auto\">1. La confusion totale entre le OUI pour le Projet de nouvelle Constitution, et le soutien \u00e0 la personne du Pr\u00e9sident de la R\u00e9publique :<\/div>\n<div dir=\"auto\"><\/div>\n<div dir=\"auto\">La Synergie observe que, dans de nombreux discours et supports de campagne, la Constitution est pr\u00e9sent\u00e9e et per\u00e7ue comme un outil d&rsquo;adh\u00e9sion ou de soutien personnel au Pr\u00e9sident de la R\u00e9publique en exercice. Cette assimilation erron\u00e9e occulte la nature r\u00e9elle du texte constitutionnel en tant que loi fondamentale, destin\u00e9e \u00e0 r\u00e9gir la vie collective au-del\u00e0 des contingences politiques et des acteurs du pouvoir.<\/div>\n<div dir=\"auto\"><\/div>\n<div dir=\"auto\">2. La pr\u00e9sentation du Projet de Constitution comme une bataille pour ou contre un dirigeant, ce qui r\u00e9duit le d\u00e9bat r\u00e9f\u00e9rendaire \u00e0 un choix partisan :<\/div>\n<div dir=\"auto\"><\/div>\n<div dir=\"auto\">L&rsquo;appropriation du discours r\u00e9f\u00e9rendaire par des logiques de confrontation politique tend \u00e0 rel\u00e9guer au second plan le contenu m\u00eame du projet de Constitution. Le r\u00e9f\u00e9rendum est ainsi faussement pr\u00e9sent\u00e9 comme une bataille pour ou contre un dirigeant, plut\u00f4t qu&rsquo;un exercice de souverainet\u00e9 destin\u00e9 \u00e0 doter la Nation d&rsquo;un cadre institutionnel consensuel, durable et protecteur des droits et libert\u00e9s.<\/div>\n<div dir=\"auto\"><\/div>\n<div dir=\"auto\">Cette confusion entre le projet de nouvelle de Constitution et le choix du pour ou du contre un dirigeant, peut engendrer plusieurs cons\u00e9quences:<\/div>\n<div dir=\"auto\"><\/div>\n<div dir=\"auto\"><img loading=\"lazy\" decoding=\"async\" class=\"alignnone size-full wp-image-5137\" src=\"https:\/\/ledenonciateur224.com\/wp-content\/uploads\/2025\/09\/img-20250915-wa0275.jpg\" alt=\"\" width=\"1020\" height=\"459\" srcset=\"https:\/\/ledenonciateur224.com\/wp-content\/uploads\/2025\/09\/img-20250915-wa0275.jpg 1020w, https:\/\/ledenonciateur224.com\/wp-content\/uploads\/2025\/09\/img-20250915-wa0275-300x135.jpg 300w, https:\/\/ledenonciateur224.com\/wp-content\/uploads\/2025\/09\/img-20250915-wa0275-768x346.jpg 768w, https:\/\/ledenonciateur224.com\/wp-content\/uploads\/2025\/09\/img-20250915-wa0275-150x68.jpg 150w, https:\/\/ledenonciateur224.com\/wp-content\/uploads\/2025\/09\/img-20250915-wa0275-696x313.jpg 696w, https:\/\/ledenonciateur224.com\/wp-content\/uploads\/2025\/09\/img-20250915-wa0275-933x420.jpg 933w\" sizes=\"auto, (max-width: 1020px) 100vw, 1020px\" \/><\/div>\n<div dir=\"auto\">\u27a4 Le d\u00e9tournement du sens du vote r\u00e9f\u00e9rendaire: au lieu de s&rsquo;exprimer sur le texte constitutionnel, les \u00e9lecteurs risquent de se prononcer sur la personne du Chef de l&rsquo;\u00c9tat, ce qui peut d\u00e9naturer la finalit\u00e9 de l&rsquo;exercice d\u00e9mocratique;<\/div>\n<div dir=\"auto\"><\/div>\n<div dir=\"auto\">\u27a4 L&rsquo;Affaiblissement de la l\u00e9gitimit\u00e9 du processus: si le r\u00e9f\u00e9rendum est per\u00e7u comme un pl\u00e9biscite ou un rejet du Pr\u00e9sident en fonction, la valeur consensuelle et fondatrice de la Constitution pourrait \u00eatre compromise;<\/div>\n<div dir=\"auto\"><\/div>\n<div dir=\"auto\">\u27a4 L&rsquo;Exacerbation des clivages politiques et sociaux: la polarisation autour d&rsquo;une personne accentue les tensions, \u00e9loigne le d\u00e9bat du fond et emp\u00eache l&rsquo;\u00e9mergence d&rsquo;un socle de valeurs communes.<\/div>\n<div dir=\"auto\"><\/div>\n<div dir=\"auto\">Citoyen<\/div>\n<div dir=\"auto\"><\/div>\n<div dir=\"auto\">\u27a4 La mauvaise compr\u00e9hension citoyenne le bas peuple, ceux qui ne sont parfois pas lettres, confus et mal inform\u00e9, peut se voir priv\u00e9 d&rsquo;une r\u00e9elle appropriation du texte constitutionnel qui a pourtant \u00e9t\u00e9 \u00e9labor\u00e9e suivant une large consultation avec la contribution de tous.<\/div>\n<div dir=\"auto\"><\/div>\n<div dir=\"auto\">Afin de pr\u00e9server la cr\u00e9dibilit\u00e9 et la port\u00e9e historique du r\u00e9f\u00e9rendum, la Synergie formule les recommandations suivantes:<\/div>\n<div dir=\"auto\">1. Aux acteurs politiques, leaders d&rsquo;opinion et membres du Gouvernement, de:<\/div>\n<div dir=\"auto\"><\/div>\n<div dir=\"auto\">\u27a4Dissocier clairement dans les discours le projet de Constitution de la personne du Pr\u00e9sident de la R\u00e9publique;<\/div>\n<div dir=\"auto\"><\/div>\n<div dir=\"auto\">\u27a4 Centrer la campagne sur les dispositions du projet constitutionnel, en expliquant leurs implications pour la d\u00e9mocratie, la gouvernance et les droits des citoyens;<\/div>\n<div dir=\"auto\"><\/div>\n<div dir=\"auto\">\u27a4 Promouvoir un climat de tol\u00e9rance et d&rsquo;ouverture permettant \u00e0 toutes les sensibilit\u00e9s de s&rsquo;exprimer librement.<\/div>\n<div dir=\"auto\"><\/div>\n<div dir=\"auto\">2. Aux organisations de la soci\u00e9t\u00e9 civile :<\/div>\n<div dir=\"auto\"><\/div>\n<div dir=\"auto\">\u27a4 Intensifier les actions de sensibilisation neutres et p\u00e9dagogiques aupr\u00e8s des citoyens, en particulier dans les zones rurales et p\u00e9riurbaines;<\/div>\n<div dir=\"auto\"><\/div>\n<div dir=\"auto\">\u27a4 Mettre en place des plateformes d&rsquo;\u00e9ducation civique et de d\u00e9bats communautaires afin d&rsquo;\u00e9clairer les \u00e9lecteurs sur le contenu du texte :<\/div>\n<div dir=\"auto\"><\/div>\n<div dir=\"auto\">\u27a4 Observer de pr\u00e8s la campagne et le scrutin afin de contribuer \u00e0 la cr\u00e9dibilit\u00e9 du r\u00e9f\u00e9rendum et \u00e0 la consolidation de la d\u00e9mocratie en Guin\u00e9e.<\/div>\n<div dir=\"auto\"><\/div>\n<div dir=\"auto\">La Constitution n&rsquo;est pas la propri\u00e9t\u00e9 d&rsquo;une personne ou d&rsquo;un r\u00e9gime; elle est le pacte social supr\u00eame qui engage et prot\u00e8ge l&rsquo;ensemble de la communaut\u00e9 nationale. Confondre la Constitution avec un soutien \u00e0 une personnalit\u00e9 politique revient \u00e0 r\u00e9duire l&rsquo;avenir collectif de la Nation \u00e0 des enjeux partisans et circonstanciels.<\/div>\n<div dir=\"auto\"><\/div>\n<div dir=\"auto\">La Synergie des fa\u00eeti\u00e8res de la soci\u00e9t\u00e9 civile guin\u00e9enne pour l&rsquo;observation du scrutin r\u00e9f\u00e9rendaire en appelle donc \u00e0 la responsabilit\u00e9 de tous les acteurs afin que ce r\u00e9f\u00e9rendum soit une opportunit\u00e9 historique de consolidation de la d\u00e9mocratie, de l&rsquo;\u00c9tat de droit et de l&rsquo;unit\u00e9 nationale.<\/div>\n<div dir=\"auto\"><\/div>\n<div dir=\"auto\">Conakry, le 15 septembre 2025<\/div>\n<div dir=\"auto\"><\/div>\n<div dir=\"auto\">Pour la Synergie des Faiti\u00e8res de la Soci\u00e9t\u00e9 Civile<\/div>\n","protected":false},"excerpt":{"rendered":"<p>Depuis l&rsquo;ouverture de la campagne r\u00e9f\u00e9rendaire le 06 septembre 2025, la Synergie des Fa\u00eeti\u00e8res de la soci\u00e9t\u00e9 civile pour l&rsquo;observation du scrutin r\u00e9f\u00e9rendaire, suit de pr\u00e8s toutes les mobilisations en cours sur le terrain pour le OUI ou le NON au projet de nouvelle Constitution. La Synergie rappelle que son objectif est d&rsquo;avoir un scrutin [&hellip;]<\/p>\n","protected":false},"author":2,"featured_media":5138,"comment_status":"open","ping_status":"open","sticky":false,"template":"","format":"standard","meta":{"_jetpack_memberships_contains_paid_content":false,"footnotes":"","jetpack_publicize_message":"","jetpack_publicize_feature_enabled":true,"jetpack_social_post_already_shared":true,"jetpack_social_options":{"image_generator_settings":{"template":"highway","default_image_id":0,"font":"","enabled":false},"version":2}},"categories":[24,27],"tags":[1119],"class_list":{"0":"post-5136","1":"post","2":"type-post","3":"status-publish","4":"format-standard","5":"has-post-thumbnail","7":"category-news","8":"category-politique","9":"tag-campagne"},"jetpack_publicize_connections":[],"jetpack_featured_media_url":"https:\/\/ledenonciateur224.com\/wp-content\/uploads\/2025\/09\/img-20250915-wa0274.jpg","jetpack_sharing_enabled":true,"_links":{"self":[{"href":"https:\/\/ledenonciateur224.com\/index.php\/wp-json\/wp\/v2\/posts\/5136","targetHints":{"allow":["GET"]}}],"collection":[{"href":"https:\/\/ledenonciateur224.com\/index.php\/wp-json\/wp\/v2\/posts"}],"about":[{"href":"https:\/\/ledenonciateur224.com\/index.php\/wp-json\/wp\/v2\/types\/post"}],"author":[{"embeddable":true,"href":"https:\/\/ledenonciateur224.com\/index.php\/wp-json\/wp\/v2\/users\/2"}],"replies":[{"embeddable":true,"href":"https:\/\/ledenonciateur224.com\/index.php\/wp-json\/wp\/v2\/comments?post=5136"}],"version-history":[{"count":0,"href":"https:\/\/ledenonciateur224.com\/index.php\/wp-json\/wp\/v2\/posts\/5136\/revisions"}],"wp:featuredmedia":[{"embeddable":true,"href":"https:\/\/ledenonciateur224.com\/index.php\/wp-json\/wp\/v2\/media\/5138"}],"wp:attachment":[{"href":"https:\/\/ledenonciateur224.com\/index.php\/wp-json\/wp\/v2\/media?parent=5136"}],"wp:term":[{"taxonomy":"category","embeddable":true,"href":"https:\/\/ledenonciateur224.com\/index.php\/wp-json\/wp\/v2\/categories?post=5136"},{"taxonomy":"post_tag","embeddable":true,"href":"https:\/\/ledenonciateur224.com\/index.php\/wp-json\/wp\/v2\/tags?post=5136"}],"curies":[{"name":"wp","href":"https:\/\/api.w.org\/{rel}","templated":true}]}}