{"id":517,"date":"2024-12-16T22:04:55","date_gmt":"2024-12-16T22:04:55","guid":{"rendered":"https:\/\/ledenonciateur224.com\/?p=517"},"modified":"2024-12-16T22:04:55","modified_gmt":"2024-12-16T22:04:55","slug":"bouna-sylla-un-cadre-visionnaire-et-determine-pour-le-developpement-economique-de-la-guinee","status":"publish","type":"post","link":"https:\/\/ledenonciateur224.com\/index.php\/bouna-sylla-un-cadre-visionnaire-et-determine-pour-le-developpement-economique-de-la-guinee\/","title":{"rendered":"Bouna Sylla : Un cadre visionnaire et d\u00e9termin\u00e9 pour le d\u00e9veloppement \u00e9conomique de la Guin\u00e9e"},"content":{"rendered":"<div dir=\"auto\"><\/div>\n<div dir=\"auto\"><\/div>\n<div dir=\"auto\"><\/div>\n<div dir=\"auto\">Depuis sa nomination au poste de ministre des Mines et de la G\u00e9ologie en mars dernier, Bouna Sylla a incontestablement marqu\u00e9 son empreinte dans ce d\u00e9partement strat\u00e9gique. V\u00e9ritable homme de r\u00e9formes, il a su insuffler une dynamique nouvelle, apportant des changements profonds et significatifs dans un secteur cl\u00e9 pour l&rsquo;\u00e9conomie de la Guin\u00e9e. Avant son arriv\u00e9e, le minist\u00e8re des Mines \u00e9tait confront\u00e9 \u00e0 des d\u00e9fis majeurs, avec des \u00e9quipements v\u00e9tustes, des infrastructures insuffisantes et une gestion parfois chaotique. Le b\u00e2timent du minist\u00e8re manquait, par exemple, de l&rsquo;\u00e9l\u00e9ment le plus basique comme un ascenseur, ce qui t\u00e9moignait de l\u2019\u00e9tat d\u00e9grad\u00e9 de ses installations.<\/div>\n<div dir=\"auto\"><img loading=\"lazy\" decoding=\"async\" class=\"alignnone size-full wp-image-518\" src=\"https:\/\/ledenonciateur224.com\/wp-content\/uploads\/2024\/12\/buona-sylla.jpg\" alt=\"\" width=\"253\" height=\"188\" srcset=\"https:\/\/ledenonciateur224.com\/wp-content\/uploads\/2024\/12\/buona-sylla.jpg 253w, https:\/\/ledenonciateur224.com\/wp-content\/uploads\/2024\/12\/buona-sylla-150x111.jpg 150w, https:\/\/ledenonciateur224.com\/wp-content\/uploads\/2024\/12\/buona-sylla-80x60.jpg 80w\" sizes=\"auto, (max-width: 253px) 100vw, 253px\" \/><\/div>\n<div dir=\"auto\"><\/div>\n<div dir=\"auto\">Face \u00e0 ces carences, Bouna Sylla n\u2019a pas tard\u00e9 \u00e0 entreprendre une s\u00e9rie de r\u00e9formes audacieuses. En premier lieu, il a mis en place une strat\u00e9gie claire et structur\u00e9e visant \u00e0 moderniser le d\u00e9partement et \u00e0 renforcer son efficacit\u00e9 op\u00e9rationnelle. La gestion des soci\u00e9t\u00e9s mini\u00e8res a \u00e9t\u00e9 revue, avec une r\u00e9glementation stricte et un contr\u00f4le renforc\u00e9 pour assurer une exploitation mini\u00e8re plus transparente et b\u00e9n\u00e9fique pour le pays. Cette r\u00e9organisation permet aujourd&rsquo;hui de mieux suivre les activit\u00e9s des entreprises, de garantir le respect des normes et de favoriser une exploitation durable des ressources naturelles de la Guin\u00e9e.<\/div>\n<div dir=\"auto\"><\/div>\n<div dir=\"auto\">Bouna Sylla, fort de son expertise en droit et en fiscalit\u00e9, s&rsquo;est \u00e9galement inscrit dans la vision de refondation pr\u00f4n\u00e9e par le pr\u00e9sident de la R\u00e9publique, le G\u00e9n\u00e9ral Mamadi Doumbouya. En tant que juriste chevronn\u00e9, il a \u00e9t\u00e9 un acteur central dans la mise en \u0153uvre de politiques favorisant une gouvernance transparente et efficace, essentielle pour attirer les investissements \u00e9trangers et stimuler la croissance \u00e9conomique.<\/div>\n<div dir=\"auto\"><\/div>\n<div dir=\"auto\"><del><img loading=\"lazy\" decoding=\"async\" class=\"alignnone size-full wp-image-519\" src=\"https:\/\/ledenonciateur224.com\/wp-content\/uploads\/2024\/12\/images-4.jpeg\" alt=\"\" width=\"275\" height=\"183\" srcset=\"https:\/\/ledenonciateur224.com\/wp-content\/uploads\/2024\/12\/images-4.jpeg 275w, https:\/\/ledenonciateur224.com\/wp-content\/uploads\/2024\/12\/images-4-150x100.jpeg 150w\" sizes=\"auto, (max-width: 275px) 100vw, 275px\" \/><\/del><\/div>\n<div dir=\"auto\"><\/div>\n<div dir=\"auto\">Sa gestion proactive et son approche strat\u00e9gique ont rapidement fait de lui l&rsquo;un des cadres les plus sollicit\u00e9s par la pr\u00e9sidence, notamment pour le m\u00e9ga-projet Simandou, un projet minier majeur qui repr\u00e9sente une v\u00e9ritable opportunit\u00e9 de d\u00e9veloppement pour la Guin\u00e9e. Gr\u00e2ce \u00e0 son expertise et \u00e0 son engagement, Bouna Sylla a jou\u00e9 un r\u00f4le cl\u00e9 dans la structuration et la gestion de ce projet, qui est appel\u00e9 \u00e0 transformer le paysage \u00e9conomique du pays.<\/div>\n<div dir=\"auto\"><\/div>\n<div dir=\"auto\">En seulement huit mois de mandat, Bouna Sylla a su stabiliser une grande partie de l\u2019\u00e9conomie guin\u00e9enne, notamment en r\u00e9formant un secteur minier longtemps mal g\u00e9r\u00e9. Son action a permis de renforcer la confiance des investisseurs et des partenaires internationaux, et de donner au minist\u00e8re des Mines un r\u00f4le central dans la relance \u00e9conomique du pays. Par son travail acharn\u00e9, son sens de l\u2019organisation et sa vision claire, Bouna Sylla incarne l\u2019espoir d\u2019une Guin\u00e9e moderne, prosp\u00e8re et r\u00e9solument tourn\u00e9e vers l\u2019avenir.<\/div>\n<div dir=\"auto\"><\/div>\n<div dir=\"auto\">Au-del\u00e0 de ses r\u00e9formes et de ses r\u00e9ussites, Bouna Sylla repr\u00e9sente \u00e9galement un mod\u00e8le de leadership pour la nouvelle g\u00e9n\u00e9ration de cadres guin\u00e9ens. Issu du syst\u00e8me \u00e9ducatif national, il d\u00e9montre que la comp\u00e9tence, l\u2019engagement et la vision peuvent permettre \u00e0 la Guin\u00e9e de se r\u00e9inventer et de prendre un v\u00e9ritable envol \u00e9conomique. Gr\u00e2ce \u00e0 des personnalit\u00e9s comme lui, la Guin\u00e9e s\u2019achemine vers un avenir prometteur, o\u00f9 les r\u00e9formes structures seront les moteurs d\u2019un d\u00e9veloppement durable et inclusif.<\/div>\n<div dir=\"auto\"><\/div>\n<div dir=\"auto\"><\/div>\n<div dir=\"auto\"><\/div>\n<div dir=\"auto\"><\/div>\n<div dir=\"auto\"><\/div>\n<div dir=\"auto\">Ledenonciateur224.com<\/div>\n<div dir=\"auto\"><\/div>\n","protected":false},"excerpt":{"rendered":"<p>Depuis sa nomination au poste de ministre des Mines et de la G\u00e9ologie en mars dernier, Bouna Sylla a incontestablement marqu\u00e9 son empreinte dans ce d\u00e9partement strat\u00e9gique. V\u00e9ritable homme de r\u00e9formes, il a su insuffler une dynamique nouvelle, apportant des changements profonds et significatifs dans un secteur cl\u00e9 pour l&rsquo;\u00e9conomie de la Guin\u00e9e. Avant son [&hellip;]<\/p>\n","protected":false},"author":2,"featured_media":521,"comment_status":"open","ping_status":"open","sticky":false,"template":"","format":"standard","meta":{"_jetpack_memberships_contains_paid_content":false,"footnotes":"","jetpack_publicize_message":"","jetpack_publicize_feature_enabled":true,"jetpack_social_post_already_shared":false,"jetpack_social_options":{"image_generator_settings":{"template":"highway","default_image_id":0,"font":"","enabled":false},"version":2}},"categories":[29,24],"tags":[105,36,35],"class_list":{"0":"post-517","1":"post","2":"type-post","3":"status-publish","4":"format-standard","5":"has-post-thumbnail","7":"category-economie","8":"category-news","9":"tag-bouna-sylla-ministre-des-mines","10":"tag-conakry","11":"tag-guinee"},"jetpack_publicize_connections":[],"jetpack_featured_media_url":"https:\/\/ledenonciateur224.com\/wp-content\/uploads\/2024\/12\/whatsapp-image-2024-04-25-a-194713-a27aa9c9.jpg","jetpack_sharing_enabled":true,"_links":{"self":[{"href":"https:\/\/ledenonciateur224.com\/index.php\/wp-json\/wp\/v2\/posts\/517","targetHints":{"allow":["GET"]}}],"collection":[{"href":"https:\/\/ledenonciateur224.com\/index.php\/wp-json\/wp\/v2\/posts"}],"about":[{"href":"https:\/\/ledenonciateur224.com\/index.php\/wp-json\/wp\/v2\/types\/post"}],"author":[{"embeddable":true,"href":"https:\/\/ledenonciateur224.com\/index.php\/wp-json\/wp\/v2\/users\/2"}],"replies":[{"embeddable":true,"href":"https:\/\/ledenonciateur224.com\/index.php\/wp-json\/wp\/v2\/comments?post=517"}],"version-history":[{"count":0,"href":"https:\/\/ledenonciateur224.com\/index.php\/wp-json\/wp\/v2\/posts\/517\/revisions"}],"wp:featuredmedia":[{"embeddable":true,"href":"https:\/\/ledenonciateur224.com\/index.php\/wp-json\/wp\/v2\/media\/521"}],"wp:attachment":[{"href":"https:\/\/ledenonciateur224.com\/index.php\/wp-json\/wp\/v2\/media?parent=517"}],"wp:term":[{"taxonomy":"category","embeddable":true,"href":"https:\/\/ledenonciateur224.com\/index.php\/wp-json\/wp\/v2\/categories?post=517"},{"taxonomy":"post_tag","embeddable":true,"href":"https:\/\/ledenonciateur224.com\/index.php\/wp-json\/wp\/v2\/tags?post=517"}],"curies":[{"name":"wp","href":"https:\/\/api.w.org\/{rel}","templated":true}]}}