{"id":5187,"date":"2025-09-17T19:30:40","date_gmt":"2025-09-17T19:30:40","guid":{"rendered":"https:\/\/ledenonciateur224.com\/?p=5187"},"modified":"2025-09-17T19:30:40","modified_gmt":"2025-09-17T19:30:40","slug":"kaloum-dit-oui-baidy-aribot-en-premiere-ligne-pour-un-referendum-historique","status":"publish","type":"post","link":"https:\/\/ledenonciateur224.com\/index.php\/kaloum-dit-oui-baidy-aribot-en-premiere-ligne-pour-un-referendum-historique\/","title":{"rendered":"Kaloum dit Oui : Baidy Aribot en premi\u00e8re ligne pour un r\u00e9f\u00e9rendum historique"},"content":{"rendered":"<p>\u00c0 quelques jours du r\u00e9f\u00e9rendum constitutionnel du 21 septembre 2025, Kaloum s\u2019est mis en mouvement derri\u00e8re l\u2019un de ses fils les plus influents : l\u2019honorable Baidy Aribot. Ce mercredi 17 septembre, une mobilisation d\u2019ampleur s\u2019est tenue au Palais du Peuple \u00e0 l\u2019initiative du mouvement <strong>\u00ab\u00a0IIYOO\u00a0\u00bb<\/strong>, fond\u00e9 et coordonn\u00e9 par l\u2019homme politique. Signifiant\u00a0<strong>\u00ab\u00a0Oui\u00a0\u00bb<\/strong>\u00a0en langue locale,\u00a0<strong>\u00ab\u00a0IYOO\u00a0\u00bb<\/strong>\u00a0incarne l\u2019espoir d\u2019un changement institutionnel port\u00e9 par une base populaire engag\u00e9e.<\/p>\n<h3><img loading=\"lazy\" decoding=\"async\" class=\"alignnone size-full wp-image-5188\" src=\"https:\/\/ledenonciateur224.com\/wp-content\/uploads\/2025\/09\/img-20250917-wa0286.jpg\" alt=\"\" width=\"1020\" height=\"459\" srcset=\"https:\/\/ledenonciateur224.com\/wp-content\/uploads\/2025\/09\/img-20250917-wa0286.jpg 1020w, https:\/\/ledenonciateur224.com\/wp-content\/uploads\/2025\/09\/img-20250917-wa0286-300x135.jpg 300w, https:\/\/ledenonciateur224.com\/wp-content\/uploads\/2025\/09\/img-20250917-wa0286-768x346.jpg 768w, https:\/\/ledenonciateur224.com\/wp-content\/uploads\/2025\/09\/img-20250917-wa0286-150x68.jpg 150w, https:\/\/ledenonciateur224.com\/wp-content\/uploads\/2025\/09\/img-20250917-wa0286-696x313.jpg 696w, https:\/\/ledenonciateur224.com\/wp-content\/uploads\/2025\/09\/img-20250917-wa0286-933x420.jpg 933w\" sizes=\"auto, (max-width: 1020px) 100vw, 1020px\" \/><\/h3>\n<p>La salle \u00e9tait comble. Citoyens de Kaloum, chefs de quartiers, pr\u00e9sidents des d\u00e9l\u00e9gations sp\u00e9ciales des 13 communes de Conakry et artistes populaires ont r\u00e9pondu massivement \u00e0 l\u2019appel. L\u2019objectif \u00e9tait clair : mobiliser la population pour voter massivement\u00a0<strong>\u00ab\u00a0Oui\u00a0\u00bb<\/strong>\u00a0lors du r\u00e9f\u00e9rendum sur la nouvelle Constitution, pr\u00e9vu ce samedi 21 septembre.<\/p>\n<p>Dans une atmosph\u00e8re chaleureuse et militante, l\u2019honorable Baidy Aribot a r\u00e9affirm\u00e9 son attachement \u00e0 Kaloum et son engagement pour une r\u00e9forme institutionnelle en profondeur. Le ton a \u00e9t\u00e9 donn\u00e9 d\u00e8s l\u2019ouverture par des interventions poignantes de figures de la soci\u00e9t\u00e9 civile, notamment des femmes et des jeunes, piliers de la mobilisation citoyenne.<\/p>\n<h3><img loading=\"lazy\" decoding=\"async\" class=\"alignnone size-full wp-image-5189\" src=\"https:\/\/ledenonciateur224.com\/wp-content\/uploads\/2025\/09\/img-20250917-wa0274.jpg\" alt=\"\" width=\"960\" height=\"1280\" srcset=\"https:\/\/ledenonciateur224.com\/wp-content\/uploads\/2025\/09\/img-20250917-wa0274.jpg 960w, https:\/\/ledenonciateur224.com\/wp-content\/uploads\/2025\/09\/img-20250917-wa0274-225x300.jpg 225w, https:\/\/ledenonciateur224.com\/wp-content\/uploads\/2025\/09\/img-20250917-wa0274-768x1024.jpg 768w, https:\/\/ledenonciateur224.com\/wp-content\/uploads\/2025\/09\/img-20250917-wa0274-150x200.jpg 150w, https:\/\/ledenonciateur224.com\/wp-content\/uploads\/2025\/09\/img-20250917-wa0274-300x400.jpg 300w, https:\/\/ledenonciateur224.com\/wp-content\/uploads\/2025\/09\/img-20250917-wa0274-696x928.jpg 696w, https:\/\/ledenonciateur224.com\/wp-content\/uploads\/2025\/09\/img-20250917-wa0274-315x420.jpg 315w\" sizes=\"auto, (max-width: 960px) 100vw, 960px\" \/><\/h3>\n<p>Parmi les prises de parole marquantes, celle de\u00a0<strong>Hadja Fatouma Yeressa<\/strong>, pr\u00e9sidente des femmes du mouvement, a particuli\u00e8rement retenu l\u2019attention. Dans une d\u00e9claration forte et pleine d\u2019\u00e9motion, elle a exprim\u00e9 le soutien total des femmes de Kaloum \u00e0 Baidy Aribot et au projet constitutionnel :<strong>\u00ab\u00a0Honorable Baidy, nous vous rassurons, en tant que fils de Kaloum, que toutes les femmes sont derri\u00e8re vous pour voter Oui, \u00e0 100 %, le 21 septembre prochain. Nous avons toutes retir\u00e9 nos cartes d\u2019\u00e9lecteurs. Cela doit \u00eatre clair pour vous. Nous le ferons, inch&rsquo;Allah, pour vous honorer.\u00a0\u00bb<\/strong><\/p>\n<p>Son message a \u00e9t\u00e9 accueilli par une ovation nourrie, t\u00e9moignant du r\u00f4le crucial que jouent les femmes dans le processus d\u00e9mocratique en cours.<\/p>\n<h3><img loading=\"lazy\" decoding=\"async\" class=\"alignnone size-full wp-image-5190\" src=\"https:\/\/ledenonciateur224.com\/wp-content\/uploads\/2025\/09\/img-20250917-wa0270.jpg\" alt=\"\" width=\"960\" height=\"1280\" srcset=\"https:\/\/ledenonciateur224.com\/wp-content\/uploads\/2025\/09\/img-20250917-wa0270.jpg 960w, https:\/\/ledenonciateur224.com\/wp-content\/uploads\/2025\/09\/img-20250917-wa0270-225x300.jpg 225w, https:\/\/ledenonciateur224.com\/wp-content\/uploads\/2025\/09\/img-20250917-wa0270-768x1024.jpg 768w, https:\/\/ledenonciateur224.com\/wp-content\/uploads\/2025\/09\/img-20250917-wa0270-150x200.jpg 150w, https:\/\/ledenonciateur224.com\/wp-content\/uploads\/2025\/09\/img-20250917-wa0270-300x400.jpg 300w, https:\/\/ledenonciateur224.com\/wp-content\/uploads\/2025\/09\/img-20250917-wa0270-696x928.jpg 696w, https:\/\/ledenonciateur224.com\/wp-content\/uploads\/2025\/09\/img-20250917-wa0270-315x420.jpg 315w\" sizes=\"auto, (max-width: 960px) 100vw, 960px\" \/><\/h3>\n<p>Autre moment fort de la c\u00e9r\u00e9monie : l\u2019intervention de\u00a0<strong>Abdoulaye Rayagou Sacko<\/strong>, pr\u00e9sident de la jeunesse de la Basse Guin\u00e9e. S\u2019exprimant au nom de Baidy Aribot, il a livr\u00e9 un discours mobilisateur \u00e0 destination de la jeunesse guin\u00e9enne :<\/p>\n<p><strong>\u00ab\u00a0Au nom de la jeunesse de notre r\u00e9gion, je vous adresse un message de mobilisation et d\u2019espoir. Le 21 septembre prochain, notre pays vivra un moment historique : le r\u00e9f\u00e9rendum constitutionnel. Ce rendez-vous n\u2019est pas seulement un acte citoyen, c\u2019est une opportunit\u00e9 offerte \u00e0 chacun de nous de b\u00e2tir l\u2019avenir que nous voulons pour notre nation.<\/strong><\/p>\n<p>Mais avant de voter, il y a une \u00e9tape incontournable : le retrait des cartes d\u2019\u00e9lecteurs. Sans cette carte, aucune voix ne peut s\u2019exprimer. J\u2019appelle donc solennellement tous les jeunes \u00e0 se rendre massivement dans les centres pour retirer leurs cartes. Car notre voix compte, notre avenir d\u00e9pend de ce choix.\u00a0\u00bb<\/p>\n<p>Il a ensuite insist\u00e9 sur les avanc\u00e9es que propose le texte constitutionnel, notamment en faveur de la jeunesse :<strong>\u00ab\u00a0La nouvelle Constitution qui sera soumise au vote prend en compte les aspirations de la jeunesse. Elle garantit davantage de droits, cr\u00e9e des m\u00e9canismes pour favoriser l\u2019emploi et l\u2019entrepreneuriat des jeunes, et renforce leur participation \u00e0 la gestion publique. C\u2019est un texte porteur d\u2019espoir, qui offre des perspectives nouvelles pour que notre \u00e9nergie, notre cr\u00e9ativit\u00e9, notre engagement deviennent le moteur de la Guin\u00e9e de demain.<\/strong><\/p>\n<p>C\u2019est pourquoi, chers jeunes de la Basse Guin\u00e9e, et jeunes des quatre coins du pays, nous n\u2019avons pas le droit de rester en marge. L\u2019avenir de notre pays ne se construira pas sans nous.\u00a0\u00bb<\/p>\n<p>Son appel s\u2019est conclu sur une note de d\u00e9termination :<strong>\u00ab\u00a0Le 21 septembre prochain, faisons entendre notre voix, la voix de la jeunesse. Mais d\u00e8s aujourd\u2019hui, allons retirer notre carte d\u2019\u00e9lecteur. C\u2019est notre droit, c\u2019est notre responsabilit\u00e9.\u00a0\u00bb<\/strong><\/p>\n<h3><\/h3>\n<p>Avec cette d\u00e9monstration de force, Baidy Aribot r\u00e9affirme son r\u00f4le central dans le paysage politique guin\u00e9en. En mobilisant Kaloum pour le\u00a0<strong>\u00ab\u00a0Oui\u00a0\u00bb<\/strong>, il incarne une vision de r\u00e9forme ax\u00e9e sur la jeunesse, la participation citoyenne et la responsabilit\u00e9 collective.<\/p>\n<p>\u00c0 quelques jours du scrutin, l\u2019enjeu est d\u00e9sormais entre les mains du peuple. Et si l\u2019\u00e9nergie d\u00e9ploy\u00e9e ce 17 septembre est un indicateur, Kaloum est pr\u00eat \u00e0 jouer pleinement son r\u00f4le dans cette nouvelle page de l\u2019histoire constitutionnelle de la Guin\u00e9e.<\/p>\n<p>&nbsp;<\/p>\n<p>Ledenonciateur224.com<\/p>\n","protected":false},"excerpt":{"rendered":"<p>\u00c0 quelques jours du r\u00e9f\u00e9rendum constitutionnel du 21 septembre 2025, Kaloum s\u2019est mis en mouvement derri\u00e8re l\u2019un de ses fils les plus influents : l\u2019honorable Baidy Aribot. Ce mercredi 17 septembre, une mobilisation d\u2019ampleur s\u2019est tenue au Palais du Peuple \u00e0 l\u2019initiative du mouvement \u00ab\u00a0IIYOO\u00a0\u00bb, fond\u00e9 et coordonn\u00e9 par l\u2019homme politique. Signifiant\u00a0\u00ab\u00a0Oui\u00a0\u00bb\u00a0en langue locale,\u00a0\u00ab\u00a0IYOO\u00a0\u00bb\u00a0incarne l\u2019espoir [&hellip;]<\/p>\n","protected":false},"author":2,"featured_media":5191,"comment_status":"closed","ping_status":"closed","sticky":false,"template":"","format":"standard","meta":{"_jetpack_memberships_contains_paid_content":false,"footnotes":"","jetpack_publicize_message":"","jetpack_publicize_feature_enabled":true,"jetpack_social_post_already_shared":true,"jetpack_social_options":{"image_generator_settings":{"template":"highway","default_image_id":0,"font":"","enabled":false},"version":2}},"categories":[24,27],"tags":[529,586],"class_list":{"0":"post-5187","1":"post","2":"type-post","3":"status-publish","4":"format-standard","5":"has-post-thumbnail","7":"category-news","8":"category-politique","9":"tag-baidy-aribot","10":"tag-referendum"},"jetpack_publicize_connections":[],"jetpack_featured_media_url":"https:\/\/ledenonciateur224.com\/wp-content\/uploads\/2025\/09\/img-20250917-wa0266.jpg","jetpack_sharing_enabled":true,"_links":{"self":[{"href":"https:\/\/ledenonciateur224.com\/index.php\/wp-json\/wp\/v2\/posts\/5187","targetHints":{"allow":["GET"]}}],"collection":[{"href":"https:\/\/ledenonciateur224.com\/index.php\/wp-json\/wp\/v2\/posts"}],"about":[{"href":"https:\/\/ledenonciateur224.com\/index.php\/wp-json\/wp\/v2\/types\/post"}],"author":[{"embeddable":true,"href":"https:\/\/ledenonciateur224.com\/index.php\/wp-json\/wp\/v2\/users\/2"}],"replies":[{"embeddable":true,"href":"https:\/\/ledenonciateur224.com\/index.php\/wp-json\/wp\/v2\/comments?post=5187"}],"version-history":[{"count":0,"href":"https:\/\/ledenonciateur224.com\/index.php\/wp-json\/wp\/v2\/posts\/5187\/revisions"}],"wp:featuredmedia":[{"embeddable":true,"href":"https:\/\/ledenonciateur224.com\/index.php\/wp-json\/wp\/v2\/media\/5191"}],"wp:attachment":[{"href":"https:\/\/ledenonciateur224.com\/index.php\/wp-json\/wp\/v2\/media?parent=5187"}],"wp:term":[{"taxonomy":"category","embeddable":true,"href":"https:\/\/ledenonciateur224.com\/index.php\/wp-json\/wp\/v2\/categories?post=5187"},{"taxonomy":"post_tag","embeddable":true,"href":"https:\/\/ledenonciateur224.com\/index.php\/wp-json\/wp\/v2\/tags?post=5187"}],"curies":[{"name":"wp","href":"https:\/\/api.w.org\/{rel}","templated":true}]}}