{"id":5216,"date":"2025-09-19T21:45:49","date_gmt":"2025-09-19T21:45:49","guid":{"rendered":"https:\/\/ledenonciateur224.com\/?p=5216"},"modified":"2025-09-19T21:45:49","modified_gmt":"2025-09-19T21:45:49","slug":"21-septembre-la-securite-passe-en-mode-commando","status":"publish","type":"post","link":"https:\/\/ledenonciateur224.com\/index.php\/21-septembre-la-securite-passe-en-mode-commando\/","title":{"rendered":"21 septembre : la s\u00e9curit\u00e9 passe en mode commando"},"content":{"rendered":"<p>Les autorit\u00e9s militaires ont franchi une nouvelle \u00e9tape dans la s\u00e9curisation du territoire national en proc\u00e9dant, ce <strong>vendredi 19 septembre 2025<\/strong>, \u00e0\u00a0<strong>l\u2019inauguration du Poste de Commandement Op\u00e9rationnel de S\u00e9curit\u00e9 Int\u00e9rieure<\/strong>. Cet organe strat\u00e9gique jouera un r\u00f4le central dans la coordination des op\u00e9rations s\u00e9curitaires li\u00e9es \u00e0 tous les \u00e9v\u00e9nements majeurs y compris au\u00a0<strong>scrutin r\u00e9f\u00e9rendaire pr\u00e9vu pour ce dimanche 21 septembre<\/strong>.<\/p>\n<p>Pr\u00e9sidant la c\u00e9r\u00e9monie, le\u00a0<strong>Haut Commandant de la Gendarmerie Nationale<\/strong>, le\u00a0<strong>G\u00e9n\u00e9ral Balla Samoura<\/strong>, a d\u00e9taill\u00e9 l\u2019impressionnant dispositif d\u00e9ploy\u00e9 pour garantir la paix et l\u2019ordre pendant le processus \u00e9lectoral.\u00ab Pour le vote r\u00e9f\u00e9rendaire du 21 septembre, ce seront environ\u00a0<strong>45 000 hommes<\/strong>\u00a0des forces de d\u00e9fense et de s\u00e9curit\u00e9 qui seront mobilis\u00e9s sur le terrain, accompagn\u00e9s de plus de\u00a0<strong>mille engins blind\u00e9s et l\u00e9gers<\/strong>, de\u00a0<strong>h\u00e9licopt\u00e8res de combat<\/strong>, ainsi que d\u2019<em>embarcations rapides pour la surveillance de la fa\u00e7ade maritime<\/em>\u00a0\u00bb, a d\u00e9clar\u00e9 le G\u00e9n\u00e9ral.<\/p>\n<p>Ce\u00a0<strong>d\u00e9ploiement massif<\/strong>\u00a0vise \u00e0\u00a0<strong>couvrir l\u2019ensemble du territoire national<\/strong>, avec une vigilance particuli\u00e8re sur les zones sensibles et les axes strat\u00e9giques. L\u2019objectif est clair : permettre aux citoyens d\u2019exercer leur droit de vote dans un climat de\u00a0<strong>s\u00e9r\u00e9nit\u00e9, de confiance et de s\u00e9curit\u00e9<\/strong>.<\/p>\n<p>L\u2019inauguration du PCOSI marque \u00e9galement la mont\u00e9e en puissance de l&rsquo;appareil s\u00e9curitaire dans le pays, t\u00e9moignant de la volont\u00e9 des autorit\u00e9s de\u00a0<strong>pr\u00e9server la stabilit\u00e9<\/strong>\u00a0face \u00e0 toute tentative de perturbation du processus d\u00e9mocratique.<\/p>\n<p>&nbsp;<\/p>\n<p>AMC<\/p>\n","protected":false},"excerpt":{"rendered":"<p>Les autorit\u00e9s militaires ont franchi une nouvelle \u00e9tape dans la s\u00e9curisation du territoire national en proc\u00e9dant, ce vendredi 19 septembre 2025, \u00e0\u00a0l\u2019inauguration du Poste de Commandement Op\u00e9rationnel de S\u00e9curit\u00e9 Int\u00e9rieure. Cet organe strat\u00e9gique jouera un r\u00f4le central dans la coordination des op\u00e9rations s\u00e9curitaires li\u00e9es \u00e0 tous les \u00e9v\u00e9nements majeurs y compris au\u00a0scrutin r\u00e9f\u00e9rendaire pr\u00e9vu pour [&hellip;]<\/p>\n","protected":false},"author":2,"featured_media":2476,"comment_status":"closed","ping_status":"closed","sticky":false,"template":"","format":"standard","meta":{"_jetpack_memberships_contains_paid_content":false,"footnotes":"","jetpack_publicize_message":"","jetpack_publicize_feature_enabled":true,"jetpack_social_post_already_shared":true,"jetpack_social_options":{"image_generator_settings":{"template":"highway","default_image_id":0,"font":"","enabled":false},"version":2}},"categories":[30,24],"tags":[1161],"class_list":{"0":"post-5216","1":"post","2":"type-post","3":"status-publish","4":"format-standard","5":"has-post-thumbnail","7":"category-faits-divers","8":"category-news","9":"tag-scrutin-referendaire"},"jetpack_publicize_connections":[],"jetpack_featured_media_url":"https:\/\/ledenonciateur224.com\/wp-content\/uploads\/2025\/04\/balla-samoura.jpg","jetpack_sharing_enabled":true,"_links":{"self":[{"href":"https:\/\/ledenonciateur224.com\/index.php\/wp-json\/wp\/v2\/posts\/5216","targetHints":{"allow":["GET"]}}],"collection":[{"href":"https:\/\/ledenonciateur224.com\/index.php\/wp-json\/wp\/v2\/posts"}],"about":[{"href":"https:\/\/ledenonciateur224.com\/index.php\/wp-json\/wp\/v2\/types\/post"}],"author":[{"embeddable":true,"href":"https:\/\/ledenonciateur224.com\/index.php\/wp-json\/wp\/v2\/users\/2"}],"replies":[{"embeddable":true,"href":"https:\/\/ledenonciateur224.com\/index.php\/wp-json\/wp\/v2\/comments?post=5216"}],"version-history":[{"count":0,"href":"https:\/\/ledenonciateur224.com\/index.php\/wp-json\/wp\/v2\/posts\/5216\/revisions"}],"wp:featuredmedia":[{"embeddable":true,"href":"https:\/\/ledenonciateur224.com\/index.php\/wp-json\/wp\/v2\/media\/2476"}],"wp:attachment":[{"href":"https:\/\/ledenonciateur224.com\/index.php\/wp-json\/wp\/v2\/media?parent=5216"}],"wp:term":[{"taxonomy":"category","embeddable":true,"href":"https:\/\/ledenonciateur224.com\/index.php\/wp-json\/wp\/v2\/categories?post=5216"},{"taxonomy":"post_tag","embeddable":true,"href":"https:\/\/ledenonciateur224.com\/index.php\/wp-json\/wp\/v2\/tags?post=5216"}],"curies":[{"name":"wp","href":"https:\/\/api.w.org\/{rel}","templated":true}]}}