{"id":5236,"date":"2025-09-20T21:33:01","date_gmt":"2025-09-20T21:33:01","guid":{"rendered":"https:\/\/ledenonciateur224.com\/?p=5236"},"modified":"2025-09-20T21:33:01","modified_gmt":"2025-09-20T21:33:01","slug":"scrutin-referendaire-interdiction-de-circulation-de-6-heures-a-18-heures","status":"publish","type":"post","link":"https:\/\/ledenonciateur224.com\/index.php\/scrutin-referendaire-interdiction-de-circulation-de-6-heures-a-18-heures\/","title":{"rendered":"Scrutin r\u00e9f\u00e9rendaire : interdiction de circulation de 6 heures \u00e0 18 heures"},"content":{"rendered":"<p>&nbsp;<\/p>\n<p>La d\u00e9cision vient de tomber ! Le Ministre de l\u2019administration du territoire et de la d\u00e9centralisation a interdit la circulation durant le jour du vote, des\u00a0 v\u00e9hicule\u00a0 sur toutes l\u2019\u00e9tendue du territoire national. Est exempt\u00e9 de cette mesure, les v\u00e9hicules de d\u00e9fense, ambulances et de secours.<\/p>\n<p><img loading=\"lazy\" decoding=\"async\" class=\"alignnone size-full wp-image-5231\" src=\"https:\/\/ledenonciateur224.com\/wp-content\/uploads\/2025\/09\/img-3623-724x1024-1.jpeg\" alt=\"\" width=\"724\" height=\"1024\" srcset=\"https:\/\/ledenonciateur224.com\/wp-content\/uploads\/2025\/09\/img-3623-724x1024-1.jpeg 724w, https:\/\/ledenonciateur224.com\/wp-content\/uploads\/2025\/09\/img-3623-724x1024-1-212x300.jpeg 212w, https:\/\/ledenonciateur224.com\/wp-content\/uploads\/2025\/09\/img-3623-724x1024-1-150x212.jpeg 150w, https:\/\/ledenonciateur224.com\/wp-content\/uploads\/2025\/09\/img-3623-724x1024-1-300x424.jpeg 300w, https:\/\/ledenonciateur224.com\/wp-content\/uploads\/2025\/09\/img-3623-724x1024-1-696x984.jpeg 696w, https:\/\/ledenonciateur224.com\/wp-content\/uploads\/2025\/09\/img-3623-724x1024-1-297x420.jpeg 297w\" sizes=\"auto, (max-width: 724px) 100vw, 724px\" \/><\/p>\n<p><img loading=\"lazy\" decoding=\"async\" class=\"alignnone size-full wp-image-5232\" src=\"https:\/\/ledenonciateur224.com\/wp-content\/uploads\/2025\/09\/img-3624-724x1024-1.jpeg\" alt=\"\" width=\"724\" height=\"1024\" srcset=\"https:\/\/ledenonciateur224.com\/wp-content\/uploads\/2025\/09\/img-3624-724x1024-1.jpeg 724w, https:\/\/ledenonciateur224.com\/wp-content\/uploads\/2025\/09\/img-3624-724x1024-1-212x300.jpeg 212w, https:\/\/ledenonciateur224.com\/wp-content\/uploads\/2025\/09\/img-3624-724x1024-1-150x212.jpeg 150w, https:\/\/ledenonciateur224.com\/wp-content\/uploads\/2025\/09\/img-3624-724x1024-1-300x424.jpeg 300w, https:\/\/ledenonciateur224.com\/wp-content\/uploads\/2025\/09\/img-3624-724x1024-1-696x984.jpeg 696w, https:\/\/ledenonciateur224.com\/wp-content\/uploads\/2025\/09\/img-3624-724x1024-1-297x420.jpeg 297w\" sizes=\"auto, (max-width: 724px) 100vw, 724px\" \/><\/p>\n<p>&nbsp;<\/p>\n","protected":false},"excerpt":{"rendered":"<p>&nbsp; La d\u00e9cision vient de tomber ! Le Ministre de l\u2019administration du territoire et de la d\u00e9centralisation a interdit la circulation durant le jour du vote, des\u00a0 v\u00e9hicule\u00a0 sur toutes l\u2019\u00e9tendue du territoire national. Est exempt\u00e9 de cette mesure, les v\u00e9hicules de d\u00e9fense, ambulances et de secours. &nbsp;<\/p>\n","protected":false},"author":2,"featured_media":2796,"comment_status":"closed","ping_status":"closed","sticky":false,"template":"","format":"standard","meta":{"_jetpack_memberships_contains_paid_content":false,"footnotes":"","jetpack_publicize_message":"","jetpack_publicize_feature_enabled":true,"jetpack_social_post_already_shared":true,"jetpack_social_options":{"image_generator_settings":{"template":"highway","default_image_id":0,"font":"","enabled":false},"version":2}},"categories":[24,27],"tags":[1156],"class_list":{"0":"post-5236","1":"post","2":"type-post","3":"status-publish","4":"format-standard","5":"has-post-thumbnail","7":"category-news","8":"category-politique","9":"tag-referendaire"},"jetpack_publicize_connections":[],"jetpack_featured_media_url":"https:\/\/ledenonciateur224.com\/wp-content\/uploads\/2025\/05\/matd-1.jpg","jetpack_sharing_enabled":true,"_links":{"self":[{"href":"https:\/\/ledenonciateur224.com\/index.php\/wp-json\/wp\/v2\/posts\/5236","targetHints":{"allow":["GET"]}}],"collection":[{"href":"https:\/\/ledenonciateur224.com\/index.php\/wp-json\/wp\/v2\/posts"}],"about":[{"href":"https:\/\/ledenonciateur224.com\/index.php\/wp-json\/wp\/v2\/types\/post"}],"author":[{"embeddable":true,"href":"https:\/\/ledenonciateur224.com\/index.php\/wp-json\/wp\/v2\/users\/2"}],"replies":[{"embeddable":true,"href":"https:\/\/ledenonciateur224.com\/index.php\/wp-json\/wp\/v2\/comments?post=5236"}],"version-history":[{"count":0,"href":"https:\/\/ledenonciateur224.com\/index.php\/wp-json\/wp\/v2\/posts\/5236\/revisions"}],"wp:featuredmedia":[{"embeddable":true,"href":"https:\/\/ledenonciateur224.com\/index.php\/wp-json\/wp\/v2\/media\/2796"}],"wp:attachment":[{"href":"https:\/\/ledenonciateur224.com\/index.php\/wp-json\/wp\/v2\/media?parent=5236"}],"wp:term":[{"taxonomy":"category","embeddable":true,"href":"https:\/\/ledenonciateur224.com\/index.php\/wp-json\/wp\/v2\/categories?post=5236"},{"taxonomy":"post_tag","embeddable":true,"href":"https:\/\/ledenonciateur224.com\/index.php\/wp-json\/wp\/v2\/tags?post=5236"}],"curies":[{"name":"wp","href":"https:\/\/api.w.org\/{rel}","templated":true}]}}