{"id":524,"date":"2024-12-17T17:27:33","date_gmt":"2024-12-17T17:27:33","guid":{"rendered":"https:\/\/ledenonciateur224.com\/?p=524"},"modified":"2024-12-17T17:27:33","modified_gmt":"2024-12-17T17:27:33","slug":"demantelement-des-zones-criminogenes-a-nongo-plusieurs-arrestations-et-evacuations-des-activites-illegales","status":"publish","type":"post","link":"https:\/\/ledenonciateur224.com\/index.php\/demantelement-des-zones-criminogenes-a-nongo-plusieurs-arrestations-et-evacuations-des-activites-illegales\/","title":{"rendered":"D\u00e9mant\u00e8lement des zones criminog\u00e8nes \u00e0 Nongo : plusieurs arrestations et \u00e9vacuations des activit\u00e9s ill\u00e9gales"},"content":{"rendered":"<div dir=\"auto\">\n<div dir=\"auto\"><\/div>\n<\/div>\n<div dir=\"auto\"><\/div>\n<div dir=\"auto\">L\u2019op\u00e9ration de d\u00e9mant\u00e8lement des zones criminog\u00e8nes, lanc\u00e9e par le Procureur G\u00e9n\u00e9ral de la Cour d\u2019Appel de Conakry, a abouti \u00e0 l\u2019\u00e9vacuation r\u00e9ussie du quartier Nongo, situ\u00e9 pr\u00e8s du Stade G\u00e9n\u00e9ral Lansana Cont\u00e9, ce mardi 17 d\u00e9cembre 2024. Sous la supervision des autorit\u00e9s, dont le Procureur Fallou Doumbouya, les forces de l\u2019ordre ont interpell\u00e9 plusieurs individus, dont des Guin\u00e9ens et des Sierra-L\u00e9onais, impliqu\u00e9s dans des activit\u00e9s ill\u00e9gales, notamment le trafic de drogue et les attaques arm\u00e9es.<\/div>\n<div dir=\"auto\"><\/div>\n<div dir=\"auto\"><img loading=\"lazy\" decoding=\"async\" class=\"alignnone size-medium wp-image-526\" src=\"https:\/\/ledenonciateur224.com\/wp-content\/uploads\/2024\/12\/img-20241217-wa0135-300x180.jpg\" alt=\"\" width=\"300\" height=\"180\" srcset=\"https:\/\/ledenonciateur224.com\/wp-content\/uploads\/2024\/12\/img-20241217-wa0135-300x180.jpg 300w, https:\/\/ledenonciateur224.com\/wp-content\/uploads\/2024\/12\/img-20241217-wa0135-768x461.jpg 768w, https:\/\/ledenonciateur224.com\/wp-content\/uploads\/2024\/12\/img-20241217-wa0135-150x90.jpg 150w, https:\/\/ledenonciateur224.com\/wp-content\/uploads\/2024\/12\/img-20241217-wa0135-696x418.jpg 696w, https:\/\/ledenonciateur224.com\/wp-content\/uploads\/2024\/12\/img-20241217-wa0135-700x420.jpg 700w, https:\/\/ledenonciateur224.com\/wp-content\/uploads\/2024\/12\/img-20241217-wa0135.jpg 855w\" sizes=\"auto, (max-width: 300px) 100vw, 300px\" \/><\/div>\n<div dir=\"auto\"><\/div>\n<div dir=\"auto\">Le Procureur a expliqu\u00e9 que l\u2019op\u00e9ration faisait suite \u00e0 une alerte de renseignement sur une attaque \u00e0 main arm\u00e9e survenue dans cette zone la veille. \u00ab J\u2019ai donn\u00e9 des instructions fermes aux forces de s\u00e9curit\u00e9 pour d\u00e9manteler cette zone criminog\u00e8ne \u00bb, a pr\u00e9cis\u00e9 Fallou Doumbouya, soulignant que 95% des habitants \u00e9taient des Guin\u00e9ens. Certains ont d\u00e9j\u00e0 \u00e9t\u00e9 interpell\u00e9s, et les proc\u00e9dures judiciaires sont en cours. L\u2019op\u00e9ration a \u00e9t\u00e9 men\u00e9e en collaboration avec le substitut du procureur et le directeur des enqu\u00eates pour \u00e9viter toute violation des droits humains.<\/div>\n<div dir=\"auto\"><\/div>\n<div dir=\"auto\">Le Procureur a \u00e9galement annonc\u00e9 que l\u2019op\u00e9ration s\u2019\u00e9tendrait \u00e0 d\u2019autres r\u00e9gions, telles que Kindia, Bok\u00e9, Mamou et Lab\u00e9, o\u00f9 la consommation de drogue est fr\u00e9quente, parfois en pleine rue. \u00ab Cette op\u00e9ration n\u2019est pas contre les Sierra-L\u00e9onais, mais contre toutes les personnes vivant dans ces zones criminog\u00e8nes. Ceux qui respectent la loi, qu&rsquo;ils soient Guin\u00e9ens ou \u00e9trangers, ne seront pas touch\u00e9s \u00bb, a-t-il ajout\u00e9.<\/div>\n<div dir=\"auto\"><\/div>\n<div dir=\"auto\">Enfin, Fafa Bira Man\u00e9, pr\u00e9sident de la d\u00e9l\u00e9gation sp\u00e9ciale de Lambanyi, a promis une surveillance accrue des zones d\u00e9grad\u00e9es. Il a assur\u00e9 que les autorit\u00e9s locales veilleraient \u00e0 ce que les chefs de secteur et de carr\u00e9 remplissent leurs fonctions de mani\u00e8re rigoureuse, sous peine de sanctions. Cette op\u00e9ration s\u2019inscrit dans un effort plus large pour restaurer l\u2019ordre et la s\u00e9curit\u00e9 dans le pays.<\/div>\n<div dir=\"auto\"><\/div>\n<div dir=\"auto\"><\/div>\n<div dir=\"auto\"><\/div>\n<div dir=\"auto\">N&rsquo;sira\u00a0 Sylla<\/div>\n","protected":false},"excerpt":{"rendered":"<p>L\u2019op\u00e9ration de d\u00e9mant\u00e8lement des zones criminog\u00e8nes, lanc\u00e9e par le Procureur G\u00e9n\u00e9ral de la Cour d\u2019Appel de Conakry, a abouti \u00e0 l\u2019\u00e9vacuation r\u00e9ussie du quartier Nongo, situ\u00e9 pr\u00e8s du Stade G\u00e9n\u00e9ral Lansana Cont\u00e9, ce mardi 17 d\u00e9cembre 2024. Sous la supervision des autorit\u00e9s, dont le Procureur Fallou Doumbouya, les forces de l\u2019ordre ont interpell\u00e9 plusieurs individus, [&hellip;]<\/p>\n","protected":false},"author":2,"featured_media":525,"comment_status":"open","ping_status":"open","sticky":false,"template":"","format":"standard","meta":{"_jetpack_memberships_contains_paid_content":false,"footnotes":"","jetpack_publicize_message":"","jetpack_publicize_feature_enabled":true,"jetpack_social_post_already_shared":false,"jetpack_social_options":{"image_generator_settings":{"template":"highway","default_image_id":0,"font":"","enabled":false},"version":2}},"categories":[30,24],"tags":[36,107,35,106],"class_list":{"0":"post-524","1":"post","2":"type-post","3":"status-publish","4":"format-standard","5":"has-post-thumbnail","7":"category-faits-divers","8":"category-news","9":"tag-conakry","10":"tag-criminogene","11":"tag-guinee","12":"tag-lutte-contre-la-drogue"},"jetpack_publicize_connections":[],"jetpack_featured_media_url":"https:\/\/ledenonciateur224.com\/wp-content\/uploads\/2024\/12\/img-20241217-wa0139.jpg","jetpack_sharing_enabled":true,"_links":{"self":[{"href":"https:\/\/ledenonciateur224.com\/index.php\/wp-json\/wp\/v2\/posts\/524","targetHints":{"allow":["GET"]}}],"collection":[{"href":"https:\/\/ledenonciateur224.com\/index.php\/wp-json\/wp\/v2\/posts"}],"about":[{"href":"https:\/\/ledenonciateur224.com\/index.php\/wp-json\/wp\/v2\/types\/post"}],"author":[{"embeddable":true,"href":"https:\/\/ledenonciateur224.com\/index.php\/wp-json\/wp\/v2\/users\/2"}],"replies":[{"embeddable":true,"href":"https:\/\/ledenonciateur224.com\/index.php\/wp-json\/wp\/v2\/comments?post=524"}],"version-history":[{"count":0,"href":"https:\/\/ledenonciateur224.com\/index.php\/wp-json\/wp\/v2\/posts\/524\/revisions"}],"wp:featuredmedia":[{"embeddable":true,"href":"https:\/\/ledenonciateur224.com\/index.php\/wp-json\/wp\/v2\/media\/525"}],"wp:attachment":[{"href":"https:\/\/ledenonciateur224.com\/index.php\/wp-json\/wp\/v2\/media?parent=524"}],"wp:term":[{"taxonomy":"category","embeddable":true,"href":"https:\/\/ledenonciateur224.com\/index.php\/wp-json\/wp\/v2\/categories?post=524"},{"taxonomy":"post_tag","embeddable":true,"href":"https:\/\/ledenonciateur224.com\/index.php\/wp-json\/wp\/v2\/tags?post=524"}],"curies":[{"name":"wp","href":"https:\/\/api.w.org\/{rel}","templated":true}]}}